{"id":33834,"date":"2019-09-27T11:14:01","date_gmt":"2019-09-27T09:14:01","guid":{"rendered":"http:\/\/miradordeatarfe.es\/?p=33834"},"modified":"2019-09-27T13:09:53","modified_gmt":"2019-09-27T11:09:53","slug":"atarfe-el-dia-28-de-septiembre-romeria","status":"publish","type":"post","link":"https:\/\/miradordeatarfe.es\/?p=33834","title":{"rendered":"ATARFE: LA ROMERIA ESTE A\u00d1O SER\u00c1 MA\u00d1ANA DIA 28 DE SEPTIEMBRE"},"content":{"rendered":"\n<h4 class=\"wp-block-heading\">Atarfe celebrar\u00e1 su fiesta de la romer\u00eda el<strong> 28 de septiembre<\/strong> en el parque del ferial CON EL PROGRAMA QUE OS EXPONEMOS Y LAS NORMAS DE USO DE LAS BARBACOAS<\/h4>\n\n\n\n<p>Atarfe se prepara para celebrar su romeria de septiembre con un  programa de actividades que incluye exhibici\u00f3n ecuestre, GRAN PAELLA, carrera de  cintas,  pases de moda flamenca, grupos de baile  flamenco, actividades para ni\u00f1os y ACTUACION DEL GRUPO AZALEA<\/p>\n\n\n\n<p>El punto de encuentro ser\u00e1 a las 11:30 horas en la Plaza DE SANTA ANA desde donde estar\u00e1n  las carrozas y caballistas en la  ermita de Santa Ana. Se pretende pasar un d\u00eda de convivencia y hermandad  en familia, con actuaciones musicales, juegos infantiles y verbena.<\/p>\n\n\n\n<figure class=\"wp-block-image\"><img data-recalc-dims=\"1\" loading=\"lazy\" decoding=\"async\" width=\"640\" height=\"927\" src=\"https:\/\/i0.wp.com\/miradordeatarfe.es\/wp-content\/uploads\/2019\/09\/70739991_2546783922052129_4301432012054462464_n.jpg?resize=640%2C927&#038;ssl=1\" alt=\"\" class=\"wp-image-33835\" srcset=\"https:\/\/i0.wp.com\/miradordeatarfe.es\/wp-content\/uploads\/2019\/09\/70739991_2546783922052129_4301432012054462464_n.jpg?w=663&amp;ssl=1 663w, https:\/\/i0.wp.com\/miradordeatarfe.es\/wp-content\/uploads\/2019\/09\/70739991_2546783922052129_4301432012054462464_n.jpg?resize=207%2C300&amp;ssl=1 207w, https:\/\/i0.wp.com\/miradordeatarfe.es\/wp-content\/uploads\/2019\/09\/70739991_2546783922052129_4301432012054462464_n.jpg?resize=600%2C869&amp;ssl=1 600w\" sizes=\"auto, (max-width: 640px) 100vw, 640px\" \/><\/figure>\n\n\n\n<figure class=\"wp-block-image\"><img data-recalc-dims=\"1\" loading=\"lazy\" decoding=\"async\" width=\"640\" height=\"905\" src=\"https:\/\/i0.wp.com\/miradordeatarfe.es\/wp-content\/uploads\/2019\/09\/IMG-20190927-WA0003.jpg?resize=640%2C905&#038;ssl=1\" alt=\"\" class=\"wp-image-34095\" srcset=\"https:\/\/i0.wp.com\/miradordeatarfe.es\/wp-content\/uploads\/2019\/09\/IMG-20190927-WA0003.jpg?resize=724%2C1024&amp;ssl=1 724w, https:\/\/i0.wp.com\/miradordeatarfe.es\/wp-content\/uploads\/2019\/09\/IMG-20190927-WA0003.jpg?resize=212%2C300&amp;ssl=1 212w, https:\/\/i0.wp.com\/miradordeatarfe.es\/wp-content\/uploads\/2019\/09\/IMG-20190927-WA0003.jpg?resize=768%2C1086&amp;ssl=1 768w, https:\/\/i0.wp.com\/miradordeatarfe.es\/wp-content\/uploads\/2019\/09\/IMG-20190927-WA0003.jpg?resize=600%2C849&amp;ssl=1 600w, https:\/\/i0.wp.com\/miradordeatarfe.es\/wp-content\/uploads\/2019\/09\/IMG-20190927-WA0003.jpg?w=1131&amp;ssl=1 1131w\" sizes=\"auto, (max-width: 640px) 100vw, 640px\" \/><\/figure>\n\n\n\n<figure class=\"wp-block-image\"><img data-recalc-dims=\"1\" loading=\"lazy\" decoding=\"async\" width=\"640\" height=\"905\" src=\"https:\/\/i0.wp.com\/miradordeatarfe.es\/wp-content\/uploads\/2019\/09\/IMG-20190927-WA0002.jpg?resize=640%2C905&#038;ssl=1\" alt=\"\" class=\"wp-image-34096\" srcset=\"https:\/\/i0.wp.com\/miradordeatarfe.es\/wp-content\/uploads\/2019\/09\/IMG-20190927-WA0002.jpg?resize=724%2C1024&amp;ssl=1 724w, https:\/\/i0.wp.com\/miradordeatarfe.es\/wp-content\/uploads\/2019\/09\/IMG-20190927-WA0002.jpg?resize=212%2C300&amp;ssl=1 212w, https:\/\/i0.wp.com\/miradordeatarfe.es\/wp-content\/uploads\/2019\/09\/IMG-20190927-WA0002.jpg?resize=768%2C1086&amp;ssl=1 768w, https:\/\/i0.wp.com\/miradordeatarfe.es\/wp-content\/uploads\/2019\/09\/IMG-20190927-WA0002.jpg?resize=600%2C849&amp;ssl=1 600w, https:\/\/i0.wp.com\/miradordeatarfe.es\/wp-content\/uploads\/2019\/09\/IMG-20190927-WA0002.jpg?w=1131&amp;ssl=1 1131w\" sizes=\"auto, (max-width: 640px) 100vw, 640px\" \/><\/figure>\n","protected":false},"excerpt":{"rendered":"<p>Atarfe celebrar\u00e1 su fiesta de la romer\u00eda el 28 de septiembre en el parque del&#8230;<\/p>\n","protected":false},"author":1,"featured_media":34098,"comment_status":"closed","ping_status":"closed","sticky":false,"template":"","format":"standard","meta":{"_coblocks_attr":"","_coblocks_dimensions":"","_coblocks_responsive_height":"","_coblocks_accordion_ie_support":"","jetpack_post_was_ever_published":false,"_jetpack_newsletter_access":"","_jetpack_dont_email_post_to_subs":false,"_jetpack_newsletter_tier_id":0,"_jetpack_memberships_contains_paywalled_content":false,"_jetpack_memberships_contains_paid_content":false,"footnotes":"","jetpack_publicize_message":"","jetpack_publicize_feature_enabled":true,"jetpack_social_post_already_shared":false,"jetpack_social_options":{"image_generator_settings":{"template":"highway","default_image_id":0,"enabled":false},"version":2}},"categories":[2,1161,9,44,15],"tags":[81,4156,1188],"class_list":["post-33834","post","type-post","status-publish","format-standard","has-post-thumbnail","hentry","category-atarfe","category-ciudadania","category-medio-ambiente","category-noticias-de-hoy","category-ultimas-noticias","tag-atarfe","tag-romeria","tag-septiembre"],"jetpack_publicize_connections":[],"jetpack_featured_media_url":"https:\/\/i0.wp.com\/miradordeatarfe.es\/wp-content\/uploads\/2019\/09\/IMG-20190927-WA00032.jpg?fit=558%2C255&ssl=1","jetpack_likes_enabled":true,"jetpack_sharing_enabled":true,"_links":{"self":[{"href":"https:\/\/miradordeatarfe.es\/index.php?rest_route=\/wp\/v2\/posts\/33834","targetHints":{"allow":["GET"]}}],"collection":[{"href":"https:\/\/miradordeatarfe.es\/index.php?rest_route=\/wp\/v2\/posts"}],"about":[{"href":"https:\/\/miradordeatarfe.es\/index.php?rest_route=\/wp\/v2\/types\/post"}],"author":[{"embeddable":true,"href":"https:\/\/miradordeatarfe.es\/index.php?rest_route=\/wp\/v2\/users\/1"}],"replies":[{"embeddable":true,"href":"https:\/\/miradordeatarfe.es\/index.php?rest_route=%2Fwp%2Fv2%2Fcomments&post=33834"}],"version-history":[{"count":5,"href":"https:\/\/miradordeatarfe.es\/index.php?rest_route=\/wp\/v2\/posts\/33834\/revisions"}],"predecessor-version":[{"id":34099,"href":"https:\/\/miradordeatarfe.es\/index.php?rest_route=\/wp\/v2\/posts\/33834\/revisions\/34099"}],"wp:featuredmedia":[{"embeddable":true,"href":"https:\/\/miradordeatarfe.es\/index.php?rest_route=\/wp\/v2\/media\/34098"}],"wp:attachment":[{"href":"https:\/\/miradordeatarfe.es\/index.php?rest_route=%2Fwp%2Fv2%2Fmedia&parent=33834"}],"wp:term":[{"taxonomy":"category","embeddable":true,"href":"https:\/\/miradordeatarfe.es\/index.php?rest_route=%2Fwp%2Fv2%2Fcategories&post=33834"},{"taxonomy":"post_tag","embeddable":true,"href":"https:\/\/miradordeatarfe.es\/index.php?rest_route=%2Fwp%2Fv2%2Ftags&post=33834"}],"curies":[{"name":"wp","href":"https:\/\/api.w.org\/{rel}","templated":true}]}}