{"id":33933,"date":"2019-09-23T08:27:21","date_gmt":"2019-09-23T06:27:21","guid":{"rendered":"http:\/\/miradordeatarfe.es\/?p=33933"},"modified":"2019-09-18T18:31:02","modified_gmt":"2019-09-18T16:31:02","slug":"la-ugr-descubre-que-15-000-espanoles-pueden-sufrir-una-rara-enfermedad-osea-y-no-saberlo","status":"publish","type":"post","link":"https:\/\/miradordeatarfe.es\/?p=33933","title":{"rendered":"La UGR descubre que 15.000 espa\u00f1oles pueden sufrir una rara enfermedad \u00f3sea y no saberlo"},"content":{"rendered":"\n<h4 class=\"wp-block-heading\">Un\n grupo de investigadores ha puesto en marcha un protocolo para la \ndetecci\u00f3n eficaz de la hipofosfatasia, que suele confundirse con otras \ndolencias<\/h4>\n\n\n\n<p><ins><a href=\"https:\/\/granadadigitaladserver.granadadigital.es\/www\/delivery\/ck.php?oaparams=2__bannerid=596__zoneid=34__cb=b5c566b7ff__oadest=http%3A%2F%2Fwww.transportesrober.com%2F\" target=\"_blank\" rel=\"noreferrer noopener\"><\/a><\/ins><\/p>\n\n\n\n<p>Cerca\n de 15.000 espa\u00f1oles podr\u00edan padecer hipofosfatasia y no saberlo, seg\u00fan \nun grupo de investigadores que ha puesto en marcha un protocolo para su \ndetecci\u00f3n eficaz y han descubierto dos nuevas mutaciones gen\u00e9ticas \nasociadas a esta rara enfermedad \u00f3sea, que e suele confundir con otras \ndolencias.<ins><a href=\"https:\/\/granadadigitaladserver.granadadigital.es\/www\/delivery\/ck.php?oaparams=2__bannerid=539__zoneid=57__cb=22d83ff935__oadest=http%3A%2F%2Fwww.parqueciencias.com%2Fparqueciencias%2F\" target=\"_blank\" rel=\"noreferrer noopener\"><\/a><\/ins><\/p>\n\n\n\n<p>La\n hipofosfatasia es una enfermedad gen\u00e9tica rara, grave y potencialmente \nmortal causada por una o varias mutaciones en el gen codificante para la\n fosfatasa alcalina y a menudo se confunde su diagn\u00f3stico.<ins><a href=\"https:\/\/granadadigitaladserver.granadadigital.es\/www\/delivery\/ck.php?oaparams=2__bannerid=534__zoneid=81__cb=4c51ed55c5__oadest=http%3A%2F%2Fclinicabenavides.com%2F\" target=\"_blank\" rel=\"noreferrer noopener\"><\/a><\/ins><\/p>\n\n\n\n<p>En\n adultos conlleva una p\u00e9rdida de mineralizaci\u00f3n que da lugar a fracturas\n recurrentes, fracturas femorales, antecedentes de raquitismo y dolor \nmusculoesquel\u00e9tico, adem\u00e1s de afecciones dentales. En el caso de los \nni\u00f1os es mucho m\u00e1s grave, provocando incluso la muerte prematura a los \npocos d\u00edas de vida, da\u00f1os cerebrales y problemas respiratorios, seg\u00fan \ndetallan desde la Universidad de Granada (UGR).<ins><a href=\"https:\/\/granadadigitaladserver.granadadigital.es\/www\/delivery\/ck.php?oaparams=2__bannerid=585__zoneid=19__cb=8817ac6fae__oadest=https%3A%2F%2Fkinepolis.es%2Fnoticias%2Flos-miercoles-sigue-disfrutando-del-mejor-cine-un-precio-muy-especial%3Futm_source%3Drevistauala%26utm_medium%3Dweb%26utm_content%3Dbanner%26utm_campaign%3Dmiercolesalcine\" target=\"_blank\" rel=\"noreferrer noopener\"><\/a><\/ins><\/p>\n\n\n\n<p>Con\n el fin de avanzar en su evaluaci\u00f3n cl\u00ednica correcta, investigadores del\n Ciber de Fragilidad y Envejecimiento Saludable (Ciberfes) del grupo de \nManuel Mu\u00f1oz Torres en el Instituto de Investigaci\u00f3n Biosanitaria de \nGranada han implementado un protocolo \u00fatil para evaluar la proporci\u00f3n \nactual de pacientes afectados con esta enfermedad y han validado el \nfenotipo asociado a dos nuevas mutaciones identificadas, mediante \nestudios bioinform\u00e1ticos y ensayos in vitro a nivel celular.<ins><\/ins><\/p>\n\n\n\n<p>Seg\u00fan\n concluyen, casi la mitad de los pacientes no est\u00e1n correctamente \ndiagnosticados y, extrapolando los datos a la poblaci\u00f3n espa\u00f1ola, \npodr\u00edan existir hasta 15.000 casos potenciales actualmente no \ndetectados.<ins><\/ins><\/p>\n\n\n\n<p>Las\n investigadoras Cristina y Beatriz Garc\u00eda Fontana afirman que este \nestudio \u00abevidencia que es fundamental establecer una evaluaci\u00f3n cl\u00ednica \ncorrecta para realizar un diagn\u00f3stico adecuado de este trastorno y \nproporcionar un tratamiento correcto a los pacientes afectados\u00bb.<\/p>\n\n\n\n<p>Debido  a su baja prevalencia, este trastorno metab\u00f3lico suele estar  infradiagnosticado y se suele confundir con alteraciones \u00f3seas m\u00e1s  frecuentes como la osteoporosis, dando lugar a tratamientos err\u00f3neos que  podr\u00edan empeorar el pron\u00f3stico.<\/p>\n\n\n\n<p><a href=\"https:\/\/www.granadadigital.es\/la-ugr-descubre-que-15-000-espanoles-pueden-sufrir-una-rara-enfermedad-osea-y-no-saberlo\/\">https:\/\/www.granadadigital.es\/la-ugr-descubre-que-15-000-espanoles-pueden-sufrir-una-rara-enfermedad-osea-y-no-saberlo\/<\/a><\/p>\n\n\n\n<p>foto:  La hipofostafasia es una enfermedad gen\u00e9tica grave y potencialmente mortal | Foto: Europa Press <\/p>\n","protected":false},"excerpt":{"rendered":"<p>Un grupo de investigadores ha puesto en marcha un protocolo para la detecci\u00f3n eficaz de&#8230;<\/p>\n","protected":false},"author":1,"featured_media":33934,"comment_status":"closed","ping_status":"closed","sticky":false,"template":"","format":"standard","meta":{"_coblocks_attr":"","_coblocks_dimensions":"","_coblocks_responsive_height":"","_coblocks_accordion_ie_support":"","jetpack_post_was_ever_published":false,"_jetpack_newsletter_access":"","_jetpack_dont_email_post_to_subs":false,"_jetpack_newsletter_tier_id":0,"_jetpack_memberships_contains_paywalled_content":false,"_jetpack_memberships_contains_paid_content":false,"footnotes":"","jetpack_publicize_message":"","jetpack_publicize_feature_enabled":true,"jetpack_social_post_already_shared":false,"jetpack_social_options":{"image_generator_settings":{"template":"highway","default_image_id":0,"enabled":false},"version":2}},"categories":[186,9,44,15,10],"tags":[792,543,2213],"class_list":["post-33933","post","type-post","status-publish","format-standard","has-post-thumbnail","hentry","category-instituciones","category-medio-ambiente","category-noticias-de-hoy","category-ultimas-noticias","category-salud","tag-enfermos","tag-huesos","tag-ugr"],"jetpack_publicize_connections":[],"jetpack_featured_media_url":"https:\/\/i0.wp.com\/miradordeatarfe.es\/wp-content\/uploads\/2019\/09\/EuropaPress_2375807_Radiograf%C3%ADa_de_mano-e1568799773409-1010x785.jpg?fit=1010%2C785&ssl=1","jetpack_likes_enabled":true,"jetpack_sharing_enabled":true,"_links":{"self":[{"href":"https:\/\/miradordeatarfe.es\/index.php?rest_route=\/wp\/v2\/posts\/33933","targetHints":{"allow":["GET"]}}],"collection":[{"href":"https:\/\/miradordeatarfe.es\/index.php?rest_route=\/wp\/v2\/posts"}],"about":[{"href":"https:\/\/miradordeatarfe.es\/index.php?rest_route=\/wp\/v2\/types\/post"}],"author":[{"embeddable":true,"href":"https:\/\/miradordeatarfe.es\/index.php?rest_route=\/wp\/v2\/users\/1"}],"replies":[{"embeddable":true,"href":"https:\/\/miradordeatarfe.es\/index.php?rest_route=%2Fwp%2Fv2%2Fcomments&post=33933"}],"version-history":[{"count":1,"href":"https:\/\/miradordeatarfe.es\/index.php?rest_route=\/wp\/v2\/posts\/33933\/revisions"}],"predecessor-version":[{"id":33935,"href":"https:\/\/miradordeatarfe.es\/index.php?rest_route=\/wp\/v2\/posts\/33933\/revisions\/33935"}],"wp:featuredmedia":[{"embeddable":true,"href":"https:\/\/miradordeatarfe.es\/index.php?rest_route=\/wp\/v2\/media\/33934"}],"wp:attachment":[{"href":"https:\/\/miradordeatarfe.es\/index.php?rest_route=%2Fwp%2Fv2%2Fmedia&parent=33933"}],"wp:term":[{"taxonomy":"category","embeddable":true,"href":"https:\/\/miradordeatarfe.es\/index.php?rest_route=%2Fwp%2Fv2%2Fcategories&post=33933"},{"taxonomy":"post_tag","embeddable":true,"href":"https:\/\/miradordeatarfe.es\/index.php?rest_route=%2Fwp%2Fv2%2Ftags&post=33933"}],"curies":[{"name":"wp","href":"https:\/\/api.w.org\/{rel}","templated":true}]}}