{"id":33965,"date":"2019-09-22T11:40:00","date_gmt":"2019-09-22T09:40:00","guid":{"rendered":"http:\/\/miradordeatarfe.es\/?p=33965"},"modified":"2020-06-26T13:23:52","modified_gmt":"2020-06-26T11:23:52","slug":"ya-por-juan-alfredo-bellon","status":"publish","type":"post","link":"https:\/\/miradordeatarfe.es\/?p=33965","title":{"rendered":"\u00abYA\u00bb  por JUAN ALFREDO BELL\u00d3N"},"content":{"rendered":"\n<p><em><strong>YA<\/strong><\/em>  <strong>por JUAN ALFREDO BELL\u00d3N<\/strong>  <strong>para  EL MIRADOR DE ATARFE<\/strong> \n<strong>del domingo 22-09-2019<\/strong><\/p>\n\n\n\n<p> Ya, de repente, aunque sin conocer lo inminente e insospechado del evento.<\/p>\n\n\n\n<p> Ya; cumpliendo con todas las expectativas y protocolos de la normalidad exigidos para la disoluci\u00f3n de lo disoluble y la convocatoria de lo convocable y perfectiblemente convocado . <\/p>\n\n\n\n<p>Ya; adapt\u00e1ndonos a lo adaptado, ci\u00f1\u00e9ndonos a lo previsto  y acord\u00e1ndonos a lo acordado. <\/p>\n\n\n\n<p>Ya; ya est\u00e1n aqu\u00ed, <em>a la llamada del amor, ya se est\u00e1 muriendo&#8230;<\/em> el todav\u00eda actual tramo de la presente Legislatura de nuestras Cortes Generales que Dios todav\u00eda guarde durante el paso fugac\u00edsimo del  tiempo<em> (todo cambia y huye) <\/em>que, no obstante, permanece inerte como la c\u00f3lera misma de los dioses.<\/p>\n\n\n\n<p>\n\tYa hemos acabado, sin saber c\u00f3mo,\nvi\u00e9ndonos abocados a la disoluci\u00f3n de lo disoluble y a la acalorada\ndiscusi\u00f3n sobre qui\u00e9n y en qu\u00e9 medida tiene la culpa del fracaso.\nEl caso es que la disoluci\u00f3n ha venido, aunque nadie sepa c\u00f3mo ha\nsido, y que ma\u00f1ana los diputados y senadores nacionales tendr\u00e1n la\ncondici\u00f3n de dimisionarios o dimitidos. Mientras, nos hemos pasado\nel intermedio discutiendo sobre si son galgos o podencos y si Pedro\nS\u00e1nchez es culpable o no de los pecados de nuestra fragil\u00edsima \ndemocracia, siendo como es que nosotros (todos los dem\u00e1s) somos\nabsolutamente inocentes, por la gloria de nuestra amant\u00edsima madre,\nque nos pari\u00f3 con la misma limpieza y santidad con que lo hizo Mar\u00eda\ncon su Hijo sacrosanto Jes\u00fas, loado sea \u00c9l, y tan  santo como su\nPadre y su Esp\u00edritu. Am\u00e9n.<\/p>\n\n\n\n<p>\n\tPero una cosa es eso y otra bien\ndistinta que este pa\u00eds nuestro no tiene arreglo, como dec\u00eda\nFrasquito, quien, por cierto (EL PA\u00cdS, viernes pasado, \u00faltima p\u00e1g.)\nespera nueva sepultura y que siempre acabemos metiendo la pata, como\nlos gitanos, que si no la hacen a la entrada, la hacen a la salida;\nque con esto enlaza lo que ha pasado en Otura, donde han elegido\nReina de estas Fiestas a una menor de edad de la raza cal\u00e9 y digo\nyo, como el periodista, con perd\u00f3n de Vox \u00bfEs que de entre los\ncristianos de Otura no tienen vista para elegir una Reina de sus\nFiestas m\u00e1s guapa y m\u00e1s lucida que una <em>morilla\n<\/em>menor de edad? \u00a1Habr\u00e1se\nvisto y habr\u00e1 que verlo!<\/p>\n\n\n\n<p>\n\tY luego, va la t\u00eda, digo<em>\nla mora<\/em> va y se deprime\nporque les dice a sus padres que le ponen pegas los <em>nacionales,\n<\/em>que son los que est\u00e1n\nen su casa <em>sin meterse\ncon nadie y m\u00e1s tranquilicos que t\u00f3. O sea, que n\u00e1. Y encima\ntienen ellos que achantarse y trag\u00e1rselas como pu\u00f1os. Esto no hay\nqui\u00e9n lo aguante (<\/em>debe\ndecir Vox)<em>. Por eso, digo\nyo que esto de las elecciones debe ser un <\/em>engorro\npero que, ya que las han convocado, vamos a por ellas, que aunque a\nnosotros no nos va ni nos viene eso de las urnas, no podemos\ndesperdiciar lo y, de camino, ponerle coto por todas partes a\nnuestros enemigos en espera de tiempos m\u00e1s felices, que tienen que\nllegar.   \n<\/p>\n\n\n\n<p>Y si eso lo piensan los de Vox, fig\u00farense lo que pensar\u00e1n los dem\u00e1s, convertidos todos, como alguien ha dicho, en aprendices de brujo. Los <em>peperos, <\/em>so\u00f1ando  que de esta pueden ganar o perder pero subiendo porcentaje y sustanciando sus cuentas con la justicia y <em> pajaricos con la madre; los de <\/em>Ciudadanos, tan ciegos como ilusos, pensando en que, con su radicalidad y ambig\u00fcedad camale\u00f3nicas, ganan en todos los escenarios; los independentistas-nacionalistas, creen que pactando y negociando podr\u00e1n mantener sus privilegios y aumentar sus expectativas: y los de Vox so\u00f1ando con que Santiago  <em>Matamoros venga y<\/em> cierre Espa\u00f1a y, descont\u00e1ndome yo de mis cuentas con el fisco en proporci\u00f3n con la longitud de mis apellidos, ancha es Castilla, Espinosa de los Monteros; en tanto que Errej\u00f3n, unido o no a Carmena, piensa  no tener nada que perder. <\/p>\n\n\n\n<p>Y quien se llama solo Pedro S\u00e1nchez, sin m\u00e1s perifollos de alcurnia, feliz y contento con recordar lo que estudi\u00f3 en la asignatura de Ciencia Pol\u00edtica en la Facultad, de modo que <em>a quien Dios me las d\u00e9, san Pedro me las bendiga y de estas salgo cum laudem y con cuadro de honor y.<\/em> para como estaba\u2026, <em>Madrid bien vale ya una misa<\/em> y hagan juego, se\u00f1oras y se\u00f1ores, a ver qui\u00e9n sale mejor de estas.<\/p>\n\n\n\n<p>\tY\na ver tambi\u00e9n qui\u00e9n mejora estas expectativas y recibe m\u00e1s\napostando menos: -Oigan, <em>\u00e9sta\nes la rifa de los huevos del Califa y la t\u00f3mbola de El Cubo, que\npremia y regala; a quien no le toque un pito, le toca un caramelito \ny  ganan todos y todas\u2026 Hagan juego, se\u00f1oras y se\u00f1ores que, en\nesta ocasi\u00f3n, los resultados se conocer\u00e1n en una semana, a partir\ndel 10 de noviembre.<\/em><\/p>\n","protected":false},"excerpt":{"rendered":"<p>YA por JUAN ALFREDO BELL\u00d3N para EL MIRADOR DE ATARFE del domingo 22-09-2019 Ya, de&#8230;<\/p>\n","protected":false},"author":1,"featured_media":33966,"comment_status":"closed","ping_status":"closed","sticky":false,"template":"","format":"standard","meta":{"_coblocks_attr":"","_coblocks_dimensions":"","_coblocks_responsive_height":"","_coblocks_accordion_ie_support":"","jetpack_post_was_ever_published":false,"_jetpack_newsletter_access":"","_jetpack_dont_email_post_to_subs":false,"_jetpack_newsletter_tier_id":0,"_jetpack_memberships_contains_paywalled_content":false,"_jetpack_memberships_contains_paid_content":false,"footnotes":"","jetpack_publicize_message":"","jetpack_publicize_feature_enabled":true,"jetpack_social_post_already_shared":false,"jetpack_social_options":{"image_generator_settings":{"template":"highway","default_image_id":0,"enabled":false},"version":2}},"categories":[1161,186,36,44,15],"tags":[725,42],"class_list":["post-33965","post","type-post","status-publish","format-standard","has-post-thumbnail","hentry","category-ciudadania","category-instituciones","category-opinion-de-juan-alfredo-bellon","category-noticias-de-hoy","category-ultimas-noticias","tag-espana","tag-politica"],"jetpack_publicize_connections":[],"jetpack_featured_media_url":"https:\/\/i0.wp.com\/miradordeatarfe.es\/wp-content\/uploads\/2019\/09\/img_ajimenez_20190428-190729_imagenes_lv_propias_ajimenez_ambiente22-k0XE-U47438573424eXD-992x558%40LaVanguardia-Web.jpg?fit=991%2C558&ssl=1","jetpack_likes_enabled":true,"jetpack_sharing_enabled":true,"_links":{"self":[{"href":"https:\/\/miradordeatarfe.es\/index.php?rest_route=\/wp\/v2\/posts\/33965","targetHints":{"allow":["GET"]}}],"collection":[{"href":"https:\/\/miradordeatarfe.es\/index.php?rest_route=\/wp\/v2\/posts"}],"about":[{"href":"https:\/\/miradordeatarfe.es\/index.php?rest_route=\/wp\/v2\/types\/post"}],"author":[{"embeddable":true,"href":"https:\/\/miradordeatarfe.es\/index.php?rest_route=\/wp\/v2\/users\/1"}],"replies":[{"embeddable":true,"href":"https:\/\/miradordeatarfe.es\/index.php?rest_route=%2Fwp%2Fv2%2Fcomments&post=33965"}],"version-history":[{"count":1,"href":"https:\/\/miradordeatarfe.es\/index.php?rest_route=\/wp\/v2\/posts\/33965\/revisions"}],"predecessor-version":[{"id":33967,"href":"https:\/\/miradordeatarfe.es\/index.php?rest_route=\/wp\/v2\/posts\/33965\/revisions\/33967"}],"wp:featuredmedia":[{"embeddable":true,"href":"https:\/\/miradordeatarfe.es\/index.php?rest_route=\/wp\/v2\/media\/33966"}],"wp:attachment":[{"href":"https:\/\/miradordeatarfe.es\/index.php?rest_route=%2Fwp%2Fv2%2Fmedia&parent=33965"}],"wp:term":[{"taxonomy":"category","embeddable":true,"href":"https:\/\/miradordeatarfe.es\/index.php?rest_route=%2Fwp%2Fv2%2Fcategories&post=33965"},{"taxonomy":"post_tag","embeddable":true,"href":"https:\/\/miradordeatarfe.es\/index.php?rest_route=%2Fwp%2Fv2%2Ftags&post=33965"}],"curies":[{"name":"wp","href":"https:\/\/api.w.org\/{rel}","templated":true}]}}