{"id":3397,"date":"2015-09-19T10:01:34","date_gmt":"2015-09-19T10:01:34","guid":{"rendered":"http:\/\/miradordeatarfe.es\/?p=3397"},"modified":"2015-09-20T08:58:16","modified_gmt":"2015-09-20T08:58:16","slug":"debe-espana-acoger-a-los-refugiados-que-llegan-a-europa","status":"publish","type":"post","link":"https:\/\/miradordeatarfe.es\/?p=3397","title":{"rendered":"\u00bfDebe Espa\u00f1a acoger a los refugiados que llegan a Europa?"},"content":{"rendered":"<p>Decenas de miles de personas est\u00e1s llegando por oleadas a los pa\u00edses del sureste de la Uni\u00f3n Europea procedentes de zonas de conflicto como Siria, sobre todo, pero tambi\u00e9n Afganist\u00e1n o Eritrea. Los estados europeos afectados se encuentran colapsados ante esta riada de refugiados que piden asilo para escapar de la guerra y la pobreza.<!--more--><\/p>\n<div class=\"mce-body mce\">\n<p>La avalancha de personas que han ido llegando a lo largo de este verano de forma continua ha provocado una <strong>crisis in\u00e9dita en Europa<\/strong>. Aunque el problema de la inmigraci\u00f3n irregular en el Mediterr\u00e1neo lleva a\u00f1os afectando a pa\u00edses como Italia, Malta y Espa\u00f1a, este flujo de refugiado afecta ahora a pa\u00edses como Grecia, Hungr\u00eda y Croacia, y comienza a extenderse hacia Austria e Italia.<\/p>\n<p>Tanto las fuerzas de seguridad y fronterizas como los servicios sociales de <strong>los pa\u00edses del sureste de la UE se encuentran colapsados<\/strong> y se muestran ya incapaces de contener y gestionar la enorme cantidad de personas que tratan de llegar a los pa\u00edses m\u00e1s pr\u00f3speros de Europa como Alemania, Reino Unido (a trav\u00e9s del t\u00fanel bajo el Canal de la Mancha) y Francia.<\/p>\n<p>La Comisi\u00f3n Europea ha decidido tomar cartas en el asunto y tratar de repartir de forma proporcional a los refugiados por los pa\u00edses de la UE, para evitar que los estados receptores se vean envueltos en una situaci\u00f3n dif\u00edcil de gestionar. En ese contexto, el Gobierno de Rajoy se ha mostrado abierto a<strong> que Espa\u00f1a acoja a 2.739 refugiados<\/strong>, frente a los 5.800 que le plante\u00f3 la Comisi\u00f3n.<\/p>\n<p>Por parte del Ejecutivo, la vicepresidenta Soraya S\u00e1enz de Santamar\u00eda tambi\u00e9n puntualiz\u00f3 que Espa\u00f1a no iba a hacer un esfuerzo mayor porque \u201cla capacidad de acogida est\u00e1 muy saturada\u201d. Lo explic\u00f3 porque nuestro pa\u00eds <strong>recibe a inmigrantes en situaci\u00f3n irregular \u201cen l\u00edmites que Suecia no conoce\u201d<\/strong>, por lo que se mostr\u00f3 partidaria de limitar el n\u00famero de refugiados que llegar\u00e1n a Espa\u00f1a.<\/p>\n<h3><em><strong>Obligaci\u00f3n legal no, pol\u00edtica s\u00ed<\/strong><\/em><\/h3>\n<p><em>El Confidencial Digital<\/em>\u00a0se ha puesto en contacto con Cristina Gort\u00e1zar, titular de la C\u00e1tedra Jean Monnet de la Universidad Pontifica de Comillas y miembro del Instituto Universitario de Estudios sobre migraciones, para analizar si Espa\u00f1a debe acoger a parte de estos refugiados que han llegado y que llegar\u00e1n con probabilidad en los pr\u00f3ximos meses.<\/p>\n<p>Gort\u00e1zar explica en primer lugar que \u201ctodo refugiado que tiene un pie en la UE ya tiene derecho a que se examine su caso y se estudie si puede acogerse al derecho de asilo\u201d. Del flujo actual de personas que entran de forma ilegal en territorio europeo a trav\u00e9s del sureste, \u201ccasi el 100% son refugiados, desde sirios a afganos y eritreos, y todos<strong> tienen ese derecho a la protecci\u00f3n<\/strong>\u201d.<\/p>\n<p>Actualmente contin\u00faa formalmente en vigor el llamado \u201csistema de Dubl\u00edn\u201d, que establece que el pa\u00eds comunitario al que llega cada refugiado es el que debe responsabilizarse de acogerlo, y esa persona puede ser incluso devuelta a ese estado si se traslada a otro. Sin embargo, el Tribunal de Justicia de la Uni\u00f3n Europea tumb\u00f3 este sistema hace unos a\u00f1os, argumentando, como hacen precisamente ahora esos gobiernos m\u00e1s afectados (como Grecia y Hungr\u00eda), que<strong> si un pa\u00eds no puede asumir un n\u00famero excesivo de refugiados, \u00e9stos deben repartirse<\/strong>.<\/p>\n<p>\u201c\u00bfEst\u00e1 obligada Espa\u00f1a en este momento a acoger a una parte de los 150.000 refugiados que han llegado a Europa en los \u00faltimos meses?\u201d, se pregunta esta experta en Derecho Internacional y de la UE sobre refugiados, asilo e inmigraci\u00f3n, que se responde explicando que <strong>ahora mismo no est\u00e1 legalmente obligada<\/strong> a hacerlo seg\u00fan el Tratado de Funcionamiento de la Uni\u00f3n Europea.<\/p>\n<p>Cristina Gort\u00e1zar apostilla, sin embargo, que<strong> \u201cpol\u00edtica, \u00e9tica y moralmente Espa\u00f1a s\u00ed est\u00e1 obligada a acoger refugiados\u201d<\/strong>. Ya s\u00f3lo quedan 12 de los 28 estados miembros de la UE sin anunciar su disposici\u00f3n a recibir refugiados. Adem\u00e1s, los grandes pa\u00edses, como Francia y Alemania, han mostrado su entera disposici\u00f3n para tratar de aliviar este problema que afecta a los estados m\u00e1s cercanos a Oriente Medio.<\/p>\n<h3><em><strong>Espa\u00f1a ha acogido a pocos refugiados<\/strong><\/em><\/h3>\n<p>La profesora de la Universidad Pontificia de Comillas rechaza de plano que, como hizo S\u00e1enz de Santamar\u00eda,<strong> se mezcle el asunto de la inmigraci\u00f3n ilegal con el de los refugiados<\/strong> para argumentar que Espa\u00f1a no tiene mucha m\u00e1s capacidad para acoger a los huidos de la guerra de Siria: \u201cEso supone ignorar y contradecir la Constituci\u00f3n Espa\u00f1ola, la Convenci\u00f3n de Ginebra y la Carta de Derechos Fundamentales de la Uni\u00f3n Europea\u201d.<\/p>\n<p>Seg\u00fan Gort\u00e1zar, hasta el momento \u201c<strong>Espa\u00f1a ha hecho muy poco esfuerzo<\/strong> en la acogida de refugiados\u201d. Frente a otros pa\u00edses europeos que desde hace d\u00e9cadas son destino principal de los refugiados huidos de conflictos de todo el mundo, como Alemania y Suecia, nuestro pa\u00eds tiene \u201ccuotas rid\u00edculas\u201d de acogida de refugiados.<\/p>\n<p>En este asunto hay otro aspecto que se tiene poco en cuenta. La mayor\u00eda de los refugiados que est\u00e1n llegando por Grecia, Macedonia, Hungr\u00eda&#8230; tienen como objetivo declarado llegar a Alemania. Su intenci\u00f3n es llegar a este o a otro de los pa\u00edses m\u00e1s pr\u00f3speros de Europa, no a Espa\u00f1a en principio. \u201cPero los refugiados <strong>no tienen un derecho absoluto a elegir el pa\u00eds<\/strong> de destino\u201d, apunta sobre este tema la profesora experta en derecho de asilo.<\/p>\n<p>Por todo ello, concluye que Espa\u00f1a deber\u00e1 recibir y dar protecci\u00f3n completa &#8211;<strong>alojamiento, alimento, atenci\u00f3n sanitaria, posibilidad de buscar un empleo<\/strong>&#8211; al porcentaje del total de refugiados que le corresponda seg\u00fan la poblaci\u00f3n del pa\u00eds, su territorio, su riqueza, su situaci\u00f3n macroecon\u00f3mica o su tasa de desempleo. En total, le podr\u00edan ser asignados entre 10.000 y 15.000 refugiados, seg\u00fan los c\u00e1lculos que cita Cristina Gort\u00e1zar.<\/p>\n<p>publicado en :<a href=\"http:\/\/www.elconfidencialdigital.com\/te_lo_aclaro\/Debe-Espana-acoger-refugiados-Europa_0_2558144191.html\"> http:\/\/www.elconfidencialdigital.com\/te_lo_aclaro\/Debe-Espana-acoger-refugiados-Europa_0_2558144191.html<\/a><\/p>\n<\/div>\n","protected":false},"excerpt":{"rendered":"<p>Decenas de miles de personas est\u00e1s llegando por oleadas a los pa\u00edses del sureste de&#8230;<\/p>\n","protected":false},"author":1,"featured_media":3398,"comment_status":"closed","ping_status":"closed","sticky":false,"template":"","format":"standard","meta":{"_coblocks_attr":"","_coblocks_dimensions":"","_coblocks_responsive_height":"","_coblocks_accordion_ie_support":"","jetpack_post_was_ever_published":false,"_jetpack_newsletter_access":"","_jetpack_dont_email_post_to_subs":false,"_jetpack_newsletter_tier_id":0,"_jetpack_memberships_contains_paywalled_content":false,"_jetpack_memberships_contains_paid_content":false,"footnotes":"","jetpack_publicize_message":"","jetpack_publicize_feature_enabled":true,"jetpack_social_post_already_shared":false,"jetpack_social_options":{"image_generator_settings":{"template":"highway","default_image_id":0,"enabled":false},"version":2}},"categories":[1161,15],"tags":[1227,725,254,679],"class_list":["post-3397","post","type-post","status-publish","format-standard","has-post-thumbnail","hentry","category-ciudadania","category-ultimas-noticias","tag-asociaciones","tag-espana","tag-guerra","tag-refugiados"],"jetpack_publicize_connections":[],"jetpack_featured_media_url":"https:\/\/i0.wp.com\/miradordeatarfe.es\/wp-content\/uploads\/2015\/09\/Refugiados-estacion-tren_ECDIMA20150904_0022_20.jpg?fit=641%2C293&ssl=1","jetpack_likes_enabled":true,"jetpack_sharing_enabled":true,"_links":{"self":[{"href":"https:\/\/miradordeatarfe.es\/index.php?rest_route=\/wp\/v2\/posts\/3397","targetHints":{"allow":["GET"]}}],"collection":[{"href":"https:\/\/miradordeatarfe.es\/index.php?rest_route=\/wp\/v2\/posts"}],"about":[{"href":"https:\/\/miradordeatarfe.es\/index.php?rest_route=\/wp\/v2\/types\/post"}],"author":[{"embeddable":true,"href":"https:\/\/miradordeatarfe.es\/index.php?rest_route=\/wp\/v2\/users\/1"}],"replies":[{"embeddable":true,"href":"https:\/\/miradordeatarfe.es\/index.php?rest_route=%2Fwp%2Fv2%2Fcomments&post=3397"}],"version-history":[{"count":1,"href":"https:\/\/miradordeatarfe.es\/index.php?rest_route=\/wp\/v2\/posts\/3397\/revisions"}],"predecessor-version":[{"id":3399,"href":"https:\/\/miradordeatarfe.es\/index.php?rest_route=\/wp\/v2\/posts\/3397\/revisions\/3399"}],"wp:featuredmedia":[{"embeddable":true,"href":"https:\/\/miradordeatarfe.es\/index.php?rest_route=\/wp\/v2\/media\/3398"}],"wp:attachment":[{"href":"https:\/\/miradordeatarfe.es\/index.php?rest_route=%2Fwp%2Fv2%2Fmedia&parent=3397"}],"wp:term":[{"taxonomy":"category","embeddable":true,"href":"https:\/\/miradordeatarfe.es\/index.php?rest_route=%2Fwp%2Fv2%2Fcategories&post=3397"},{"taxonomy":"post_tag","embeddable":true,"href":"https:\/\/miradordeatarfe.es\/index.php?rest_route=%2Fwp%2Fv2%2Ftags&post=3397"}],"curies":[{"name":"wp","href":"https:\/\/api.w.org\/{rel}","templated":true}]}}