{"id":33978,"date":"2019-09-23T10:41:27","date_gmt":"2019-09-23T08:41:27","guid":{"rendered":"http:\/\/miradordeatarfe.es\/?p=33978"},"modified":"2019-09-23T11:11:05","modified_gmt":"2019-09-23T09:11:05","slug":"que-es-el-equinoccio-de-otono-y-por-que-se-produce","status":"publish","type":"post","link":"https:\/\/miradordeatarfe.es\/?p=33978","title":{"rendered":"Qu\u00e9 es el equinoccio de oto\u00f1o y por qu\u00e9 se produce"},"content":{"rendered":"\n<h4 class=\"wp-block-heading\">HOY COMIENZA EL OTO\u00d1O.La nueva estaci\u00f3n se prolongar\u00e1 hasta el pr\u00f3ximo 22 de diciembre<\/h4>\n\n\n\n<p><strong>Este lunes, a las 9.50 hora peninsular, <a href=\"https:\/\/cadenaser.com\/tag\/la_tierra\/a\/\" rel=\"noreferrer noopener\" target=\"_blank\">la Tierra<\/a> celebra el equinoccio de oto\u00f1o.<\/strong> \u00bfQu\u00e9 es este fen\u00f3meno? <a href=\"https:\/\/dle.rae.es\/?id=FzwHvKY\" rel=\"noreferrer noopener\" target=\"_blank\">Seg\u00fan define la Real Academia de la Lengua<\/a>,\n el equinoccio es un episodio astron\u00f3mico en el que, por hallarse el Sol\n sobre el Ecuador, los d\u00edas son iguales a las noches en toda la Tierra. \nAlgo que tan solo sucede entre el 20 y 21 de marzo y del 22 al 23 de \nseptiembre.<\/p>\n\n\n\n<p>Un fen\u00f3meno que da paso al oto\u00f1o de 2019, <strong>que se extender\u00e1 durante 89 d\u00edas y 20 horas hasta el 22 de diciembre a las 5.19 horas<\/strong>,\n cuando daremos paso al invierno. \u00bfPor qu\u00e9 se produce? Tanto el \nequinoccio de primavera como el de oto\u00f1o tienen lugar cuando la Tierra \nse encuentra en unas determinadas posiciones en su \u00f3rbita alrededor del \nSol en las que astro, visto desde la Tierra, cruza el conocido como \necuador celeste.<\/p>\n\n\n\n<h3 class=\"wp-block-heading\">El d\u00eda y la noche tienen una duraci\u00f3n similar en todo el mundo<\/h3>\n\n\n\n<p>Cuando esto se produce, <strong>el d\u00eda y la noche tienen una duraci\u00f3n similar, de cerca de 12 horas en todos los puntos de la Tierra<\/strong>.\n Este mi\u00e9rcoles ha amanecido a las 8.03 horas en Madrid y anochecer\u00e1 a \nlas 20.11, por lo que apenas hay ocho minutos de diferencia entre ambos \nperiodos. A partir de este preciso instante, los d\u00edas comenzar\u00e1n a \nacortarse.<\/p>\n\n\n\n<p><strong>Concretamente tres minutos cada 24 horas<\/strong>. Por esa  misma raz\u00f3n, y dado que cada vez se har\u00e1 de noche m\u00e1s temprano, algunos  pa\u00edses deciden cambiar la hora con el objetivo de aprovechar m\u00e1s las  horas de luz. Este cambio de hora se producir\u00e1 e<strong>l pr\u00f3ximo domingo 2 de  octubre<\/strong>, cuando tendremos que atrasar el reloj una hora (a las 3 de la  madrugada volver\u00e1n a ser las 2).<\/p>\n\n\n\n<h3 class=\"wp-block-heading\">Una estaci\u00f3n de 89 d\u00edas y 20 horas<\/h3>\n\n\n\n<p>Teniendo en cuenta que este fen\u00f3meno tan solo tiene lugar durante el equinoccio de primavera y el de oto\u00f1o, <strong>el Convenio internacional decidi\u00f3 utilizarlo para dar paso tanto a estas estaciones.<\/strong>\n De esta manera, el oto\u00f1o comienza este lunes en el hemisferio norte y \nla primavera hace lo propio en el hemisferio sur. Todo ello durante \npr\u00e1cticamente 90 d\u00edas, cuando llegar\u00e1n el invierno y el verano, \nrespectivamente.<\/p>\n\n\n\n<p>Seg\u00fan informa el <a href=\"http:\/\/astronomia.ign.es\/web\/guest\/inicio-de-las-estaciones\" rel=\"noreferrer noopener\" target=\"_blank\">Observatorio Astron\u00f3mico Nacional (OAN)<\/a>, <strong>Marte ser\u00e1 visible al amanecer durante todo el verano<\/strong>.\n Mientras tanto, los aficionados a la astronom\u00eda podr\u00e1n disfrutar de \nVenus, Saturno y J\u00fapiter tras la puesta de Sol. Adem\u00e1s, el 11 de \nnoviembre se producir\u00e1 un tr\u00e1nsito de Mercurio por delante del Sol que \nser\u00e1 visible desde Europa, algo que no podremos volver a ver el 13 de \nnoviembre de 2032.<\/p>\n\n\n\n<figure class=\"wp-block-image\"><img data-recalc-dims=\"1\" decoding=\"async\" src=\"https:\/\/i0.wp.com\/cadenaser00.epimg.net\/ser\/imagenes\/2019\/09\/23\/ciencia\/1569223579_716007_1569226004_sumario_normal.jpg?w=640&#038;ssl=1\" alt=\"As\u00ed es el nuevo doodle de Google.\"\/><figcaption>\n\nAs\u00ed es el nuevo doodle de Google.\n\/ \t\t\t\t\t\t\t\t\t\t\t\t\t\t\t\t\t\t\tGoogle\n\n<\/figcaption><\/figure>\n\n\n\n<p>Para celebrar la llegada del oto\u00f1o, <a href=\"https:\/\/www.google.com\/search?sxsrf=ACYBGNRyQmMhy7Z5RajG_q01LGklj9bsEA:1569226012480&amp;q=Oto%C3%B1o&amp;oi=ddle&amp;ct=119275758&amp;hl=es&amp;sa=X&amp;ved=0ahUKEwjf7ay4vubkAhVzA2MBHTJqAR0QPQgL&amp;biw=1680&amp;bih=914&amp;dpr=1\" rel=\"noreferrer noopener\" target=\"_blank\"><strong>Google ha recurrido a uno de sus cl\u00e1sicos <em>doodles<\/em><\/strong><\/a>.\n Una simple imagen, que sustituye al logo de Google, en el que podemos \nver el planeta Tierra bajo una hoja caracter\u00edstica de esta \u00e9poca. En \ndefinitiva, el verano da paso al oto\u00f1o. Una nueva estaci\u00f3n, que ser\u00e1 m\u00e1s\n c\u00e1lida respecto a la del a\u00f1o pasado, que sirve como proleg\u00f3meno al \ninvierno.<\/p>\n\n\n\n<p><a href=\"https:\/\/twitter.com\/davidjusto_\" rel=\"noreferrer noopener\" target=\"_blank\"><\/a><a href=\"https:\/\/cadenaser.com\/autor\/david_justo_doctor\/a\/\">David Justo<\/a>\nMadrid\n\n<\/p>\n\n\n\n<p>FOTO:  El verano da paso al oto\u00f1o. \/  Getty Images <\/p>\n","protected":false},"excerpt":{"rendered":"<p>HOY COMIENZA EL OTO\u00d1O.La nueva estaci\u00f3n se prolongar\u00e1 hasta el pr\u00f3ximo 22 de diciembre Este&#8230;<\/p>\n","protected":false},"author":1,"featured_media":33979,"comment_status":"closed","ping_status":"closed","sticky":false,"template":"","format":"standard","meta":{"_coblocks_attr":"","_coblocks_dimensions":"","_coblocks_responsive_height":"","_coblocks_accordion_ie_support":"","jetpack_post_was_ever_published":false,"_jetpack_newsletter_access":"","_jetpack_dont_email_post_to_subs":false,"_jetpack_newsletter_tier_id":0,"_jetpack_memberships_contains_paywalled_content":false,"_jetpack_memberships_contains_paid_content":false,"footnotes":"","jetpack_publicize_message":"","jetpack_publicize_feature_enabled":true,"jetpack_social_post_already_shared":false,"jetpack_social_options":{"image_generator_settings":{"template":"highway","default_image_id":0,"enabled":false},"version":2}},"categories":[1161,9,44,15],"tags":[6400,6399,1275],"class_list":["post-33978","post","type-post","status-publish","format-standard","has-post-thumbnail","hentry","category-ciudadania","category-medio-ambiente","category-noticias-de-hoy","category-ultimas-noticias","tag-dias-iguales","tag-equinocio","tag-otono"],"jetpack_publicize_connections":[],"jetpack_featured_media_url":"https:\/\/i0.wp.com\/miradordeatarfe.es\/wp-content\/uploads\/2019\/09\/1569223579_716007_1569226199_noticia_normal_recorte1.jpg?fit=1300%2C792&ssl=1","jetpack_likes_enabled":true,"jetpack_sharing_enabled":true,"_links":{"self":[{"href":"https:\/\/miradordeatarfe.es\/index.php?rest_route=\/wp\/v2\/posts\/33978","targetHints":{"allow":["GET"]}}],"collection":[{"href":"https:\/\/miradordeatarfe.es\/index.php?rest_route=\/wp\/v2\/posts"}],"about":[{"href":"https:\/\/miradordeatarfe.es\/index.php?rest_route=\/wp\/v2\/types\/post"}],"author":[{"embeddable":true,"href":"https:\/\/miradordeatarfe.es\/index.php?rest_route=\/wp\/v2\/users\/1"}],"replies":[{"embeddable":true,"href":"https:\/\/miradordeatarfe.es\/index.php?rest_route=%2Fwp%2Fv2%2Fcomments&post=33978"}],"version-history":[{"count":1,"href":"https:\/\/miradordeatarfe.es\/index.php?rest_route=\/wp\/v2\/posts\/33978\/revisions"}],"predecessor-version":[{"id":33980,"href":"https:\/\/miradordeatarfe.es\/index.php?rest_route=\/wp\/v2\/posts\/33978\/revisions\/33980"}],"wp:featuredmedia":[{"embeddable":true,"href":"https:\/\/miradordeatarfe.es\/index.php?rest_route=\/wp\/v2\/media\/33979"}],"wp:attachment":[{"href":"https:\/\/miradordeatarfe.es\/index.php?rest_route=%2Fwp%2Fv2%2Fmedia&parent=33978"}],"wp:term":[{"taxonomy":"category","embeddable":true,"href":"https:\/\/miradordeatarfe.es\/index.php?rest_route=%2Fwp%2Fv2%2Fcategories&post=33978"},{"taxonomy":"post_tag","embeddable":true,"href":"https:\/\/miradordeatarfe.es\/index.php?rest_route=%2Fwp%2Fv2%2Ftags&post=33978"}],"curies":[{"name":"wp","href":"https:\/\/api.w.org\/{rel}","templated":true}]}}