{"id":33981,"date":"2019-09-24T08:05:22","date_gmt":"2019-09-24T06:05:22","guid":{"rendered":"http:\/\/miradordeatarfe.es\/?p=33981"},"modified":"2019-09-23T11:10:34","modified_gmt":"2019-09-23T09:10:34","slug":"errejon-mueve-el-tablero-por-inaki-gabilondo","status":"publish","type":"post","link":"https:\/\/miradordeatarfe.es\/?p=33981","title":{"rendered":"\u00abErrej\u00f3n mueve el tablero\u00bb por I\u00f1aki Gabilondo"},"content":{"rendered":"\n<h4 class=\"wp-block-heading\"> La irrupci\u00f3n de Errej\u00f3n tiene much\u00edsimo  inter\u00e9s por lo que ata\u00f1e al futuro de Podemos y a la redistribuci\u00f3n de  fuerzas en la izquierda adem\u00e1s de mucho morbo <\/h4>\n\n\n\n<p>La participaci\u00f3n del partido de <a href=\"https:\/\/cadenaser.com\/tag\/inigo_errejon_galvan\/a\/\">Errej\u00f3n<\/a> en las <a href=\"https:\/\/cadenaser.com\/tag\/elecciones_generales_10_noviembre_2019\/a\/\">generales del 10 de noviembre<\/a>,&nbsp;qu\u00e9 suma y qu\u00e9 resta a las posibilidades de la izquierda. Todo el mundo coincide en que se va a llevar muchos votos de <a href=\"https:\/\/cadenaser.com\/tag\/podemos\/a\/\">Podemos<\/a>, algunos del <a href=\"https:\/\/cadenaser.com\/tag\/psoe_partido_socialista_obrero_espanol\/a\/\">PSOE<\/a> y tal vez incluso de <a href=\"https:\/\/cadenaser.com\/tag\/cs_ciudadanos_partido_de_la_ciudadania\/a\/\">Ciudadanos<\/a> y que animar\u00e1 a la participaci\u00f3n.&nbsp;<\/p>\n\n\n\n<p>En lectura electoral simple, <strong>su presencia tendr\u00eda que ser indiferente para el bloque de izquierdas<\/strong>\n si a\u00fan puede hablarse de bloque y si su objetivo contin\u00faa siendo el que\n era en abril: sumar todos los votos que puedan apoyar una pol\u00edtica \nprogresista porque al fin y al cabo har\u00edan falta todos los votos que \nobtengan Errej\u00f3n, Iglesias y S\u00e1nchez est\u00e9n como est\u00e9n distribuidos.<\/p>\n\n\n\n<p>Pero, repito, eso si el objetivo sigue siendo el que era en abril \nporque despu\u00e9s de los desencuentros vividos entre S\u00e1nchez e Iglesias. <strong><a href=\"https:\/\/cadenaser.com\/tag\/podemos\/a\/\">Podemos<\/a> solo seguir\u00e1 siendo para el <a href=\"https:\/\/cadenaser.com\/tag\/psoe_partido_socialista_obrero_espanol\/a\/\">PSOE<\/a> socio preferente<\/strong>\n si no encuentra manera de evitarlo. Desde luego, lo que no es en \nabsoluto es su socio preferido. Sospecho que a los socialistas les gusta\n m\u00e1s imaginar que entre la subida propia que le anuncia las encuestas, \nel mordisco que esperan que d\u00e9 Errejon en la tarta de Podemos, y <strong>el voto que conf\u00edan pescar en los caladeros del desencanto de <a href=\"https:\/\/cadenaser.com\/tag\/cs_ciudadanos_partido_de_la_ciudadania\/a\/\">Ciudadanos<\/a><\/strong>, el peso de los morados disminuya y espante esa pesadilla que quita el sue\u00f1o al presidente en funciones.&nbsp;<\/p>\n\n\n\n<p>La irrupci\u00f3n de Errej\u00f3n tiene much\u00edsimo inter\u00e9s por lo que ata\u00f1e al  futuro de Podemos, a la redistribuci\u00f3n de fuerzas en la izquierda adem\u00e1s  de mucho morbo. Pero por lo que se refiere a pol\u00edticas y programas  concretos de actuaci\u00f3n; es decir a lo fundamental e inmediato, <strong>es tan importante saber si es cierto que el PSOE quiere lanzar la batalla por la conquista del centro<\/strong> y si es as\u00ed haciendo qu\u00e9 o dejando de hacer qu\u00e9. En cualquier caso, con Errej\u00f3n se mueve el tablero.<\/p>\n\n\n\n<p>I<a href=\"https:\/\/cadenaser.com\/autor\/inaki_gabilondo\/a\/\">\u00f1aki Gabilondo<\/a> Madrid <a href=\"https:\/\/cadenaser.com\/tag\/fecha\/20190923\/\"> <\/a><\/p>\n\n\n\n<p>FOTO: Pablo Iglesias e \u00cd\u00f1igo Errej\u00f3n, en una imagen de archivo. EFE <\/p>\n\n\n\n<p><a href=\"https:\/\/cadenaser.com\/programa\/2019\/09\/23\/hoy_por_hoy\/1569220879_367778.html\">https:\/\/cadenaser.com\/programa\/2019\/09\/23\/hoy_por_hoy\/1569220879_367778.html<\/a><\/p>\n","protected":false},"excerpt":{"rendered":"<p>La irrupci\u00f3n de Errej\u00f3n tiene much\u00edsimo inter\u00e9s por lo que ata\u00f1e al futuro de Podemos&#8230;<\/p>\n","protected":false},"author":1,"featured_media":33982,"comment_status":"closed","ping_status":"closed","sticky":false,"template":"","format":"standard","meta":{"_coblocks_attr":"","_coblocks_dimensions":"","_coblocks_responsive_height":"","_coblocks_accordion_ie_support":"","jetpack_post_was_ever_published":false,"_jetpack_newsletter_access":"","_jetpack_dont_email_post_to_subs":false,"_jetpack_newsletter_tier_id":0,"_jetpack_memberships_contains_paywalled_content":false,"_jetpack_memberships_contains_paid_content":false,"footnotes":"","jetpack_publicize_message":"","jetpack_publicize_feature_enabled":true,"jetpack_social_post_already_shared":false,"jetpack_social_options":{"image_generator_settings":{"template":"highway","default_image_id":0,"enabled":false},"version":2}},"categories":[1161,44,15],"tags":[171,6401],"class_list":["post-33981","post","type-post","status-publish","format-standard","has-post-thumbnail","hentry","category-ciudadania","category-noticias-de-hoy","category-ultimas-noticias","tag-elecciones","tag-inigo-erejon"],"jetpack_publicize_connections":[],"jetpack_featured_media_url":"https:\/\/i0.wp.com\/miradordeatarfe.es\/wp-content\/uploads\/2019\/09\/Iglesias-extranar-Rajoy-detenido-policial_EDIIMA20150417_0419_5.jpg?fit=643%2C484&ssl=1","jetpack_likes_enabled":true,"jetpack_sharing_enabled":true,"_links":{"self":[{"href":"https:\/\/miradordeatarfe.es\/index.php?rest_route=\/wp\/v2\/posts\/33981","targetHints":{"allow":["GET"]}}],"collection":[{"href":"https:\/\/miradordeatarfe.es\/index.php?rest_route=\/wp\/v2\/posts"}],"about":[{"href":"https:\/\/miradordeatarfe.es\/index.php?rest_route=\/wp\/v2\/types\/post"}],"author":[{"embeddable":true,"href":"https:\/\/miradordeatarfe.es\/index.php?rest_route=\/wp\/v2\/users\/1"}],"replies":[{"embeddable":true,"href":"https:\/\/miradordeatarfe.es\/index.php?rest_route=%2Fwp%2Fv2%2Fcomments&post=33981"}],"version-history":[{"count":1,"href":"https:\/\/miradordeatarfe.es\/index.php?rest_route=\/wp\/v2\/posts\/33981\/revisions"}],"predecessor-version":[{"id":33983,"href":"https:\/\/miradordeatarfe.es\/index.php?rest_route=\/wp\/v2\/posts\/33981\/revisions\/33983"}],"wp:featuredmedia":[{"embeddable":true,"href":"https:\/\/miradordeatarfe.es\/index.php?rest_route=\/wp\/v2\/media\/33982"}],"wp:attachment":[{"href":"https:\/\/miradordeatarfe.es\/index.php?rest_route=%2Fwp%2Fv2%2Fmedia&parent=33981"}],"wp:term":[{"taxonomy":"category","embeddable":true,"href":"https:\/\/miradordeatarfe.es\/index.php?rest_route=%2Fwp%2Fv2%2Fcategories&post=33981"},{"taxonomy":"post_tag","embeddable":true,"href":"https:\/\/miradordeatarfe.es\/index.php?rest_route=%2Fwp%2Fv2%2Ftags&post=33981"}],"curies":[{"name":"wp","href":"https:\/\/api.w.org\/{rel}","templated":true}]}}