{"id":34037,"date":"2019-09-28T11:34:43","date_gmt":"2019-09-28T09:34:43","guid":{"rendered":"http:\/\/miradordeatarfe.es\/?p=34037"},"modified":"2019-09-26T12:35:38","modified_gmt":"2019-09-26T10:35:38","slug":"atarfecursos-de-diseno-en-el-centro-guadalinfo","status":"publish","type":"post","link":"https:\/\/miradordeatarfe.es\/?p=34037","title":{"rendered":"ATARFE:CURSOS DE DISE\u00d1O EN EL CENTRO GUADALINFO"},"content":{"rendered":"\n<h4 class=\"wp-block-heading\"><strong>Guadalinfo es una red<\/strong> 100% p\u00fablica de  centros de acceso ciudadano a la sociedad de la informaci\u00f3n en  Andaluc\u00eda.\u00a0<\/h4>\n\n\n\n<p>\u00a0Los centros Guadalinfo (en ayuntamientos menores de  20.000\u00a0habitantes, Entidades Locales Aut\u00f3nomas y en las barriadas  urbanas menos favorecidas) trabajan\u00a0desde 2003 en la igualdad de  oportunidades en el acceso a las TIC y la promoci\u00f3n del talento\u00a0y la  inteligencia colectiva <\/p>\n\n\n\n<p>En estos momentos anuncia dos cursos de dise\u00f1o 3D para el mes de octubre y noviembre<\/p>\n\n\n\n<p> * Dise\u00f1o e Impresi\u00f3n en 3D y sus ventajas<br>    Fecha: Del 2 al 30 de Octubre<br>    Horario: 18:30 &#8211; 20:00<br><br> * Modelado y Dise\u00f1o 3D con TinkerCAD<br>    Fecha: Del 6 al 27 de Noviembre<br>    Horario: 18:30 &#8211; 20:00 <\/p>\n\n\n\n<figure class=\"wp-block-image\"><img data-recalc-dims=\"1\" loading=\"lazy\" decoding=\"async\" width=\"640\" height=\"453\" src=\"https:\/\/i0.wp.com\/miradordeatarfe.es\/wp-content\/uploads\/2019\/09\/71820229_2565961496801038_1847131933541138432_n.jpg?resize=640%2C453&#038;ssl=1\" alt=\"\" class=\"wp-image-34040\" srcset=\"https:\/\/i0.wp.com\/miradordeatarfe.es\/wp-content\/uploads\/2019\/09\/71820229_2565961496801038_1847131933541138432_n.jpg?w=960&amp;ssl=1 960w, https:\/\/i0.wp.com\/miradordeatarfe.es\/wp-content\/uploads\/2019\/09\/71820229_2565961496801038_1847131933541138432_n.jpg?resize=300%2C212&amp;ssl=1 300w, https:\/\/i0.wp.com\/miradordeatarfe.es\/wp-content\/uploads\/2019\/09\/71820229_2565961496801038_1847131933541138432_n.jpg?resize=768%2C543&amp;ssl=1 768w, https:\/\/i0.wp.com\/miradordeatarfe.es\/wp-content\/uploads\/2019\/09\/71820229_2565961496801038_1847131933541138432_n.jpg?resize=600%2C424&amp;ssl=1 600w\" sizes=\"auto, (max-width: 640px) 100vw, 640px\" \/><\/figure>\n\n\n\n<p><strong>INFORMACI\u00d3N<\/strong> Y SOLICITUDES:<\/p>\n\n\n\n<p>  Avd\/ Diputaci\u00f3n, s\/n. Centro cultural Medina Elvira tfno: 958439752   ATARFE &#8211; 958439752   <a href=\"mailto:guadalinfo.atarfe@guadalinfo.es\">guadalinfo.atarfe@guadalinfo.es<\/a><\/p>\n\n\n\n<figure class=\"wp-block-image\"><img data-recalc-dims=\"1\" loading=\"lazy\" decoding=\"async\" width=\"600\" height=\"379\" src=\"https:\/\/i0.wp.com\/miradordeatarfe.es\/wp-content\/uploads\/2019\/09\/cursotiendavirtual.jpg?resize=600%2C379&#038;ssl=1\" alt=\"\" class=\"wp-image-34038\" srcset=\"https:\/\/i0.wp.com\/miradordeatarfe.es\/wp-content\/uploads\/2019\/09\/cursotiendavirtual.jpg?w=600&amp;ssl=1 600w, https:\/\/i0.wp.com\/miradordeatarfe.es\/wp-content\/uploads\/2019\/09\/cursotiendavirtual.jpg?resize=300%2C190&amp;ssl=1 300w\" sizes=\"auto, (max-width: 600px) 100vw, 600px\" \/><\/figure>\n","protected":false},"excerpt":{"rendered":"<p>Guadalinfo es una red 100% p\u00fablica de centros de acceso ciudadano a la sociedad de&#8230;<\/p>\n","protected":false},"author":1,"featured_media":34039,"comment_status":"closed","ping_status":"closed","sticky":false,"template":"","format":"standard","meta":{"_coblocks_attr":"","_coblocks_dimensions":"","_coblocks_responsive_height":"","_coblocks_accordion_ie_support":"","jetpack_post_was_ever_published":false,"_jetpack_newsletter_access":"","_jetpack_dont_email_post_to_subs":false,"_jetpack_newsletter_tier_id":0,"_jetpack_memberships_contains_paywalled_content":false,"_jetpack_memberships_contains_paid_content":false,"footnotes":"","jetpack_publicize_message":"","jetpack_publicize_feature_enabled":true,"jetpack_social_post_already_shared":false,"jetpack_social_options":{"image_generator_settings":{"template":"highway","default_image_id":0,"enabled":false},"version":2}},"categories":[2,187,186,44,15],"tags":[81,6408,1441],"class_list":["post-34037","post","type-post","status-publish","format-standard","has-post-thumbnail","hentry","category-atarfe","category-centros-educativos","category-instituciones","category-noticias-de-hoy","category-ultimas-noticias","tag-atarfe","tag-diseno-3d","tag-guadalinfo"],"jetpack_publicize_connections":[],"jetpack_featured_media_url":"https:\/\/i0.wp.com\/miradordeatarfe.es\/wp-content\/uploads\/2019\/09\/%C3%ADndice.jpg?fit=288%2C175&ssl=1","jetpack_likes_enabled":true,"jetpack_sharing_enabled":true,"_links":{"self":[{"href":"https:\/\/miradordeatarfe.es\/index.php?rest_route=\/wp\/v2\/posts\/34037","targetHints":{"allow":["GET"]}}],"collection":[{"href":"https:\/\/miradordeatarfe.es\/index.php?rest_route=\/wp\/v2\/posts"}],"about":[{"href":"https:\/\/miradordeatarfe.es\/index.php?rest_route=\/wp\/v2\/types\/post"}],"author":[{"embeddable":true,"href":"https:\/\/miradordeatarfe.es\/index.php?rest_route=\/wp\/v2\/users\/1"}],"replies":[{"embeddable":true,"href":"https:\/\/miradordeatarfe.es\/index.php?rest_route=%2Fwp%2Fv2%2Fcomments&post=34037"}],"version-history":[{"count":1,"href":"https:\/\/miradordeatarfe.es\/index.php?rest_route=\/wp\/v2\/posts\/34037\/revisions"}],"predecessor-version":[{"id":34041,"href":"https:\/\/miradordeatarfe.es\/index.php?rest_route=\/wp\/v2\/posts\/34037\/revisions\/34041"}],"wp:featuredmedia":[{"embeddable":true,"href":"https:\/\/miradordeatarfe.es\/index.php?rest_route=\/wp\/v2\/media\/34039"}],"wp:attachment":[{"href":"https:\/\/miradordeatarfe.es\/index.php?rest_route=%2Fwp%2Fv2%2Fmedia&parent=34037"}],"wp:term":[{"taxonomy":"category","embeddable":true,"href":"https:\/\/miradordeatarfe.es\/index.php?rest_route=%2Fwp%2Fv2%2Fcategories&post=34037"},{"taxonomy":"post_tag","embeddable":true,"href":"https:\/\/miradordeatarfe.es\/index.php?rest_route=%2Fwp%2Fv2%2Ftags&post=34037"}],"curies":[{"name":"wp","href":"https:\/\/api.w.org\/{rel}","templated":true}]}}