{"id":34051,"date":"2019-09-29T11:45:50","date_gmt":"2019-09-29T09:45:50","guid":{"rendered":"http:\/\/miradordeatarfe.es\/?p=34051"},"modified":"2020-06-26T13:23:44","modified_gmt":"2020-06-26T11:23:44","slug":"la-que-habita-en-su-carrerapor-juan-alfredo-bellon","status":"publish","type":"post","link":"https:\/\/miradordeatarfe.es\/?p=34051","title":{"rendered":"LA QUE HABITA EN SU CARRERApor Juan Alfredo Bell\u00f3n"},"content":{"rendered":"\n<p> <strong>LA QUE HABITA EN <em>SU<\/em> CARRERA<\/strong>  <strong>por Juan Alfredo Bell\u00f3n<\/strong>  <strong>para EL MIRADOR DE ATARFE<\/strong> \n<strong>del domingo 29-09-2019<\/strong><\/p>\n\n\n\n<p>\nEn Granada todo es posible\ny m\u00e1s en septiembre, cuando florecen de segundas muchas flores y los\ntaxistas siguen haciendo colas a la espera del AVE. Qu\u00e9 ser\u00eda de\nesta ciudad y de sus taxistas si \u00c1valos no hubiera hecho una medio\nfaena de ali\u00f1o para medio terminar el AVE y as\u00ed contentarlos que es\ncomo decir medio taparles la boca para que dejen por un momento de\nllorar por los sus ojos y de berrear por la su boca   a\u00f1orando\naquellos tiempos cuando septiembre era septiembre y hab\u00eda v\u00edrgenes\ny arc\u00e1ngeles por las calles y el oto\u00f1o se cebaba con Granada\nsecando el aire para el tabaco y perjum\u00e1ndolo para la <em>proseci\u00f3n\n<\/em>y adem\u00e1s la Virgen era\nla patrona de los<em>\nregaores.<\/em><\/p>\n\n\n\n<p>\n<em>\tY<\/em>\nNuestra Se\u00f1ora de las Angustias se reprim\u00eda un a\u00f1o m\u00e1s las<em>\nfatiguitas <\/em>que le tienen\nsentenciadas los sevillanos cuando se les pone el cuerpo para\ng<em>omitar, arrojar o echar\nla pota, <\/em>como se dice\npor estas tierras sur-orientales cuando a una (hombre o mujer de\nUnidas Podemos) se le pone el cuerpo mal\u00edsimo y le entran unas ganas\nlocas de <em>devolver<\/em>\nlas primeras papillas que le dio su madre a esta tierra bendita de la\nVirgen Mar\u00eda s\u00f3lo que muy aumentadas en su volumen y <em>agreadas<\/em>\nen su sabor.<\/p>\n\n\n\n<p>\n\tPero c\u00f3mo van a ser iguales los\nsabores y los olores primaverales de la sevillana Virgen de los Reyes\n(con todo su ringo-rango oficialista y tan pr\u00f3ximo a la Feria de\nabril) que los sabores y los olores terrenales de Esta que Habita en\nsu Carrera del <em>Entre-Oto\u00f1o\ngranadino, <\/em>con aromas de\nbosque y maderas orientales de las que se destilan los perj\u00famenes\nm\u00e1s preciados de todo el mundo mundial.<\/p>\n\n\n\n<p>\n\tAunque tambi\u00e9n tendremos que\nconceder que tampoco fueron iguales jam\u00e1s de los jamases los olores\nde los restos de una vomitona et\u00edlica nocturna que los de otra\ninfantil y l\u00e1ctea, por haberse pasado levemente de dosis su autor o\nautora\u2026<\/p>\n\n\n\n<p>\n\t  Y otra cosa que hacemos al\nrenovar nuestras devociones marianas oto\u00f1ales es acordarnos de\nnuestra Santa Madre en este segundo Mes de Mar\u00eda que es septiembre\ncuando en cada pueblo se celebran las fiestas de la Patrona bajo una\ndiferente advocaci\u00f3n empezando por Catalu\u00f1a y su dadivosa Virgen de\nLa Merced, que buena falta les va a hacer a los catalanes ahora que\nparece que en el seno del independentismo surgen otra vez las\nsemillas terroristas y los <em>laboratorios<\/em>\nde las armas cainitas que rompen el autoproclamado pacifismo de los\n<em>soberanistas<\/em>\ny para aportaci\u00f3n favorable a los valores aut\u00f3ctonos, el entronque\nde los valores patrios con la fiesta de la Virgen de la Merced, orden\nmediterr\u00e1nea donde las haya, intermediarias por naturaleza pero\ntambi\u00e9n bastante antiislamista y un poquillo racista aunque no mucho\npara la \u00e9poca en que se fund\u00f3.<\/p>\n\n\n\n<p>\n\tEn Granada, la Carrera de la\nVirgen ha sido <em>el\ntont\u00f3dromo<\/em> y es como en\nBarcelona Las Ramblas y una <em>rambla\n<\/em>es como una calle que\ndesemboca en el mar cuando al cielo le da por llover mucho de pronto,\nde ah\u00ed el verbo <em>arramblar\ncon algo<\/em> con y sin agua\ny de ah\u00ed tambi\u00e9n el verbo intermedio popular <em>arrumblar,\nque vale por &#8216;arrastrar&#8217; c<\/em>omo\nlas tormentas<em> arrumblan\n<\/em>con todo lo que\nencuentran a su paso, como hace la Historia con lo que le sobra y le\nmolesta, as\u00ed los ultraconservadores en \u00e9pocas progresistas, <em>sic\n<\/em>algunas creencias\nultramontanas y archirreligiosas como la Iglesia de El Palmar de\nTroya, en Utrera, de donde era Enrique Montoya el cantaor o la\ndevoci\u00f3n a Franco en su tumba (parece que provisional gracias al\nTribunal Supremo) de El Valle de los Ca\u00eddos.<\/p>\n\n\n\n<p>\n\tEn Granada, la gente religiosa y\nmuy de aqu\u00ed venera mucho a su Patrona (pero no la llaman jam\u00e1s\n<em>Matrona, <\/em>que\nes sin\u00f3nimo de <em>partera)\n<\/em>y en la dictadura del\ngeneral Franco, los Alf\u00e9reces Provisionales costearon un manto de La\nVirgen con un lucero por cada ca\u00eddo (de ellos, se entiende) porque\nlos de los otros no hubieran cabido en un manto que adem\u00e1s suele ser\nm\u00e1s chiquito y recatado que los de las v\u00edrgenes sevillanas, que\n<em>arrastran <\/em>una\nbarbaridad.<\/p>\n\n\n\n<p>\n\tOtra curiosidad de la devoci\u00f3n a\nla Patrona son los mercadillos con frutos de oto\u00f1o, como majoletas y\nalgarrobas y las famosas <em>tortas\nde la Virgen, <\/em>rellenas\nde crema o<em> <\/em>cabello\nde \u00e1ngel o  simplemente <em>viudas<\/em>,\nporque aqu\u00ed en Gran\u00e1 hay una especialidad repostera popular para\ncada santo o \u00e9poca del a\u00f1o y de eso viven los panaderos, que si no,\ntrabajar\u00edan mucho menos y ganar\u00edan menos tambi\u00e9n y nosotros\nser\u00edamos mucho menos galgos y menos gastosos y por eso no comprendo\npor qu\u00e9 le dicen a Gran\u00e1 <em>la\ntierra del chavico, <\/em>con\nlo que nos gastamos en pollas <em>ca\ndos por tres o a ca momento.<\/em><\/p>\n","protected":false},"excerpt":{"rendered":"<p>LA QUE HABITA EN SU CARRERA por Juan Alfredo Bell\u00f3n para EL MIRADOR DE ATARFE&#8230;<\/p>\n","protected":false},"author":1,"featured_media":34052,"comment_status":"closed","ping_status":"closed","sticky":false,"template":"","format":"standard","meta":{"_coblocks_attr":"","_coblocks_dimensions":"","_coblocks_responsive_height":"","_coblocks_accordion_ie_support":"","jetpack_post_was_ever_published":false,"_jetpack_newsletter_access":"","_jetpack_dont_email_post_to_subs":false,"_jetpack_newsletter_tier_id":0,"_jetpack_memberships_contains_paywalled_content":false,"_jetpack_memberships_contains_paid_content":false,"footnotes":"","jetpack_publicize_message":"","jetpack_publicize_feature_enabled":true,"jetpack_social_post_already_shared":false,"jetpack_social_options":{"image_generator_settings":{"template":"highway","default_image_id":0,"enabled":false},"version":2}},"categories":[1161,186,36,9,44,15],"tags":[6410,129,1275,42],"class_list":["post-34051","post","type-post","status-publish","format-standard","has-post-thumbnail","hentry","category-ciudadania","category-instituciones","category-opinion-de-juan-alfredo-bellon","category-medio-ambiente","category-noticias-de-hoy","category-ultimas-noticias","tag-devociones-marianas","tag-granada","tag-otono","tag-politica"],"jetpack_publicize_connections":[],"jetpack_featured_media_url":"https:\/\/i0.wp.com\/miradordeatarfe.es\/wp-content\/uploads\/2019\/09\/virgen-hoy.jpg?fit=900%2C675&ssl=1","jetpack_likes_enabled":true,"jetpack_sharing_enabled":true,"_links":{"self":[{"href":"https:\/\/miradordeatarfe.es\/index.php?rest_route=\/wp\/v2\/posts\/34051","targetHints":{"allow":["GET"]}}],"collection":[{"href":"https:\/\/miradordeatarfe.es\/index.php?rest_route=\/wp\/v2\/posts"}],"about":[{"href":"https:\/\/miradordeatarfe.es\/index.php?rest_route=\/wp\/v2\/types\/post"}],"author":[{"embeddable":true,"href":"https:\/\/miradordeatarfe.es\/index.php?rest_route=\/wp\/v2\/users\/1"}],"replies":[{"embeddable":true,"href":"https:\/\/miradordeatarfe.es\/index.php?rest_route=%2Fwp%2Fv2%2Fcomments&post=34051"}],"version-history":[{"count":1,"href":"https:\/\/miradordeatarfe.es\/index.php?rest_route=\/wp\/v2\/posts\/34051\/revisions"}],"predecessor-version":[{"id":34053,"href":"https:\/\/miradordeatarfe.es\/index.php?rest_route=\/wp\/v2\/posts\/34051\/revisions\/34053"}],"wp:featuredmedia":[{"embeddable":true,"href":"https:\/\/miradordeatarfe.es\/index.php?rest_route=\/wp\/v2\/media\/34052"}],"wp:attachment":[{"href":"https:\/\/miradordeatarfe.es\/index.php?rest_route=%2Fwp%2Fv2%2Fmedia&parent=34051"}],"wp:term":[{"taxonomy":"category","embeddable":true,"href":"https:\/\/miradordeatarfe.es\/index.php?rest_route=%2Fwp%2Fv2%2Fcategories&post=34051"},{"taxonomy":"post_tag","embeddable":true,"href":"https:\/\/miradordeatarfe.es\/index.php?rest_route=%2Fwp%2Fv2%2Ftags&post=34051"}],"curies":[{"name":"wp","href":"https:\/\/api.w.org\/{rel}","templated":true}]}}