{"id":34072,"date":"2019-09-28T10:30:17","date_gmt":"2019-09-28T08:30:17","guid":{"rendered":"http:\/\/miradordeatarfe.es\/?p=34072"},"modified":"2019-09-26T11:25:09","modified_gmt":"2019-09-26T09:25:09","slug":"lorca-y-el-amor-redundancia-del-poeta-y-sus-sentimientos","status":"publish","type":"post","link":"https:\/\/miradordeatarfe.es\/?p=34072","title":{"rendered":"Lorca y el amor, redundancia del poeta y sus sentimientos"},"content":{"rendered":"\n<h4 class=\"wp-block-heading\">\nEl centro que custodia su legado en Granada inaugura \u00abJard\u00edn deshecho\u00bb, la primera gran muestra de la instituci\u00f3n\n\n<\/h4>\n\n\n\n<p>\nCENTRO FEDERICO GARC\u00cdA LORCA<\/p>\n\n\n\n<p>Semanas antes del estallido de la guerra civil, en tren regresando los dos de C\u00f3rdoba, <strong>Federico Garc\u00eda Lorca<\/strong>\n improvisa en un papel unos versos para Juan Ram\u00edrez de Lucas, su \u00faltimo\n amor, que dicen: \u00abAquel lindo de cintura, \/ rubio gal\u00e1n sin sombrero, \/\n sembr\u00f3 por mi noche obscura \/ su amarillo jazminero. \/ Tanto me quiero y\n le quiero, \/ que mis ojos se llev\u00f3\u00bb. Federico ten\u00eda entonces 38 a\u00f1os y \napenas unos meses despu\u00e9s, la ma\u00f1ana del 18 de agosto de 1936, <strong>fue asesinado en el barranco de V\u00edznar por secuaces fascistas<\/strong>.\n Las cartas que Federico escribi\u00f3 a su joven novio y que \u00e9l guard\u00f3 con \ncelo y secreto hasta el \u00faltimo d\u00eda de su vida son una de las piezas m\u00e1s \nvaliosas de la exposici\u00f3n <em>Jard\u00edn deshecho: Lorca y el amor<\/em>, la \nprimera gran muestra que organiza el Centro Federico Garc\u00eda Lorca de \nGranada, que custodia su obra, abierta hasta el d\u00eda de Reyes del a\u00f1o \npr\u00f3ximo. <\/p>\n\n\n\n<p>Que un poeta hable y escriba de amor se antoja \nuna redundancia. Pero que sea Lorca quien lo haga constituye un \npleonasmo a\u00fan mayor. Y es que no hubo en el pasado siglo <strong>un autor m\u00e1s atado a esa irracionalidad<\/strong>,\n a esa \u00abnorma que agita igual carne y lucero\u00bb, nadie cuya obra anduviera\n tan mojada de deseo, voz, hambre, carnalidad, presagios y dolor. La \nmuestra, inaugurada ayer por el ministro de Cultura en funciones, Jos\u00e9 \nGirao, y por la consejera de Cultura de la Junta de Andaluc\u00eda, Patricia \ndel Pozo, hurga en tres palabras sobre las que Federico pens\u00f3 y escribi\u00f3\n sin descanso hasta su temprana muerte unas semanas despu\u00e9s de dar \ncomienzo la guerra del 36. Amor, deseo y sexualidad son tres conceptos \npr\u00f3ximos, pero de significado diferente que \u00e9l goz\u00f3 y padeci\u00f3 en \nporcentajes similares.<\/p>\n\n\n\n<p>La exposici\u00f3n est\u00e1 comisariada por el \nhispanista estadounidense Christopher Maurer que en declaraciones a este\n peri\u00f3dico ha recordado c\u00f3mo Federico no estuvo jam\u00e1s interesado en \na\u00f1adir teor\u00edas al amor. \u00ab\u00c9l sol\u00eda repetir de modo insistente: <strong>&#8216;Solo quiero amar y ser amado&#8217;<\/strong> y su obra, vista y analizada con perspectiva, es un reflejo de ese sencillo empe\u00f1o\u00bb, dice Maurer. <\/p>\n\n\n\n<figure class=\"wp-block-image\"><img data-recalc-dims=\"1\" decoding=\"async\" src=\"https:\/\/i0.wp.com\/e00-elmundo.uecdn.es\/assets\/multimedia\/imagenes\/2019\/09\/19\/15689123172563.jpg?w=640&#038;ssl=1\" alt=\"\"\/><figcaption>De iz..a der.: el escritor Enrique Amor\u00edm, Garc\u00eda Lorca, Juan Jos\u00e9 Amor\u00edm y el music\u00f3logo Luis Pedro Mondino en Uruguay, 1934.<\/figcaption><\/figure>\n\n\n\n<p>Luego est\u00e1 el t\u00edtulo de la exposici\u00f3n que es un brillante hallazgo: \u00ab<strong>Federico vislumbra el encuentro amoroso en los jardines rom\u00e1nticos<\/strong>\n -sostiene el comisario de la muestra-, una suerte de espacio de \ncreaci\u00f3n literaria donde halla descanso su deseo homoer\u00f3tico y los \nhombres a los que am\u00f3\u00bb. El jard\u00edn es una eleg\u00eda de Lope y recuerda \naquella frase deliciosa de Pedro Soto de Rojas que rememoraba \u00ablos \njardines abiertos para pocos\u00bb. Que sea un jard\u00edn deshecho tiene que ver \ncon el rumbo que cobr\u00f3 su vida, su tr\u00e1gico final, aquel \u00abyo le met\u00ed dos \ntiros en el culo por maric\u00f3n\u00bb que vomit\u00f3 esos d\u00edas terribles un conocido\n personaje granadino. <\/p>\n\n\n\n<p><em>Lorca y el amor<\/em> ocupa todas las \nsalas expositivas del centro ubicado en la plaza de la Romanilla, a la \nsombra de la Catedral de Granada. En 1937, Vicente Aleixandre dijo de \n\u00e9l: \u00abAm\u00f3 mucho, cualidad que algunos superficiales le negaron. Y sufri\u00f3 \npor amor, lo que probablemente nadie supo\u00bb. Las cinco salas en las que \nse divide la muestra son otros cinco grandes momentos de su vida. La \nprimera rememora sus inicios como poeta entre 1916 y 1918, los amores \nimposibles o no correspondidos y el nacimiento a una conciencia social \nque lo acompa\u00f1ar\u00e1 durante las dos siguientes d\u00e9cadas. La segunda sala \ndetalla <strong>su relaci\u00f3n con Salvador Dal\u00ed <\/strong> qu\u00e9 el pintor \ncalific\u00f3 como \u00abun amor er\u00f3tico y tr\u00e1gico por el hecho de no poderlo \ncompartir\u00bb y que el poeta tuvo siempre como uno de los m\u00e1s apasionados y\n sinceros de su vida. En la tercera sala, Federico marcha a Nueva York, \ncompone su <em>Poeta<\/em>, la c\u00e9lebre <em>Oda a Walt Whitman<\/em> y su valiente drama homoer\u00f3tico titulado <em>El p\u00fablico<\/em>.\n Las dos \u00faltimas salas est\u00e1n dedicadas a sus a\u00f1os en Madrid, su madurez \ncomo dramaturgo y a la relaci\u00f3n que mantuvo con Rafael Rodr\u00edguez Rap\u00fan, \nquiz\u00e1 el amor de su vida, que lo acompa\u00f1\u00f3 los primeros a\u00f1os treinta con \nel grupo teatral de La Barraca.<\/p>\n\n\n\n<figure class=\"wp-block-image\"><img data-recalc-dims=\"1\" decoding=\"async\" src=\"https:\/\/i0.wp.com\/e00-elmundo.uecdn.es\/assets\/multimedia\/imagenes\/2019\/09\/19\/15689127605672.jpg?w=640&#038;ssl=1\" alt=\"\"\/><figcaption>Ilustraci\u00f3n de FGL para &#8216;El tabern\u00e1culo&#8217; y el &#8216;Poeta en Nueva York&#8217;.<\/figcaption><\/figure>\n\n\n\n<p>Federico  dec\u00eda de s\u00ed mismo: \u00abSoy un hombre hecho para desear y no para  conseguir\u00bb. Y antes de que lo mataran sostuvo: \u00abQue no se acabe nunca la  madeja \/ del te quiero me quieres\u00bb. <strong>Lorca desde\u00f1\u00f3 siempre la homofobia que sent\u00eda tan cerca<\/strong>  y las murmuraciones a prop\u00f3sito de su deseo hacia los hombres. Tan solo  se cuid\u00f3 para que su familia no sufriera a causa suya. El autor de <em>La Casa de Bernarda Alba<\/em>  no pens\u00f3 jam\u00e1s que morir\u00eda de un tiro, una ma\u00f1ana muy temprano en un  paraje a las afueras de su Granada. Antes de recluirse en la casa de los  Rosales en aquellos d\u00edas negros del comienzo de la guerra, Federico  habr\u00eda de recordar sus \u00abSonetos del amor oscuro\u00bb donde transparenta la  literatura del renacimiento, de Petrarca a San Juan de la Cruz, la  poes\u00eda \u00e1rabe que tan cerca tuvo, la alargada sombra de Santa Teresa, la  visi\u00f3n permanente del amado y ese irrenunciable anhelo por convertir  cada verso suyo en un acto leg\u00edtimo y sincero de amor. A modo de  testamento, Federico dej\u00f3 escrito: \u00abQuiero dormir el sue\u00f1o de las  manzanas, \/ alejarme del tumulto de los cementerios. \/ Quiero dormir el  sue\u00f1o de aquel ni\u00f1o \/ que quer\u00eda cortarse el coraz\u00f3n en alta mar\u00bb.<\/p>\n\n\n\n<p>MANUEL MATEO P\u00c9REZGranada<\/p>\n\n\n\n<p>FOTO:  Lorca con su amigo Philip Cummings en Eden Mills, Vermont, 1929. CENTRO FEDERICO GARC\u00cdA LORCA <\/p>\n\n\n\n<p><a href=\"https:\/\/www.elmundo.es\/cultura\/2019\/09\/20\/5d83b171fc6c838e648b45b3.html\">https:\/\/www.elmundo.es\/cultura\/2019\/09\/20\/5d83b171fc6c838e648b45b3.html<\/a><\/p>\n","protected":false},"excerpt":{"rendered":"<p>El centro que custodia su legado en Granada inaugura \u00abJard\u00edn deshecho\u00bb, la primera gran muestra&#8230;<\/p>\n","protected":false},"author":1,"featured_media":34073,"comment_status":"closed","ping_status":"closed","sticky":false,"template":"","format":"standard","meta":{"_coblocks_attr":"","_coblocks_dimensions":"","_coblocks_responsive_height":"","_coblocks_accordion_ie_support":"","jetpack_post_was_ever_published":false,"_jetpack_newsletter_access":"","_jetpack_dont_email_post_to_subs":false,"_jetpack_newsletter_tier_id":0,"_jetpack_memberships_contains_paywalled_content":false,"_jetpack_memberships_contains_paid_content":false,"footnotes":"","jetpack_publicize_message":"","jetpack_publicize_feature_enabled":true,"jetpack_social_post_already_shared":false,"jetpack_social_options":{"image_generator_settings":{"template":"highway","default_image_id":0,"enabled":false},"version":2}},"categories":[12,1161,186,9,44,15],"tags":[6414,129,489],"class_list":["post-34072","post","type-post","status-publish","format-standard","has-post-thumbnail","hentry","category-cultura","category-ciudadania","category-instituciones","category-medio-ambiente","category-noticias-de-hoy","category-ultimas-noticias","tag-centro-federico-garcia-lorca","tag-granada","tag-lorca"],"jetpack_publicize_connections":[],"jetpack_featured_media_url":"https:\/\/i0.wp.com\/miradordeatarfe.es\/wp-content\/uploads\/2019\/09\/15689119801533.jpg?fit=600%2C400&ssl=1","jetpack_likes_enabled":true,"jetpack_sharing_enabled":true,"_links":{"self":[{"href":"https:\/\/miradordeatarfe.es\/index.php?rest_route=\/wp\/v2\/posts\/34072","targetHints":{"allow":["GET"]}}],"collection":[{"href":"https:\/\/miradordeatarfe.es\/index.php?rest_route=\/wp\/v2\/posts"}],"about":[{"href":"https:\/\/miradordeatarfe.es\/index.php?rest_route=\/wp\/v2\/types\/post"}],"author":[{"embeddable":true,"href":"https:\/\/miradordeatarfe.es\/index.php?rest_route=\/wp\/v2\/users\/1"}],"replies":[{"embeddable":true,"href":"https:\/\/miradordeatarfe.es\/index.php?rest_route=%2Fwp%2Fv2%2Fcomments&post=34072"}],"version-history":[{"count":1,"href":"https:\/\/miradordeatarfe.es\/index.php?rest_route=\/wp\/v2\/posts\/34072\/revisions"}],"predecessor-version":[{"id":34074,"href":"https:\/\/miradordeatarfe.es\/index.php?rest_route=\/wp\/v2\/posts\/34072\/revisions\/34074"}],"wp:featuredmedia":[{"embeddable":true,"href":"https:\/\/miradordeatarfe.es\/index.php?rest_route=\/wp\/v2\/media\/34073"}],"wp:attachment":[{"href":"https:\/\/miradordeatarfe.es\/index.php?rest_route=%2Fwp%2Fv2%2Fmedia&parent=34072"}],"wp:term":[{"taxonomy":"category","embeddable":true,"href":"https:\/\/miradordeatarfe.es\/index.php?rest_route=%2Fwp%2Fv2%2Fcategories&post=34072"},{"taxonomy":"post_tag","embeddable":true,"href":"https:\/\/miradordeatarfe.es\/index.php?rest_route=%2Fwp%2Fv2%2Ftags&post=34072"}],"curies":[{"name":"wp","href":"https:\/\/api.w.org\/{rel}","templated":true}]}}