{"id":34081,"date":"2019-09-29T09:15:45","date_gmt":"2019-09-29T07:15:45","guid":{"rendered":"http:\/\/miradordeatarfe.es\/?p=34081"},"modified":"2019-09-26T12:55:34","modified_gmt":"2019-09-26T10:55:34","slug":"la-foto-de-la-generacion-bunker","status":"publish","type":"post","link":"https:\/\/miradordeatarfe.es\/?p=34081","title":{"rendered":"La foto de la &#8216;generaci\u00f3n b\u00fanker&#8217;"},"content":{"rendered":"\n<h4 class=\"wp-block-heading\">Los menores consumen Internet y televisi\u00f3n intensivamente y sin control familiar<\/h4>\n\n\n\n<p>Tejen sus amistades en el ciberespacio. Tanto que cuatro de cada 10 \ntienen amigos virtuales a los que no han visto nunca. Dedican gran parte\n de su tiempo -el 42%, m\u00e1s de dos horas al d\u00eda en jornadas lectivas- a \nnavegar por Internet y a ver la televisi\u00f3n. Tambi\u00e9n en el llamado \nhorario protegido, y sin ninguna pega por parte de sus padres. Son lo \nque algunos han llamado la <em>generaci\u00f3n b\u00fanker:<\/em> los menores de \nentre 12 y 18 a\u00f1os, que han interiorizado tanto el uso de las nuevas \ntecnolog\u00edas que ya no podr\u00edan prescindir de ellas. Una encuesta del \nDefensor del Pueblo y Unicef extrae la radiograf\u00eda de este grupo de \npoblaci\u00f3n, consciente, sin embargo, de que no todos los contenidos que \nconsume son adecuados para los adolescentes.<\/p>\n\n\n\n<p><strong>Cuatro de cada 10 tienen amigos cibern\u00e9ticos a los que no han visto<\/strong><\/p>\n\n\n\n<p>La mayor\u00eda reconoce que la tele no colabora con su educaci\u00f3n<\/p>\n\n\n\n<p>Ayer,\n a la vista de los resultados -extra\u00eddos a partir de una muestra de \n3.219 alumnos de entre 12 y 18 a\u00f1os-, la Defensora del Pueblo, Mar\u00eda \nLuisa Cava del Llano, reclam\u00f3 la creaci\u00f3n de una autoridad audiovisual \nindependiente para proteger los derechos de los menores. Cava del Llano \nse mostr\u00f3 preocupada por la exposici\u00f3n de los menores a contenidos \nnocivos.<\/p>\n\n\n\n<p>El 64% de los adolescentes cuelga im\u00e1genes privadas (tanto propias \ncomo ajenas) en Internet, sin ninguna protecci\u00f3n. El 14% asegura haber \nrecibido proposiciones sexuales; y el 11%, insultos y amenazas a trav\u00e9s \nde la Red. Adem\u00e1s, reconocen que sus padres apenas controlan el uso que \nhacen de la Red. Seis de cada 10 menores navegan sin que ning\u00fan adulto \nse meta con el tiempo que permanecen conectados ni con lo que hacen en \nInternet.<\/p>\n\n\n\n<p>La que puede llegar a convertirse en una \u00abgeneraci\u00f3n b\u00fanker\u00bb -los \nadolescentes que se encierran en su habitaci\u00f3n para conectarse durante \nhoras a Internet aislados de su familia-, seg\u00fan la Defensora del Pueblo,\n pasa ante el televisor m\u00e1s de dos horas al d\u00eda de media en las jornadas\n lectivas y m\u00e1s de tres los fines de semana. Es m\u00e1s, sus programas \nfavoritos suelen ser aquellos difundidos fuera del horario de protecci\u00f3n\n (a partir de las 22.00 horas). Su cadena favorita es Antena 3 y los \nprogramas m\u00e1s vistos, <em>F\u00edsica o qu\u00edmica, Los Simpson<\/em> y otras series.<\/p>\n\n\n\n<p>La mitad de los menores, sin embargo, considera que la programaci\u00f3n \n\u00abno colabora en su educaci\u00f3n\u00bb y critican muchos \u00abgestos y lenguajes\u00bb que\n son \u00abofensivos e insultantes\u00bb. \u00abIgual que ocurre en los mayores, los \nadolescentes creen estar preparados para muchos contenidos que, sin \nembargo, censurar\u00edan a sus hermanos peque\u00f1os\u00bb, analiz\u00f3 la profesora de \nla Universidad Aut\u00f3noma de Madrid y coautora del estudio, Esperanza \nOcha\u00edta.<\/p>\n\n\n\n<p><a href=\"https:\/\/elpais.com\/autor\/maria_rodriguez_sahuquillo\/a\/\">Mar\u00eda R. Sahuquillo<\/a><\/p>\n\n\n\n<p> * Este art\u00edculo apareci\u00f3 en la edici\u00f3n impresa del S\u00e1bado, 6 de noviembre de 2010 en el Pais<\/p>\n\n\n\n<figure class=\"wp-block-image\"><img data-recalc-dims=\"1\" loading=\"lazy\" decoding=\"async\" width=\"640\" height=\"384\" src=\"https:\/\/i0.wp.com\/miradordeatarfe.es\/wp-content\/uploads\/2019\/09\/grafinterngran.jpg?resize=640%2C384&#038;ssl=1\" alt=\"\" class=\"wp-image-34082\" srcset=\"https:\/\/i0.wp.com\/miradordeatarfe.es\/wp-content\/uploads\/2019\/09\/grafinterngran.jpg?w=825&amp;ssl=1 825w, https:\/\/i0.wp.com\/miradordeatarfe.es\/wp-content\/uploads\/2019\/09\/grafinterngran.jpg?resize=300%2C180&amp;ssl=1 300w, https:\/\/i0.wp.com\/miradordeatarfe.es\/wp-content\/uploads\/2019\/09\/grafinterngran.jpg?resize=768%2C461&amp;ssl=1 768w, https:\/\/i0.wp.com\/miradordeatarfe.es\/wp-content\/uploads\/2019\/09\/grafinterngran.jpg?resize=600%2C360&amp;ssl=1 600w\" sizes=\"auto, (max-width: 640px) 100vw, 640px\" \/><\/figure>\n\n\n\n<p>foto: http:\/\/www.sobrepantalles.net\/2010\/11\/la-generacion-del-bunker\/<\/p>\n\n\n\n<p>FOTO PORTADA:  Bea Guilabert Lloret <\/p>\n","protected":false},"excerpt":{"rendered":"<p>Los menores consumen Internet y televisi\u00f3n intensivamente y sin control familiar Tejen sus amistades en&#8230;<\/p>\n","protected":false},"author":1,"featured_media":34083,"comment_status":"closed","ping_status":"closed","sticky":false,"template":"","format":"standard","meta":{"_coblocks_attr":"","_coblocks_dimensions":"","_coblocks_responsive_height":"","_coblocks_accordion_ie_support":"","jetpack_post_was_ever_published":false,"_jetpack_newsletter_access":"","_jetpack_dont_email_post_to_subs":false,"_jetpack_newsletter_tier_id":0,"_jetpack_memberships_contains_paywalled_content":false,"_jetpack_memberships_contains_paid_content":false,"footnotes":"","jetpack_publicize_message":"","jetpack_publicize_feature_enabled":true,"jetpack_social_post_already_shared":false,"jetpack_social_options":{"image_generator_settings":{"template":"highway","default_image_id":0,"enabled":false},"version":2}},"categories":[1161,9,44,15,10],"tags":[6417,963,2066],"class_list":["post-34081","post","type-post","status-publish","format-standard","has-post-thumbnail","hentry","category-ciudadania","category-medio-ambiente","category-noticias-de-hoy","category-ultimas-noticias","category-salud","tag-generacion-bunker","tag-ordenadores","tag-television"],"jetpack_publicize_connections":[],"jetpack_featured_media_url":"https:\/\/i0.wp.com\/miradordeatarfe.es\/wp-content\/uploads\/2019\/09\/nic3b1os-bc3banker.jpg?fit=594%2C433&ssl=1","jetpack_likes_enabled":true,"jetpack_sharing_enabled":true,"_links":{"self":[{"href":"https:\/\/miradordeatarfe.es\/index.php?rest_route=\/wp\/v2\/posts\/34081","targetHints":{"allow":["GET"]}}],"collection":[{"href":"https:\/\/miradordeatarfe.es\/index.php?rest_route=\/wp\/v2\/posts"}],"about":[{"href":"https:\/\/miradordeatarfe.es\/index.php?rest_route=\/wp\/v2\/types\/post"}],"author":[{"embeddable":true,"href":"https:\/\/miradordeatarfe.es\/index.php?rest_route=\/wp\/v2\/users\/1"}],"replies":[{"embeddable":true,"href":"https:\/\/miradordeatarfe.es\/index.php?rest_route=%2Fwp%2Fv2%2Fcomments&post=34081"}],"version-history":[{"count":1,"href":"https:\/\/miradordeatarfe.es\/index.php?rest_route=\/wp\/v2\/posts\/34081\/revisions"}],"predecessor-version":[{"id":34084,"href":"https:\/\/miradordeatarfe.es\/index.php?rest_route=\/wp\/v2\/posts\/34081\/revisions\/34084"}],"wp:featuredmedia":[{"embeddable":true,"href":"https:\/\/miradordeatarfe.es\/index.php?rest_route=\/wp\/v2\/media\/34083"}],"wp:attachment":[{"href":"https:\/\/miradordeatarfe.es\/index.php?rest_route=%2Fwp%2Fv2%2Fmedia&parent=34081"}],"wp:term":[{"taxonomy":"category","embeddable":true,"href":"https:\/\/miradordeatarfe.es\/index.php?rest_route=%2Fwp%2Fv2%2Fcategories&post=34081"},{"taxonomy":"post_tag","embeddable":true,"href":"https:\/\/miradordeatarfe.es\/index.php?rest_route=%2Fwp%2Fv2%2Ftags&post=34081"}],"curies":[{"name":"wp","href":"https:\/\/api.w.org\/{rel}","templated":true}]}}