{"id":34089,"date":"2019-09-29T08:45:32","date_gmt":"2019-09-29T06:45:32","guid":{"rendered":"http:\/\/miradordeatarfe.es\/?p=34089"},"modified":"2019-09-26T20:29:31","modified_gmt":"2019-09-26T18:29:31","slug":"alcampo-y-dani-los-supermercados-mas-baratos-para-comprar-y-sanchez-romero-y-ulabox-los-mas-caros","status":"publish","type":"post","link":"https:\/\/miradordeatarfe.es\/?p=34089","title":{"rendered":"Alcampo y Dani, los supermercados m\u00e1s baratos para comprar y S\u00e1nchez Romero y Ulabox los m\u00e1s caros"},"content":{"rendered":"\n<h4 class=\"wp-block-heading\">Seg\u00fan la OCU se puede ahorrar m\u00e1s de 1.000 euros en la cesta de la compra, dependiendo de d\u00f3nde se haga<\/h4>\n\n\n\n<p>Una familia espa\u00f1ola puede ahorrar una media de 1.063 euros al a\u00f1o en\n la cesta de la compra dependiendo del establecimiento en el que compre,\n lo que supone casi la quinta parte del gasto anual en alimentaci\u00f3n de \nun hogar medio, seg\u00fan un estudio de la Organizaci\u00f3n de Consumidores y \nUsuarios (OCU) sobre el coste de la cesta de la compra.<\/p>\n\n\n\n<p>En\n concreto, el ahorro medio se ha incrementado en un 12,3% respecto a \n2018. As\u00ed, Alcobendas es la ciudad espa\u00f1ola donde m\u00e1s se puede ahorrar \n(3.554 euros) a la hora de hacer la compra y Marbella la que menos (207 \neuros).<\/p>\n\n\n\n<p>El hipermercado Alcampo de Coia en Vigo se sit\u00faa como el \nestablecimiento m\u00e1s barato de Espa\u00f1a de los supermercados visitados por \nla OCU, mientras que por cadenas se sit\u00faan Dani y Tifer como las m\u00e1s \nasequibles. Tres establecimientos de S\u00e1nchez Romero en Madrid (Castell\u00f3,\n Maurr\u00e1s y Alcobendas) son los m\u00e1s caros, seguido de Suma, Ulabox y \nSorli Discau.<\/p>\n\n\n\n<p>Seg\u00fan la OCU, las ciudades donde m\u00e1s barato resulta hacer la compra \nson Almer\u00eda, Ciudad Real, Jerez de la Frontera, Palencia, Puertollano, \nVigo y Zamora. Por el contrario, Palma de Mallorca y Barcelona son las \nm\u00e1s caras junto a Lleida y Madrid.<\/p>\n\n\n\n<p>Por comunidades aut\u00f3nomas, Galicia y Murcia son las regiones m\u00e1s \nbaratas para hacer la compra, en tanto que Catalu\u00f1a y especialmente \nBaleares son las m\u00e1s caras.<\/p>\n\n\n\n<p>El informe, que analiza casi 184.000 precios de una cesta de 244 \nproductos de 1.225 establecimientos repartidos por todo 65 ciudades \nespa\u00f1olas e Internet.<\/p>\n\n\n\n<p>Respecto a las cadenas, la mitad de las cadenas analizadas han bajado\n precios este a\u00f1o, siendo los m\u00e1s destacados Gadis (-2,7%), Alcampo \n(-2,5%) y Alimerka (-2%), mientras que en el lado contrario se sit\u00faa \nCarrefour (2,8%), Supersol (2,5%), Carrefour Market (2%) y Eroski City \n(1,8%) como los que m\u00e1s han subido en promedio sus precios.<\/p>\n\n\n\n<p>El informe realizado por la OCU muestra que frente a lo ocurrido en \notros a\u00f1os, en 2019 son los productos de marca los que m\u00e1s han subido \nsus precios.<\/p>\n\n\n\n<p>De esta forma, Alcampo releva este a\u00f1o a Mercadona como la opci\u00f3n m\u00e1s\n barata para hacer la compra en Espa\u00f1a en 31 ciudades, mientras que la \ncadena de Juan Roig es la m\u00e1s asequible en 16. \u00abAlcampo ha superado a \nMercadona porque este a\u00f1o ha destacado por bajar los precios, mientras \nque Mercadona los ha subido y se ha producido el intercambio de \npapeles\u00bb, ha indicado el responsable t\u00e9cnico del estudio, Miguel Angel \nPascual.<\/p>\n\n\n\n<p>De esta forma, el estudio constata que el gasto en alimentaci\u00f3n ha \nsubido este a\u00f1o un 2,6%, hasta alcanzar una media de gasto de 5.113 \neuros, una cifra que todav\u00eda est\u00e1 muy alejada de la inversi\u00f3n que \nrealizaban los espa\u00f1oles antes de la crisis. \u00abLas familias espa\u00f1olas \ntienen todav\u00eda heridas de guerra de la anterior crisis. No nos hemos \nrecuperado\u00bb, ha indicado la portavoz de la OCU, Ileana Izverniceanu.<\/p>\n\n\n\n<p>Los precios este a\u00f1o se han elevado en un 0,3%, un incremento modesto\n en comparaci\u00f3n con la inflaci\u00f3n en ese periodo que fue del 0,8%. As\u00ed, \nen los 244 productos analizados predominan subidas (55%) frente al 45% \nde productos que bajan su precio medio.<\/p>\n\n\n\n<p>El informe muestra que el producto que m\u00e1s ha bajado el precio es el  aceite, que registra una ca\u00edda de m\u00e1s del 27%, seguida por fresones  (-12,5%), y calabacines (-11,3%), mientras que los que han subido  precios son cebollas (+44%), patatas (+29,8%) y la carne de conejo  (+11%).<\/p>\n\n\n\n<p>OCU<\/p>\n\n\n\n<p><a href=\"https:\/\/cincodias.elpais.com\/cincodias\/2019\/09\/25\/companias\/1569407203_450434.html\">https:\/\/cincodias.elpais.com\/cincodias\/2019\/09\/25\/companias\/1569407203_450434.html<\/a><\/p>\n","protected":false},"excerpt":{"rendered":"<p>Seg\u00fan la OCU se puede ahorrar m\u00e1s de 1.000 euros en la cesta de la&#8230;<\/p>\n","protected":false},"author":1,"featured_media":0,"comment_status":"closed","ping_status":"closed","sticky":false,"template":"","format":"standard","meta":{"_coblocks_attr":"","_coblocks_dimensions":"","_coblocks_responsive_height":"","_coblocks_accordion_ie_support":"","jetpack_post_was_ever_published":false,"_jetpack_newsletter_access":"","_jetpack_dont_email_post_to_subs":false,"_jetpack_newsletter_tier_id":0,"_jetpack_memberships_contains_paywalled_content":false,"_jetpack_memberships_contains_paid_content":false,"footnotes":"","jetpack_publicize_message":"","jetpack_publicize_feature_enabled":true,"jetpack_social_post_already_shared":false,"jetpack_social_options":{"image_generator_settings":{"template":"highway","default_image_id":0,"enabled":false},"version":2}},"categories":[1161,9,44,15],"tags":[6234,6420,2847,6419],"class_list":["post-34089","post","type-post","status-publish","format-standard","hentry","category-ciudadania","category-medio-ambiente","category-noticias-de-hoy","category-ultimas-noticias","tag-barato","tag-caro","tag-compras","tag-supermercado"],"jetpack_publicize_connections":[],"jetpack_featured_media_url":"","jetpack_likes_enabled":true,"jetpack_sharing_enabled":true,"_links":{"self":[{"href":"https:\/\/miradordeatarfe.es\/index.php?rest_route=\/wp\/v2\/posts\/34089","targetHints":{"allow":["GET"]}}],"collection":[{"href":"https:\/\/miradordeatarfe.es\/index.php?rest_route=\/wp\/v2\/posts"}],"about":[{"href":"https:\/\/miradordeatarfe.es\/index.php?rest_route=\/wp\/v2\/types\/post"}],"author":[{"embeddable":true,"href":"https:\/\/miradordeatarfe.es\/index.php?rest_route=\/wp\/v2\/users\/1"}],"replies":[{"embeddable":true,"href":"https:\/\/miradordeatarfe.es\/index.php?rest_route=%2Fwp%2Fv2%2Fcomments&post=34089"}],"version-history":[{"count":1,"href":"https:\/\/miradordeatarfe.es\/index.php?rest_route=\/wp\/v2\/posts\/34089\/revisions"}],"predecessor-version":[{"id":34090,"href":"https:\/\/miradordeatarfe.es\/index.php?rest_route=\/wp\/v2\/posts\/34089\/revisions\/34090"}],"wp:attachment":[{"href":"https:\/\/miradordeatarfe.es\/index.php?rest_route=%2Fwp%2Fv2%2Fmedia&parent=34089"}],"wp:term":[{"taxonomy":"category","embeddable":true,"href":"https:\/\/miradordeatarfe.es\/index.php?rest_route=%2Fwp%2Fv2%2Fcategories&post=34089"},{"taxonomy":"post_tag","embeddable":true,"href":"https:\/\/miradordeatarfe.es\/index.php?rest_route=%2Fwp%2Fv2%2Ftags&post=34089"}],"curies":[{"name":"wp","href":"https:\/\/api.w.org\/{rel}","templated":true}]}}