{"id":34126,"date":"2019-09-28T09:57:08","date_gmt":"2019-09-28T07:57:08","guid":{"rendered":"http:\/\/miradordeatarfe.es\/?p=34126"},"modified":"2019-09-27T19:08:17","modified_gmt":"2019-09-27T17:08:17","slug":"27-s-huelga-mundial-por-el-clima-2019-solo-tenemos-un-planeta-y-nos-lo-estamos-cargando","status":"publish","type":"post","link":"https:\/\/miradordeatarfe.es\/?p=34126","title":{"rendered":"27-S Huelga Mundial por el Clima 2019: Solo tenemos un planeta y nos lo estamos cargando"},"content":{"rendered":"\n<h4 class=\"wp-block-heading\">Hasta 150 pa\u00edses se <a href=\"https:\/\/www.lavanguardia.com\/natural\/20190927\/47656575966\/huelga-mundial-clima-2019-27s-manifestacion-horario-recorrido-madrid-barcelona-valencia-sevilla-bilbao-malaga-hoy-en-directo.html\">h<\/a>an sumado a esta protesta para reivindicar que se tomen acciones contra el calentamiento global<\/h4>\n\n\n\n<p>NUESTOR MAS JOVENES DE ATARFE Nos lo han dicho alto y claro: <strong>\u00abDefendamos el Planeta que tendr\u00e1n que habitar ell@s\u00bb<\/strong><\/p>\n\n\n\n<figure><iframe loading=\"lazy\" src=\"https:\/\/www.facebook.com\/plugins\/video.php?href=https%3A%2F%2Fwww.facebook.com%2Fayuntamientoatarfe%2Fvideos%2F780378915755882%2F&amp;show_text=0&amp;width=560\" allowfullscreen=\"true\" width=\"560\" height=\"315\"><\/iframe><\/figure>\n\n\n\n<p>El mundo est\u00e1 en pie de guerra contra el <strong>cambio clim\u00e1tico<\/strong>. Una semana despu\u00e9s del discurso de <strong>Greta Thunberg<\/strong> hasta 150 pa\u00edses salen a la calle este<strong> 27-S<\/strong> para reivindicar a los gobiernos que luchen de verdad contra el calentamiento global. <\/p>\n\n\n\n<p>Estados Unidos, India o Corea del Sur ya han tomado las calles; mientras que las movilizaciones en <strong>Espa\u00f1a <\/strong>comenz\u00f3 a las 18 horas.<\/p>\n\n\n\n<p> La lucha contra el <strong><a href=\"https:\/\/elpais.com\/tag\/huelga_cambio_climatico\/a\">cambio clim\u00e1tico<\/a><\/strong>  tiene este viernes una cita en todo el mundo. Despu\u00e9s de una semana de  movilizaciones alrededor del planeta, tras una manifestaci\u00f3n en Nueva  York que encabez\u00f3 hoy hace siete d\u00edas la joven activista sueca\u00a0<a href=\"https:\/\/elpais.com\/tag\/greta_thunberg_ernman\/a\">Greta Thunberg<\/a>, y en el marco de la Asamblea General de la ONU que tuvo el medio ambiente\u00a0entre sus puntos de debate,\u00a0millones de personas vuelven a pedir hoy acciones reales para luchar contra el calentamiento global. <\/p>\n\n\n\n<p>La <strong><a href=\"https:\/\/elpais.com\/tag\/huelga_cambio_climatico\/a\">huelga mundial por el clima<\/a><\/strong>  se sigue hoy en 150 pa\u00edses, seg\u00fan la web Global Climate Strike. En  Espa\u00f1a, medio millar de organizaciones, sindicatos, asociaciones  ecologistas y partidos se han adherido a la protesta, que ha comenzado  en torno a las seis de la tarde. Pero antes, a mediod\u00eda, grupos de  estudiantes ya han protestado en todo el pa\u00eds. <\/p>\n\n\n\n<p> La joven activista sueca Greta Thunberg, l\u00edder del movimiento juvenil  contra la crisis clim\u00e1tica, acus\u00f3 este lunes a los jefes de Estado y de  Gobierno de no hacer lo suficiente para revertir la crisis clim\u00e1tica y  les avis\u00f3 de que los j\u00f3venes van a empezar el cambio, \u00ables guste o no\u00bb.  \u00abAqu\u00ed y ahora es donde damos un paso adelante, el cambio viene, les  guste o no\u00bb, dijo Greta en el comienzo de la Cumbre de Acci\u00f3n Clim\u00e1tica  que se celebr\u00f3 en la sede de Naciones Unidas. <\/p>\n\n\n\n<figure class=\"wp-block-embed-youtube wp-block-embed is-type-video is-provider-youtube wp-embed-aspect-4-3 wp-has-aspect-ratio\"><div class=\"wp-block-embed__wrapper\">\n<iframe loading=\"lazy\" title=\"Greta Thunberg a los l\u00edderes mundiales: \u00bfC\u00f3mo os atrev\u00e9is?\" width=\"640\" height=\"480\" src=\"https:\/\/www.youtube.com\/embed\/TYsxJ49mGDI?feature=oembed\" frameborder=\"0\" allow=\"accelerometer; autoplay; clipboard-write; encrypted-media; gyroscope; picture-in-picture; web-share\" referrerpolicy=\"strict-origin-when-cross-origin\" allowfullscreen><\/iframe>\n<\/div><\/figure>\n","protected":false},"excerpt":{"rendered":"<p>Hasta 150 pa\u00edses se han sumado a esta protesta para reivindicar que se tomen acciones&#8230;<\/p>\n","protected":false},"author":1,"featured_media":34127,"comment_status":"closed","ping_status":"closed","sticky":false,"template":"","format":"standard","meta":{"_coblocks_attr":"","_coblocks_dimensions":"","_coblocks_responsive_height":"","_coblocks_accordion_ie_support":"","jetpack_post_was_ever_published":false,"_jetpack_newsletter_access":"","_jetpack_dont_email_post_to_subs":false,"_jetpack_newsletter_tier_id":0,"_jetpack_memberships_contains_paywalled_content":false,"_jetpack_memberships_contains_paid_content":false,"footnotes":"","jetpack_publicize_message":"","jetpack_publicize_feature_enabled":true,"jetpack_social_post_already_shared":false,"jetpack_social_options":{"image_generator_settings":{"template":"highway","default_image_id":0,"enabled":false},"version":2}},"categories":[1],"tags":[81,271,191],"class_list":["post-34126","post","type-post","status-publish","format-standard","has-post-thumbnail","hentry","category-uncategorized","tag-atarfe","tag-cambio-climatico","tag-huelga"],"jetpack_publicize_connections":[],"jetpack_featured_media_url":"https:\/\/i0.wp.com\/miradordeatarfe.es\/wp-content\/uploads\/2019\/09\/1569565482_518286_1569578628_noticia_fotograma.jpg?fit=980%2C552&ssl=1","jetpack_likes_enabled":true,"jetpack_sharing_enabled":true,"_links":{"self":[{"href":"https:\/\/miradordeatarfe.es\/index.php?rest_route=\/wp\/v2\/posts\/34126","targetHints":{"allow":["GET"]}}],"collection":[{"href":"https:\/\/miradordeatarfe.es\/index.php?rest_route=\/wp\/v2\/posts"}],"about":[{"href":"https:\/\/miradordeatarfe.es\/index.php?rest_route=\/wp\/v2\/types\/post"}],"author":[{"embeddable":true,"href":"https:\/\/miradordeatarfe.es\/index.php?rest_route=\/wp\/v2\/users\/1"}],"replies":[{"embeddable":true,"href":"https:\/\/miradordeatarfe.es\/index.php?rest_route=%2Fwp%2Fv2%2Fcomments&post=34126"}],"version-history":[{"count":1,"href":"https:\/\/miradordeatarfe.es\/index.php?rest_route=\/wp\/v2\/posts\/34126\/revisions"}],"predecessor-version":[{"id":34128,"href":"https:\/\/miradordeatarfe.es\/index.php?rest_route=\/wp\/v2\/posts\/34126\/revisions\/34128"}],"wp:featuredmedia":[{"embeddable":true,"href":"https:\/\/miradordeatarfe.es\/index.php?rest_route=\/wp\/v2\/media\/34127"}],"wp:attachment":[{"href":"https:\/\/miradordeatarfe.es\/index.php?rest_route=%2Fwp%2Fv2%2Fmedia&parent=34126"}],"wp:term":[{"taxonomy":"category","embeddable":true,"href":"https:\/\/miradordeatarfe.es\/index.php?rest_route=%2Fwp%2Fv2%2Fcategories&post=34126"},{"taxonomy":"post_tag","embeddable":true,"href":"https:\/\/miradordeatarfe.es\/index.php?rest_route=%2Fwp%2Fv2%2Ftags&post=34126"}],"curies":[{"name":"wp","href":"https:\/\/api.w.org\/{rel}","templated":true}]}}