{"id":34192,"date":"2019-10-01T11:30:51","date_gmt":"2019-10-01T09:30:51","guid":{"rendered":"http:\/\/miradordeatarfe.es\/?p=34192"},"modified":"2020-06-26T12:30:55","modified_gmt":"2020-06-26T10:30:55","slug":"seguimos-saltando-y-corremos-por-el-tropico-por-manuel-jimenez","status":"publish","type":"post","link":"https:\/\/miradordeatarfe.es\/?p=34192","title":{"rendered":"SEGUIMOS SALTANDO Y CORREMOS POR EL TR\u00d3PICO por Manuel Jim\u00e9nez"},"content":{"rendered":"\n<h4 class=\"wp-block-heading\"> La siguiente revoluci\u00f3n en el salto de altura esperemos tenga su sede en nuestras  pistas atarfe\u00f1as pues ahora con el set de altura que ha comprado el CLUB  ATLETISMO CIUDAD ATARFE contando para ello con una subvenci\u00f3n de la  Junta de Andaluc\u00eda ser\u00e1n muchos los atletas que se pongan a ello <\/h4>\n\n\n\n<p>Hoy continuamos analizando la prueba de salto de altura centr\u00e1ndonos en las chicas. El record mundial lo ostenta desde un lejano 30 de agosto de 1987 en el Mundial de Roma la b\u00falgara Stefka Kostadinova con 2.09. Stefka fue una elegante atleta que consigui\u00f3 el primado ol\u00edmpico (Atlanta 1996), doble mundial (Roma \u201987 y Goteborg \u201895) y europeo (Stuttgart \u201986). Adem\u00e1s fue subcampeona ol\u00edmpica en Se\u00fal 1988, cinco veces campeona mundial indoor y cuatro veces campeona europea indoor, esto es, domin\u00f3 el salto vertical a nivel mundial durante m\u00e1s de una docena de a\u00f1os.  Suyos fueron tambi\u00e9n las plusmarcas mundiales sobre 2.07 (igualando a su compatriota Andonova) y 2.08 <\/p>\n\n\n\n<p>La primera mujer que super\u00f3 la barrera de los 2 metros fue la germana Ackermann en 1977, atleta que llev\u00f3 el tope mundial desde 1.94 hasta los citados dos metros. A nivel nacional huelga decir por sabido que la plusmarquista es Ruth Beitia con 2.02, la mejor atleta espa\u00f1ola de todos los tiempos, campeona ol\u00edmpica en R\u00edo de Janeiro 2016  y bronce en Londres 2012. Acumula Ruth otras 15 medallas a nivel internacional: 3 veces campeona de Europa al aire libre y una vez indoor; bronce mundial al aire libre m\u00e1s dos platas y dos bronces indoor. Y a nivel europeo indoor cuatro platas y un bronce.  <\/p>\n\n\n\n<p> El palmar\u00e9s de Ruth como vemos es abrumador, ha sido 65 veces internacional absoluta, la atleta con m\u00e1s internacionalidades y 13 veces campeona de Espa\u00f1a Absoluta al aire libre y 16 en pista cubierta. Adem\u00e1s sigue siendo la plusmarquista nacional en categor\u00edas juvenil, junior y promesa.  Repasando la historia mundial del salto de longitud nos tenemos que detener en la rumana Iolanda Balas que llev\u00f3 el record mundial desde los 1.75 conseguidos en 1956 hasta 1.91 en 1961. Se le conoc\u00eda como la \u201ctijera humana\u201d pues su t\u00e9cnica de salto era una variante algo sofisticada del viejo \u00abestilo tijera\u00bb, en lugar del \u00abrodillo ventral\u00bb, mucho m\u00e1s popular en su \u00e9poca y m\u00e1s eficiente desde el punto de vista biomec\u00e1nico. Sin embargo, seg\u00fan ella misma dec\u00eda:  \u00abMi estilo es quiz\u00e1 obsoleto, pero es el que se adec\u00faa mejor a la estructura de mi cuerpo\u00bb. <\/p>\n\n\n\n<p>Y es que el salto de altura ha sido una de las modalidades atl\u00e9ticas en que la t\u00e9cnica m\u00e1s ha evolucionado a lo largo de la historia. Se considera que el primer Salto de Altura se realiz\u00f3 en Escocia en el siglo XIX aunque en 1793 ya se mencionaba en un libro alem\u00e1n sobre gimnasia. Aquellos primeros saltadores ten\u00edan una t\u00e9cnica muy distinta a la actual. Algo tan simple como saltar de frente o costado, doblando las piernas bajo su cuerpo y con el torso pr\u00e1cticamente en posici\u00f3n vertical. Con esta t\u00e9cnica se marc\u00f3 el primer R\u00e9cord Mundial del Salto de Altura, establecido por el ingl\u00e9s Marshall Brooks en 1874: 1,89 metros. <\/p>\n\n\n\n<p>La t\u00e9cnica no tard\u00f3 en evolucionar al conocido como Estilo Tijera. En \u00e9l, el saltador se colocaba de manera paralela al list\u00f3n y pasaba primero la pierna m\u00e1s cercana a este y a continuaci\u00f3n la otra. El torso se inclinaba ligeramente hacia adelante para facilitar el salto. Ambos estilos pod\u00edan practicarse con carrera previa o sin ella.  <\/p>\n\n\n\n<p><br> A fines del siglo XIX, el estadounidense Michael Sweeney marc\u00f3 el primer punto de inflexi\u00f3n en el Salto de Altura. Por un lado, empez\u00f3 a prestar atenci\u00f3n a la carrera de acercamiento, una parte del salto desatendida hasta entonces. Y por otro, comenz\u00f3 a practicar el Salto de Tijera inclinando la espalda ligeramente hacia atr\u00e1s al cruzar el list\u00f3n. En 1895 salt\u00f3 1,97 metros. <\/p>\n\n\n\n<p><br> El siguiente paso en la evoluci\u00f3n del salto de altura vino de la mano de George Horine quien en 1912 super\u00f3 la barrera de los 2 metros por primera vez. Lo hizo con una t\u00e9cnica que se denomin\u00f3 Rodillo Californiano o Rodillo Costal, la t\u00e9cnica era similar a la de  Sweeney pero a\u00f1ad\u00eda un peque\u00f1o giro del cuerpo tras el salto lo que facilitaba el franqueo del list\u00f3n.  <br> Ya en la d\u00e9cada de 1940 se produjo la siguiente mejora al popularizarse una nueva t\u00e9cnica que se denomin\u00f3 Rodillo Ventral, parecido al costal pero en este caso el saltador franqueaba el list\u00f3n boca abajo, pasando alrededor de este casi a horcajadas. Con esta nueva t\u00e9cnica los r\u00e9cords empezaron a superarse poco a poco y en 1960 ya estaba en 2,23 metros. <\/p>\n\n\n\n<p> La siguiente revoluci\u00f3n vino con el sovi\u00e9tico Valery Brumel en los 50, prest\u00f3 m\u00e1s atenci\u00f3n a la carrera de acercamiento que aceleraron como nunca antes se hab\u00eda hecho. Tambi\u00e9n el salto empez\u00f3 a ser menos lateral y la parte superior del cuerpo pasaba ligeramente antes por el list\u00f3n. Esta nueva variante del Salto Ventral se denomin\u00f3 T\u00e9cnica Straddle. Con ella Brumel alcanz\u00f3 los 2,28 metros en 1963 y gan\u00f3 el Oro en los Juegos Ol\u00edmpicos de Tokio 1964.  <\/p>\n\n\n\n<p><br> Por fin y gracias a la evoluci\u00f3n de los materiales del \u00e1rea de ca\u00edda (pasamos de montones de viruta y arena a superficies altas y blandas) se permite que se marque un \u00faltimo gran punto de inflexi\u00f3n de este deporte hasta ahora. Dick Fosbury practicaba Salto de Altura desde muy joven, pero ten\u00eda serios problemas para aplicar la t\u00e9cnica del momento, que le parec\u00eda demasiado complicada. Cuando ten\u00eda 16 a\u00f1os se propuso experimentar otras para encontrar la mejor para \u00e9l. As\u00ed fue como, mientras estudiaba en la universidad, prob\u00f3 una nueva t\u00e9cnica basada en el Rodillo Costal. Igual que en aquella, deb\u00eda acercarse al list\u00f3n de manera transversal, pero a la hora de franquearlo a\u00f1ad\u00eda un nuevo giro. En lugar de saltar de manera lateral, Fosbury se colocaba de espaldas al list\u00f3n y pasaba primero la cabeza y los hombros.<\/p>\n\n\n\n<p> Aunque en aquel momento no lo sab\u00eda, hab\u00eda encontrado la forma m\u00e1s eficiente de realizar el salto, dejando menos espacio entre el centro de gravedad del cuerpo y la propia barra. <br> Al principio su nuevo estilo parec\u00eda rudimentario, poco sofisticado e incluso tuvo que aguantar ciertas burlas. Pero cuando en M\u00e9xico 1968 gan\u00f3 el Oro, las cosas empezaron a cambiar. Otros saltadores comenzaron a fijarse en aquella t\u00e9cnica y practicarla. En 1973, Dwight Stones super\u00f3 los 2,30 metros con esta t\u00e9cnica.  <\/p>\n\n\n\n<p><br> Confiemos en que la siguiente revoluci\u00f3n tenga su sede en nuestras pistas atarfe\u00f1as pues ahora con el set de altura que ha comprado el CLUB ATLETISMO CIUDAD ATARFE contando para ello con una subvenci\u00f3n de la Junta de Andaluc\u00eda ser\u00e1n muchos los atletas  que se pongan a ello.   <\/p>\n\n\n\n<p>Nueva entrega del Gran Premio Diputaci\u00f3n de Fondo en esta ocasi\u00f3n con la disputa del <strong>XXXI PRUEBA DE FONDO TR\u00d3PICO DE EUROPA <\/strong>en Almu\u00f1\u00e9car. <\/p>\n\n\n\n<p>Hasta all\u00ed se desplazaron bastantes atletas atarfe\u00f1os en representaci\u00f3n de los tres clubs locales con intereses en la ruta. Especial menci\u00f3n al cuarto puesto de la general y primer junior de Manuel Jim\u00e9nez L\u00f3pez, atleta de la Escuela Atletismo Atarfe encuadrado en el Nerja Atletismo consiguiendo un interesante crono de 33.24 a una media de 3.20\/km. <\/p>\n\n\n\n<p><em>Buena reentr\u00e9 de Manu en la competici\u00f3n en un oto\u00f1o\/invierno donde luchar\u00e1 por ganarse una plaza para representar a Espa\u00f1a en el Campeonato Europeo de Cross a disputar en Lisboa el 8 de diciembre.<\/em><\/p>\n\n\n\n<p> Segundo en l\u00ednea de meta fue Jos\u00e9 Antonio Justicia Ruiz 16\u00ba (7) bajando de 35 minutos algo m\u00e1s retrasado de lo que \u00e9l mismo esperaba aquejado de problemas de flato en la \u00faltima parte de la carrera.<\/p>\n\n\n\n<p>  A continuaci\u00f3n y en representaci\u00f3n de ATLETISMO CIUDAD ATARFE se clasificaron  Carlos Lucena Mart\u00edn 72 (7); 224 (43) Francisco Javier Villalba Parra, 232 (44) Francisco Javier Polo Galindo, 260 Antonio L\u00f3pez Madero, 560 (9\u00aa) Teresa Rica Tellado, 647 (117) Antonio M Carrillo S\u00e1nchez, 797 (21\u00aa) Elisabeth Lafuente Luz\u00f3n, 886 (32) Francisco J Maroto Gallego.<\/p>\n\n\n\n<p> Gran representaci\u00f3n por parte del Triatarfe con dos puestos de p\u00f3dium en grupos de edad. Sof\u00eda Oliva fue 2\u00aa promesa (32 de la general) y Manuel Puertas 2\u00ba en Veterano F (222). <\/p>\n\n\n\n<p>El resto por orden de llegada fueron Sergio Fuentes (45, 13), Jos\u00e9 Fco Fuentes S\u00e1nchez (48,12), Marcos Granado (194, 4), , Carmelo Molina (500, 5), Luis M Bayo (504, 95), Reme Perez (601, 10), Sergio Granados (768, 128).  Los monta\u00f1eros tambi\u00e9n enviaron representantes as\u00ed por parte del Atletismo y Monta\u00f1a Atarfe se clasificaron Rafael S\u00e1nchez Cid (283, 12), Juan Fco P\u00e9rez (395, 62) y Cristian <\/p>\n\n\n\n<ul class=\"wp-block-gallery columns-3 is-cropped wp-block-gallery-1 is-layout-flex wp-block-gallery-is-layout-flex\"><li class=\"blocks-gallery-item\"><figure><img data-recalc-dims=\"1\" loading=\"lazy\" decoding=\"async\" width=\"640\" height=\"640\" src=\"https:\/\/i0.wp.com\/miradordeatarfe.es\/wp-content\/uploads\/2019\/09\/GP-Almu%C3%B1%C3%A9car-19-Justicia.jpeg?resize=640%2C640&#038;ssl=1\" alt=\"\" data-id=\"34193\" data-link=\"https:\/\/miradordeatarfe.es\/?attachment_id=34193\" class=\"wp-image-34193\" srcset=\"https:\/\/i0.wp.com\/miradordeatarfe.es\/wp-content\/uploads\/2019\/09\/GP-Almu%C3%B1%C3%A9car-19-Justicia.jpeg?w=733&amp;ssl=1 733w, https:\/\/i0.wp.com\/miradordeatarfe.es\/wp-content\/uploads\/2019\/09\/GP-Almu%C3%B1%C3%A9car-19-Justicia.jpeg?resize=150%2C150&amp;ssl=1 150w, https:\/\/i0.wp.com\/miradordeatarfe.es\/wp-content\/uploads\/2019\/09\/GP-Almu%C3%B1%C3%A9car-19-Justicia.jpeg?resize=300%2C300&amp;ssl=1 300w, https:\/\/i0.wp.com\/miradordeatarfe.es\/wp-content\/uploads\/2019\/09\/GP-Almu%C3%B1%C3%A9car-19-Justicia.jpeg?resize=600%2C600&amp;ssl=1 600w\" sizes=\"auto, (max-width: 640px) 100vw, 640px\" \/><\/figure><\/li><li class=\"blocks-gallery-item\"><figure><img data-recalc-dims=\"1\" loading=\"lazy\" decoding=\"async\" width=\"640\" height=\"640\" src=\"https:\/\/i0.wp.com\/miradordeatarfe.es\/wp-content\/uploads\/2019\/09\/GP-Almu%C3%B1%C3%A9car-19-MJLopez.jpeg?resize=640%2C640&#038;ssl=1\" alt=\"\" data-id=\"34194\" data-link=\"https:\/\/miradordeatarfe.es\/?attachment_id=34194\" class=\"wp-image-34194\" srcset=\"https:\/\/i0.wp.com\/miradordeatarfe.es\/wp-content\/uploads\/2019\/09\/GP-Almu%C3%B1%C3%A9car-19-MJLopez.jpeg?w=733&amp;ssl=1 733w, https:\/\/i0.wp.com\/miradordeatarfe.es\/wp-content\/uploads\/2019\/09\/GP-Almu%C3%B1%C3%A9car-19-MJLopez.jpeg?resize=150%2C150&amp;ssl=1 150w, https:\/\/i0.wp.com\/miradordeatarfe.es\/wp-content\/uploads\/2019\/09\/GP-Almu%C3%B1%C3%A9car-19-MJLopez.jpeg?resize=300%2C300&amp;ssl=1 300w, https:\/\/i0.wp.com\/miradordeatarfe.es\/wp-content\/uploads\/2019\/09\/GP-Almu%C3%B1%C3%A9car-19-MJLopez.jpeg?resize=600%2C600&amp;ssl=1 600w\" sizes=\"auto, (max-width: 640px) 100vw, 640px\" \/><\/figure><\/li><li class=\"blocks-gallery-item\"><figure><img data-recalc-dims=\"1\" loading=\"lazy\" decoding=\"async\" width=\"576\" height=\"1024\" src=\"https:\/\/i0.wp.com\/miradordeatarfe.es\/wp-content\/uploads\/2019\/09\/GP-Almu%C3%B1%C3%A9car-19-podium.jpg?resize=576%2C1024&#038;ssl=1\" alt=\"\" data-id=\"34195\" data-link=\"https:\/\/miradordeatarfe.es\/?attachment_id=34195\" class=\"wp-image-34195\" srcset=\"https:\/\/i0.wp.com\/miradordeatarfe.es\/wp-content\/uploads\/2019\/09\/GP-Almu%C3%B1%C3%A9car-19-podium.jpg?resize=576%2C1024&amp;ssl=1 576w, https:\/\/i0.wp.com\/miradordeatarfe.es\/wp-content\/uploads\/2019\/09\/GP-Almu%C3%B1%C3%A9car-19-podium.jpg?resize=169%2C300&amp;ssl=1 169w, https:\/\/i0.wp.com\/miradordeatarfe.es\/wp-content\/uploads\/2019\/09\/GP-Almu%C3%B1%C3%A9car-19-podium.jpg?resize=768%2C1366&amp;ssl=1 768w, https:\/\/i0.wp.com\/miradordeatarfe.es\/wp-content\/uploads\/2019\/09\/GP-Almu%C3%B1%C3%A9car-19-podium.jpg?resize=600%2C1067&amp;ssl=1 600w, https:\/\/i0.wp.com\/miradordeatarfe.es\/wp-content\/uploads\/2019\/09\/GP-Almu%C3%B1%C3%A9car-19-podium.jpg?w=899&amp;ssl=1 899w\" sizes=\"auto, (max-width: 576px) 100vw, 576px\" \/><\/figure><\/li><\/ul>\n","protected":false},"excerpt":{"rendered":"<p>La siguiente revoluci\u00f3n en el salto de altura esperemos tenga su sede en nuestras pistas&#8230;<\/p>\n","protected":false},"author":1,"featured_media":34196,"comment_status":"closed","ping_status":"closed","sticky":false,"template":"","format":"standard","meta":{"_coblocks_attr":"","_coblocks_dimensions":"","_coblocks_responsive_height":"","_coblocks_accordion_ie_support":"","jetpack_post_was_ever_published":false,"_jetpack_newsletter_access":"","_jetpack_dont_email_post_to_subs":false,"_jetpack_newsletter_tier_id":0,"_jetpack_memberships_contains_paywalled_content":false,"_jetpack_memberships_contains_paid_content":false,"footnotes":"","jetpack_publicize_message":"","jetpack_publicize_feature_enabled":true,"jetpack_social_post_already_shared":false,"jetpack_social_options":{"image_generator_settings":{"template":"highway","default_image_id":0,"enabled":false},"version":2}},"categories":[2,182,6915,44,15],"tags":[81,85,322],"class_list":["post-34192","post","type-post","status-publish","format-standard","has-post-thumbnail","hentry","category-atarfe","category-deportes","category-opinion-de-manuel-jimenez","category-noticias-de-hoy","category-ultimas-noticias","tag-atarfe","tag-atletismo","tag-deporte"],"jetpack_publicize_connections":[],"jetpack_featured_media_url":"https:\/\/i0.wp.com\/miradordeatarfe.es\/wp-content\/uploads\/2019\/09\/GP-Almu%C3%B1%C3%A9car-19-Atletismo-Ciudad-Atarfe.jpeg?fit=1080%2C1080&ssl=1","jetpack_likes_enabled":true,"jetpack_sharing_enabled":true,"_links":{"self":[{"href":"https:\/\/miradordeatarfe.es\/index.php?rest_route=\/wp\/v2\/posts\/34192","targetHints":{"allow":["GET"]}}],"collection":[{"href":"https:\/\/miradordeatarfe.es\/index.php?rest_route=\/wp\/v2\/posts"}],"about":[{"href":"https:\/\/miradordeatarfe.es\/index.php?rest_route=\/wp\/v2\/types\/post"}],"author":[{"embeddable":true,"href":"https:\/\/miradordeatarfe.es\/index.php?rest_route=\/wp\/v2\/users\/1"}],"replies":[{"embeddable":true,"href":"https:\/\/miradordeatarfe.es\/index.php?rest_route=%2Fwp%2Fv2%2Fcomments&post=34192"}],"version-history":[{"count":1,"href":"https:\/\/miradordeatarfe.es\/index.php?rest_route=\/wp\/v2\/posts\/34192\/revisions"}],"predecessor-version":[{"id":34197,"href":"https:\/\/miradordeatarfe.es\/index.php?rest_route=\/wp\/v2\/posts\/34192\/revisions\/34197"}],"wp:featuredmedia":[{"embeddable":true,"href":"https:\/\/miradordeatarfe.es\/index.php?rest_route=\/wp\/v2\/media\/34196"}],"wp:attachment":[{"href":"https:\/\/miradordeatarfe.es\/index.php?rest_route=%2Fwp%2Fv2%2Fmedia&parent=34192"}],"wp:term":[{"taxonomy":"category","embeddable":true,"href":"https:\/\/miradordeatarfe.es\/index.php?rest_route=%2Fwp%2Fv2%2Fcategories&post=34192"},{"taxonomy":"post_tag","embeddable":true,"href":"https:\/\/miradordeatarfe.es\/index.php?rest_route=%2Fwp%2Fv2%2Ftags&post=34192"}],"curies":[{"name":"wp","href":"https:\/\/api.w.org\/{rel}","templated":true}]}}