{"id":34420,"date":"2019-10-13T10:20:44","date_gmt":"2019-10-13T08:20:44","guid":{"rendered":"http:\/\/miradordeatarfe.es\/?p=34420"},"modified":"2019-10-11T12:24:26","modified_gmt":"2019-10-11T10:24:26","slug":"las-acequias-mas-antiguas-de-europa-estan-en-sierra-nevada","status":"publish","type":"post","link":"https:\/\/miradordeatarfe.es\/?p=34420","title":{"rendered":"Las acequias m\u00e1s antiguas de Europa est\u00e1n en Sierra Nevada"},"content":{"rendered":"\n<h4 class=\"wp-block-heading\">La milenaria red de regad\u00edo tradicional que impide \nque Granada sea un desierto no es solo una soluci\u00f3n al cambio clim\u00e1tico,\n sino un eficaz sistema de gobernanza para la agricultura reconocido por\n la ONU<\/h4>\n\n\n\n<p>El abastecimiento de agua es uno de los retos siglo XXI. En un contexto de cambio clim\u00e1tico global,<strong> Sierra Nevada no permanece ajena al acelerado proceso de desertizaci\u00f3n que est\u00e1 experimentando la provincia de Granada.<\/strong>\n Una de las posibles soluciones a este fen\u00f3meno est\u00e1 en el propio \npaisaje, mutante. Hace m\u00e1s de mil a\u00f1os, con sus manos y toda la \nsabidur\u00eda que permite el analfabetismo, los humildes habitantes de estas\n monta\u00f1as confeccionaron un sistema infalible para asegurar sus \ncultivos, sembrando agua para recoger agua con las acequias m\u00e1s antiguas\n de Europa.<\/p>\n\n\n\n<p>Granada cuenta con una importante red de acequias que se extienden \npor toda la provincia, y buena parte de ellas dependen directamente de \nSierra Nevada. El agua corre monta\u00f1a abajo, la ba\u00f1a a su paso y llega \natravesando cortijos, serpenteando laderas hasta las diversas vegas que \ndescienden por sus faldas. Ese vergel ser\u00eda desierto si no existieran.<strong>\n Y a\u00fan hoy, al menos doce siglos despu\u00e9s de su creaci\u00f3n, esta obra de \ningenier\u00eda medieval es un legado vivo que sigue siendo utilizado por \nmultitud de agricultores para regar sus fincas<\/strong>; a manta, por turnos y por marjales: del \u00e1rabe, \u00abal-mrah\u00bb, la medida equivalente a 528,42 metros cuadrados.<\/p>\n\n\n\n<p><strong>Tanto o m\u00e1s importantes que las acequias de regad\u00edo son las acequias de careo.<\/strong>\n \u00c9stas \u00faltimas sirven para abastecer indirectamente la extensa red, de \nla que hay catalogados unos 3.000 kil\u00f3metros solo en Sierra Nevada. Las \nacequias de careo se sit\u00faan en alta monta\u00f1a y recogen el agua de las \nlluvias y el deshielo para infiltrarla en el subsuelo, garantizando de \neste modo la recarga de los acu\u00edferos y revirtiendo la tendencia actual a\n que sufran un proceso de salinizaci\u00f3n por la sobrexplotaci\u00f3n de \ncultivos irrespetuosos con los ciclos naturales del agua.<\/p>\n\n\n\n<h3 class=\"wp-block-heading\">\nLas m\u00e1s antiguas de Europa<\/h3>\n\n\n\n<p>Este procedimiento de recargar el agua de los acu\u00edferos se realiza, \nde forma ancestral, en varias regiones de nuestro planeta, si bien donde\n existen m\u00e1s casos documentados es en las regiones alto-andinas de Per\u00fa y\n Ecuador.<strong> Con unos 1.300 a\u00f1os de antig\u00fcedad, el uso de las \nacequias de careo en Sierra Nevada se remonta al periodo de transici\u00f3n \ncomprendido entre el final de la \u00e9poca visigoda y el comienzo de la de \nAl-\u00c1ndalus<\/strong>. Aunque su origen podr\u00eda ser romano, la red actual data del periodo isl\u00e1mico, cuando alcanz\u00f3 toda su potencialidad.<\/p>\n\n\n\n<p>Un reciente estudio ha demostrado que<strong> las acequias de careo situadas en&nbsp;Sierra Nevada&nbsp;son el sistema de recarga de agua subterr\u00e1nea m\u00e1s antiguo de Europa.<\/strong>\n El estudio, realizado por la&nbsp;Universidad de Granada,&nbsp;el Instituto \nGeol\u00f3gico y Minero de Espa\u00f1a y las universidades de Colonia y Lisboa, ha\n evaluado mediante distintas y novedosas t\u00e9cnicas de investigaci\u00f3n \narqueol\u00f3gicas, sedimentol\u00f3gicas, geof\u00edsicas e hidrogeol\u00f3gicas el tiempo \nque llevan enterrados los granos de cuarzo de los sedimentos arrastrados\n por las acequias. Los estudios se han concentrado en la cuenca \nhidrol\u00f3gica del r\u00edo B\u00e9rchules, el afluente m\u00e1s oriental del r\u00edo \nGuadalfeo, en La Alpujarra granadina.<\/p>\n\n\n\n<h3 class=\"wp-block-heading\">\n<strong>Olvido y recuperaci\u00f3n<\/strong><\/h3>\n\n\n\n<p>El proyecto europeo Memolab, coordinado por la Universidad de \nGranada, trabaja desde hace a\u00f1os para recuperar este valioso sistema de \nacequias. <strong>En el \u00faltimo lustro, se han encargado de la \nrestauraci\u00f3n de una decena de acequias de Sierra Nevada que llevaban m\u00e1s\n cuatro d\u00e9cadas abandonadas.<\/strong> Acequias que, como tantas otras, \ncayeron en desuso a causa del \u00e9xodo rural cuando no desaparecieron con \nla construcci\u00f3n de la estaci\u00f3n de esqu\u00ed. Las consecuencias \u2013l\u00f3gicas\u2013 \nfueron, entre otras muchas, la p\u00e9rdida de pastos para el ganado y la \ndisminuci\u00f3n del agua disponible en la zona. Pero es posible revertir la \nsituaci\u00f3n.<\/p>\n\n\n\n<p>As\u00ed ha ocurrido en los municipios de Jerez del Marquesado, C\u00e1\u00f1ar o \nLugros, donde la labor restauradora de Memolab ha tenido una traducci\u00f3n \ninmediata en los paisajes, tanto en la flora como en la fauna o el \ncaudal de agua de los r\u00edos de la zona. Adem\u00e1s de ser positivas para la \nbiodiversidad,<strong> las acequias de riego son tambi\u00e9n un eficaz \nm\u00e9todo de gobernanza para la agricultura y permiten la distribuci\u00f3n \nequitativa del agua<\/strong>, como apunta a ABC el coordinador de \nMemolab e historiador medievalista de la UGR, Jos\u00e9 Mar\u00eda Mart\u00edn \nCivantos: \u00abEse papel de gobernanza es fundamental para que haya una \nbuena distribuci\u00f3n del agua, en su regulaci\u00f3n o en la resoluci\u00f3n de \nconflictos\u00bb.<\/p>\n\n\n\n<h3 class=\"wp-block-heading\">\nReconocimiento de la ONU<\/h3>\n\n\n\n<p><strong>\u00abSupone recuperar infraestructura para el municipio, apoyar a\n las comunidades de regantes y a los regad\u00edos hist\u00f3ricos, con los \nvalores que conllevan<\/strong>\u00bb, se\u00f1ala Civantos, que lleva a\u00f1os \ntrabajando con agricultores sobre el terreno convencido de que el agua \nes un elemento vertebrador. Fruto de esa labor surgi\u00f3 la Asociaci\u00f3n de \nComunidades de Regantes Hist\u00f3ricas y Tradicionales de Andaluc\u00eda, \npromovida por Memolab para sensibilizar y dotar de poder a los usuarios \nde las acequias, que funcionan como una cooperativa de cooperativas que \ncuenta con 11.000 regantes.<\/p>\n\n\n\n<p>La apuesta de Memolab por la recuperaci\u00f3n de las acequias ha sido ya \nreconocida por la Reina Sof\u00eda, quien hace unos meses entreg\u00f3 a Mart\u00edn \nCivantos un galard\u00f3n en mano, as\u00ed como tambi\u00e9n por la Organizaci\u00f3n de \nlas Naciones Unidas. La ONU declar\u00f3 hace pocos meses ICCA (\u00c1rea \nConservada por las Comunidades Locales y Pueblos Ind\u00edgenas) a la \nComunidad de Regantes de C\u00e1\u00f1ar-Barjas, que <strong>ha sido la primera comunidad de regantes del mundo en obtener esta distinci\u00f3n<\/strong>; y la primera ICCA, de cualquier tipo, de Andaluc\u00eda, y la sexta de Espa\u00f1a.<\/p>\n\n\n\n<p><strong>Beneficios ecosist\u00e9micos<\/strong><\/p>\n\n\n\n<p>Los efectos de restaurar una acequia, asegura Civantos, son casi autom\u00e1ticos:<strong> \u00abLa gente de la zona nota que hay m\u00e1s agua de la que te\u00f3ricamente deber\u00eda haber, y se ve en la vegetaci\u00f3n, en los prados\u00bb<\/strong>.\n \u00abLos sistemas hist\u00f3ricos de regad\u00edo son una buena herramienta de \nadaptaci\u00f3n al cambio clim\u00e1tico\u00bb, insiste: \u00abLas acequias nos ofrecen una \nvariedad enorme de servicios ecosist\u00e9micos: aumentan la biodiversidad, \nhacen funciones de regulaci\u00f3n en los r\u00edos, recargan los acu\u00edferos y \nmantienen vivos los suelos\u00bb.<\/p>\n\n\n\n<p>Estos&nbsp;sistemas de regad\u00edo contribuyen a suavizar localmente las temperaturas,<strong>\n \u00abno solo porque hay cultivo, sino porque todo ese regad\u00edo da frescor al\n correr por las acequias, regando a manta, y adem\u00e1s fomenta la \ngeneraci\u00f3n de tormentas\u00bb<\/strong>. Pese a lo que dicta la evidencia \ncient\u00edfica, la&nbsp;Junta de Andaluc\u00eda lleva d\u00e9cadas \u00abmodernizando\u00bb con \ncemento o pl\u00e1stico las acequias para evitar el \u00abdesperdicio\u00bb y as\u00ed \n\u00abahorrar\u00bb de agua: \u00abEn realidad no es as\u00ed\u00bb.<\/p>\n\n\n\n<p>\u00abLo moderno es justo lo contrario\u2026 Es preservarlas\u00bb, argumenta \nCivantos: \u00abLa modernizaci\u00f3n, tal y como se entiende hoy, hace un flaco \nfavor a la lucha contra cambio clim\u00e1tico\u00bb. \u00abEso se acaba traduciendo en \nun&nbsp;mayor consumo de agua, adem\u00e1s de perderse todos esos servicios \necosist\u00e9micos\u00bb, apunta. Frente a la supuesta eficiencia que comporta su \ncanalizaci\u00f3n con obras, Memolab aboga y trabaja por la restauraci\u00f3n y el\n mantenimiento de las acequias hist\u00f3ricas:<strong> \u00abNo son un estorbo, ni algo a extinguir ni un s\u00edntoma de subdesarrollo\u00bb.<\/strong><\/p>\n\n\n\n<p><a href=\"https:\/\/sevilla.abc.es\/agronoma\/autor\/lrama\/\"> Leo Rama <\/a><\/p>\n\n\n\n<p><a href=\"https:\/\/sevilla.abc.es\/agronoma\/noticias\/agricultura\/las-acequias-mas-antiguas-de-europa-estan-en-sierra-nevada\/?fbclid=IwAR0I08vH7fdoiUEoKRX3t3aYU9aMpPPwP3B5DGo1GbILMf5uigk-5qzlBQY\">https:\/\/sevilla.abc.es\/agronoma\/noticias\/agricultura\/las-acequias-mas-antiguas-de-europa-estan-en-sierra-nevada\/?fbclid=IwAR0I08vH7fdoiUEoKRX3t3aYU9aMpPPwP3B5DGo1GbILMf5uigk-5qzlBQY<\/a><\/p>\n\n\n\n\n","protected":false},"excerpt":{"rendered":"<p>La milenaria red de regad\u00edo tradicional que impide que Granada sea un desierto no es&#8230;<\/p>\n","protected":false},"author":1,"featured_media":34421,"comment_status":"closed","ping_status":"closed","sticky":false,"template":"","format":"standard","meta":{"_coblocks_attr":"","_coblocks_dimensions":"","_coblocks_responsive_height":"","_coblocks_accordion_ie_support":"","jetpack_post_was_ever_published":false,"_jetpack_newsletter_access":"","_jetpack_dont_email_post_to_subs":false,"_jetpack_newsletter_tier_id":0,"_jetpack_memberships_contains_paywalled_content":false,"_jetpack_memberships_contains_paid_content":false,"footnotes":"","jetpack_publicize_message":"","jetpack_publicize_feature_enabled":true,"jetpack_social_post_already_shared":false,"jetpack_social_options":{"image_generator_settings":{"template":"highway","default_image_id":0,"enabled":false},"version":2}},"categories":[186,44,15],"tags":[6493,129,1559],"class_list":["post-34420","post","type-post","status-publish","format-standard","has-post-thumbnail","hentry","category-instituciones","category-noticias-de-hoy","category-ultimas-noticias","tag-acequias","tag-granada","tag-sierra-nevada"],"jetpack_publicize_connections":[],"jetpack_featured_media_url":"https:\/\/i0.wp.com\/miradordeatarfe.es\/wp-content\/uploads\/2019\/10\/acequias-antiguas-snevada.jpg?fit=804%2C423&ssl=1","jetpack_likes_enabled":true,"jetpack_sharing_enabled":true,"_links":{"self":[{"href":"https:\/\/miradordeatarfe.es\/index.php?rest_route=\/wp\/v2\/posts\/34420","targetHints":{"allow":["GET"]}}],"collection":[{"href":"https:\/\/miradordeatarfe.es\/index.php?rest_route=\/wp\/v2\/posts"}],"about":[{"href":"https:\/\/miradordeatarfe.es\/index.php?rest_route=\/wp\/v2\/types\/post"}],"author":[{"embeddable":true,"href":"https:\/\/miradordeatarfe.es\/index.php?rest_route=\/wp\/v2\/users\/1"}],"replies":[{"embeddable":true,"href":"https:\/\/miradordeatarfe.es\/index.php?rest_route=%2Fwp%2Fv2%2Fcomments&post=34420"}],"version-history":[{"count":1,"href":"https:\/\/miradordeatarfe.es\/index.php?rest_route=\/wp\/v2\/posts\/34420\/revisions"}],"predecessor-version":[{"id":34422,"href":"https:\/\/miradordeatarfe.es\/index.php?rest_route=\/wp\/v2\/posts\/34420\/revisions\/34422"}],"wp:featuredmedia":[{"embeddable":true,"href":"https:\/\/miradordeatarfe.es\/index.php?rest_route=\/wp\/v2\/media\/34421"}],"wp:attachment":[{"href":"https:\/\/miradordeatarfe.es\/index.php?rest_route=%2Fwp%2Fv2%2Fmedia&parent=34420"}],"wp:term":[{"taxonomy":"category","embeddable":true,"href":"https:\/\/miradordeatarfe.es\/index.php?rest_route=%2Fwp%2Fv2%2Fcategories&post=34420"},{"taxonomy":"post_tag","embeddable":true,"href":"https:\/\/miradordeatarfe.es\/index.php?rest_route=%2Fwp%2Fv2%2Ftags&post=34420"}],"curies":[{"name":"wp","href":"https:\/\/api.w.org\/{rel}","templated":true}]}}