{"id":34444,"date":"2019-10-13T10:59:52","date_gmt":"2019-10-13T08:59:52","guid":{"rendered":"http:\/\/miradordeatarfe.es\/?p=34444"},"modified":"2020-06-26T13:23:21","modified_gmt":"2020-06-26T11:23:21","slug":"raza-por-juan-alfredo-bellon","status":"publish","type":"post","link":"https:\/\/miradordeatarfe.es\/?p=34444","title":{"rendered":"RAZA por JUAN ALFREDO BELL\u00d3N"},"content":{"rendered":"\n<p><em><strong>RAZA<\/strong><\/em> <strong>por JUAN ALFREDO BELL\u00d3N <\/strong> <strong>para  EL MIRADOR DE ATARFE<\/strong> <strong>del\ndomingo 13-10-2019<\/strong><\/p>\n\n\n\n<p>    \n    Ayer\ns\u00e1bado se celebr\u00f3 la Fiesta de la Raza, un evento que, ni cuando el\nFranquismo m\u00e1s se ense\u00f1oreaba de nosotros, lleg\u00f3 a tener sentido\nverdadero porque, frente al mito de la raza aria nunca, ni Hitler ni\nnosotros (lease italianos e hispanos) tuvimos una entidad \u00e9tnica\nsuficientemente definida; no hab\u00eda m\u00e1s que viajar a las Urdes o al\nMachu-Pichu para comprobarlo, pero gracias a la Generaci\u00f3n del 98,\nse escrib\u00eda y se hablaba de <em>nuestra\nraza <\/em>como\nde una entelequia sustantiva, <em>fundamentadora<\/em>\nde una entidad hist\u00f3rica, \u00e9tnica y cultural que acumulaba un <em>plus<\/em>\na nuestro favor frente a otros pueblos o etnias que carec\u00edan de \u00e9l\npor lo menos de una forma tan evidente.                   \n<\/p>\n\n\n\n<p>    \n    Por\nalgo el \u00fanico film que firm\u00f3 Francisco Franco con su nombre, aunque\nno fuera de su autor\u00eda verdadera, se titul\u00f3 <em>Raza<\/em>\ny vaya usted a saber en qu\u00e9 se fundamentaba dicho nombre como\nentidad filos\u00f3fica y epistemol\u00f3gica supremas para ser raz\u00f3n de la\nvida o de la muerte, de la felicidad o del sufrimiento de tantos\nmillones de seres humanos encajonados por pol\u00edticos, pensadores y\nescritores en una u otra raza que hab\u00eda que proponer como ejemplar y\ndefender como modelo o atacar como nefasta y exterminar como\nnegativa. Parece como si las numerosas aventuras  inter\u00e9tnicas por\nv\u00eda diplom\u00e1tica, comercial o b\u00e9lica (que se defini\u00f3 como <em>lo\ncomercial s\u00f3lo que por otros medios) <\/em>\nempedraran el  siglo XIX y la primera mitad del XX de tarugos\nfilos\u00f3ficos infumables e indepurables que condujeron al conjunto de\nlas naciones a convertirse en una panda de colectivos indecorosos que\nsolo fueron capaces de generar guerras cruentas y sufrimientos sin\ncontrol para sus habitantes durante m\u00e1s de 150 a\u00f1os.<\/p>\n\n\n\n<p>    \n      El\nconcepto paralelo a <em>raza<\/em>\nes el de <em>casta,<\/em>\nque por eso se nombra en los exabruptos familiares (<em>me\ncago en toda tu casta<\/em>)\ny se dice de los toros que tienen <em>car\u00e1cter,\ncasta o raza, nobleza y personalidad en suma y fuerza para  acometer\ny ser burlados una y otra vez, que por eso mismo son nobles y no\ntontos o cipotes, como ser\u00edamos nosotros si lo hici\u00e9ramos <\/em>y\nnos embarc\u00e1ramos en los enga\u00f1os sin rechistar. En eso consiste la\nbuena raza\/casta de los <em>corn\u00fapetas<\/em>\nespa\u00f1oles y La Virgen del Pilar es la patrona de nuestra buena raza\no casta, demostrada por la nobleza con que nos comportamos en las\nlides de la historia, como Sp\u00ednola en <em>Las\nLanzas de Vel\u00e1zquez<\/em>\n y eso es lo que hemos ensalzado y celebrado ayer s\u00e1bado, d\u00eda de la\nVirgen del Pilar, fiesta de nuestra Raza y de la Benem\u00e9rita, cuerpo\ndel orden p\u00fablico que tambi\u00e9n ostenta esas caracter\u00edsticas\nejemplares de <em>pureza<\/em>\nde raza, casta y valent\u00eda, como los toros de lidia espa\u00f1oles cuya\nsilueta es una de los iconos internacionales de la bravura, palabra\nque sirve para jalear y enaltecer a los int\u00e9rpretes ejemplares de la\n\u00f3pera (\u00a1Bravo, bravo!) y que viene a enaltecer todo un conjunto de\nvalores <em>raciales y\ncastizos<\/em>\na los que tan aficionado fue el novelista norteamericano Ernesto\nHemingway tambi\u00e9n, por otra parte, tan amante de los encierros\npamploneses y de las  de las corridas de toros y amigo de los\ncorredores y de los toreros aunque no de otros aficionados de los\nvalores taurinos como Jos\u00e9 Mar\u00eda Pem\u00e1n y otros muchos espa\u00f1oles\ninsignes que hacen del gusto por la casta, la raza y lo castizo una\ninclinaci\u00f3n transversal en <em>interl\u00fadica,\npor encima de inclinaciones e ideolog\u00edas, aunque, de hecho, <\/em>parece\nhaber una cierta inclinaci\u00f3n entre <em>la\ncaverna<\/em>\ny la tauromaquia en virtud de la cual nunca podremos negar por qu\u00e9\nnos atrae tanto el <em>pelo\nde la dehesa<\/em>\ny por qu\u00e9 estamos llegando a unos extremos en que tenemos que\njustificar nuestro <em>taurinismo<\/em>\ny nadie se nos pregunta ni nadie siente la necesidad de justificarse\npor  su <em>antitaurinismo<\/em>\nm\u00e1s o menos <em>animalista.<\/em>\n                                                                     \n                                                                     \n                                                                     \n                                                                     \n                                                                     \n                                                                     \n                                                                     \n                                                                     \n                                                                     \n                                                                     \n                                                                     \n                                                                     \n                                                                     \n                                                                     \n                                                                     \n                                                                     \n                                                                     \n                                                                     \n                                                                     \n                                                                     \n                                                                     \n                                                                     \n                                                                     \n                                                                     \n                                                                     \n                                                                     \n                                                                     \n                                                                     \n                                                                     \n                                                                     \n                                                                     \n                                                                     \n                                                                     \n                                                                     \n                                                                     \n                                                                     \n                                                                     \n                                                                     \n                                                                     \n                                                                     \n                                                                     \n                                                                     \n                                                                     \n                                                                     \n                                                                     \n                                                                     \n                                                                     \n                                                                     \n                                                                     \n                                                                     \n                                                                     \n                                                                     \n                                                                     \n                                  \n<\/p>\n\n\n\n<p>    \n      Y\nhablando de raza, ya parece que van a sacar a Franco de la Bas\u00edlica\nde Cuelgamuros contra la oposici\u00f3n de la tardo-Iglesia cat\u00f3lica\nespa\u00f1ola, de su familia y de los residuos de la <em>carcundia<\/em>\nfranquista, gracias a la decisi\u00f3n de Pedro S\u00e1nchez y de su Gobierno\nen funciones. Loado sea Dios y su santa Madre. Amen.<\/p>\n","protected":false},"excerpt":{"rendered":"<p>RAZA por JUAN ALFREDO BELL\u00d3N para EL MIRADOR DE ATARFE del domingo 13-10-2019 Ayer s\u00e1bado&#8230;<\/p>\n","protected":false},"author":1,"featured_media":34445,"comment_status":"closed","ping_status":"closed","sticky":false,"template":"","format":"standard","meta":{"_coblocks_attr":"","_coblocks_dimensions":"","_coblocks_responsive_height":"","_coblocks_accordion_ie_support":"","jetpack_post_was_ever_published":false,"_jetpack_newsletter_access":"","_jetpack_dont_email_post_to_subs":false,"_jetpack_newsletter_tier_id":0,"_jetpack_memberships_contains_paywalled_content":false,"_jetpack_memberships_contains_paid_content":false,"footnotes":"","jetpack_publicize_message":"","jetpack_publicize_feature_enabled":true,"jetpack_social_post_already_shared":false,"jetpack_social_options":{"image_generator_settings":{"template":"highway","default_image_id":0,"enabled":false},"version":2}},"categories":[12,1161,186,36,9,44,15],"tags":[6440,6504,6503],"class_list":["post-34444","post","type-post","status-publish","format-standard","has-post-thumbnail","hentry","category-cultura","category-ciudadania","category-instituciones","category-opinion-de-juan-alfredo-bellon","category-medio-ambiente","category-noticias-de-hoy","category-ultimas-noticias","tag-francisco-franco","tag-fundamentalismo","tag-raza"],"jetpack_publicize_connections":[],"jetpack_featured_media_url":"https:\/\/i0.wp.com\/miradordeatarfe.es\/wp-content\/uploads\/2019\/10\/raza_22197_1.jpg?fit=617%2C349&ssl=1","jetpack_likes_enabled":true,"jetpack_sharing_enabled":true,"_links":{"self":[{"href":"https:\/\/miradordeatarfe.es\/index.php?rest_route=\/wp\/v2\/posts\/34444","targetHints":{"allow":["GET"]}}],"collection":[{"href":"https:\/\/miradordeatarfe.es\/index.php?rest_route=\/wp\/v2\/posts"}],"about":[{"href":"https:\/\/miradordeatarfe.es\/index.php?rest_route=\/wp\/v2\/types\/post"}],"author":[{"embeddable":true,"href":"https:\/\/miradordeatarfe.es\/index.php?rest_route=\/wp\/v2\/users\/1"}],"replies":[{"embeddable":true,"href":"https:\/\/miradordeatarfe.es\/index.php?rest_route=%2Fwp%2Fv2%2Fcomments&post=34444"}],"version-history":[{"count":1,"href":"https:\/\/miradordeatarfe.es\/index.php?rest_route=\/wp\/v2\/posts\/34444\/revisions"}],"predecessor-version":[{"id":34446,"href":"https:\/\/miradordeatarfe.es\/index.php?rest_route=\/wp\/v2\/posts\/34444\/revisions\/34446"}],"wp:featuredmedia":[{"embeddable":true,"href":"https:\/\/miradordeatarfe.es\/index.php?rest_route=\/wp\/v2\/media\/34445"}],"wp:attachment":[{"href":"https:\/\/miradordeatarfe.es\/index.php?rest_route=%2Fwp%2Fv2%2Fmedia&parent=34444"}],"wp:term":[{"taxonomy":"category","embeddable":true,"href":"https:\/\/miradordeatarfe.es\/index.php?rest_route=%2Fwp%2Fv2%2Fcategories&post=34444"},{"taxonomy":"post_tag","embeddable":true,"href":"https:\/\/miradordeatarfe.es\/index.php?rest_route=%2Fwp%2Fv2%2Ftags&post=34444"}],"curies":[{"name":"wp","href":"https:\/\/api.w.org\/{rel}","templated":true}]}}