{"id":3447,"date":"2015-09-20T08:42:48","date_gmt":"2015-09-20T08:42:48","guid":{"rendered":"http:\/\/miradordeatarfe.es\/?p=3447"},"modified":"2015-09-21T07:44:46","modified_gmt":"2015-09-21T07:44:46","slug":"l0-de-siempre-por-juan-alfredo-bellon","status":"publish","type":"post","link":"https:\/\/miradordeatarfe.es\/?p=3447","title":{"rendered":"\u00abL0 DE SIEMPRE\u00bb  Por Juan Alfredo Bell\u00f3n"},"content":{"rendered":"<p style=\"text-align: justify;\"><strong><em>L0 DE SIEMPRE\u00a0 <\/em>Por Juan Alfredo Bell\u00f3n para el domingo 17-09-2015 de EL MIRADOR DE ATARFE n\u00ba 66<\/strong><!--more--><\/p>\n<p style=\"text-align: justify;\"><strong>\u00a0<\/strong>Cuando se lleva ya alg\u00fan tiempo colaborando en un medio de comunicaci\u00f3n escrito (sea digital o de papel) y se arranca la primera hoja del taco del almanaque correspondiente a otra anualidad, trienio, quinquenio, decenio, o a un nuevo semestre o trimestre, se tiene la tentaci\u00f3n de releer lo escrito tiempo atr\u00e1s en semejantes fechas, en mi caso y en primer lugar, por la mala memoria y la proximidad del alem\u00e1n ese que acabar\u00e1 haci\u00e9ndome perderla y <em>requetepetir <\/em>por nuevo lo que ya estar\u00e1n los lectores hartos de leer en varias ocasiones: y adem\u00e1s, por un efecto comparativo que ponga en contraste lo dicho sobre el tema en tiempos pasados con el presente y, por tanto, los cambios experimentados por ese estado de la cuesti\u00f3n.<\/p>\n<p style=\"text-align: justify;\">As\u00ed, en los oto\u00f1os o en sus cercan\u00edas, solemos impregnar nuestros argumentos con un cierto tono melanc\u00f3lico como si cualquier tiempo inmediatamente pasado hubiera tenido que ser necesariamente mejor en cuanto el clima, la salud, el dinero y el amor, por no recurrir m\u00e1s que a los t\u00f3picos del cancionero popular (<em>Tres cosas hay en la vida,<\/em> \/<em> salud, dinero y amor, \/ y el que tenga esas tres cosas \/ que le d\u00e9 gracias a Dios)<\/em>. Y creo yo incluso, con la venia de Iodos y de los inteligentes lectores, que esa <em>nostalgia retrospectiva <\/em>vale para cada una de las estaciones, que tambi\u00e9n tiene sus gracias y, sobre todo, sus <em>bonanzas meteorol\u00f3gicas <\/em>aunque estas sean los ardores estivales mitigados por la refrigeraci\u00f3n artificial; las ventoleras oto\u00f1ales comuden calzado y bajo un buena capa; las neviscas invernales, en compa\u00f1\u00eda y al rebujo de un buen edred\u00f3n de plumas de ganso o las lluvias y los p\u00f3lenes primaverales pulverizando h\u00eddrica y asm\u00e1ticamente los amores m\u00e1s adolescentes y las pasiones m\u00e1s entrecortadas.<\/p>\n<p style=\"text-align: justify;\">Yo mismo, les repetir\u00e9 a fuer de reiterativo, que cada a\u00f1o, en Semana Santa y el \u00faltimo domingo de septiembre granadinos, suelo comprar en la Farmacia de Plaza Nueva media docena de mascarillas reforzadas antipolen para preservarme de los efectos nocivos que expanden por los aires granadinos, no la Patrona ni su Santo Hijo procesionantes (l\u00edbrenme ambos solo de sugerirlo por chanza malevolente) sino sus orquilleros, palieros, madrinas, portaestandartes, gallardetes, incensarios y dem\u00e1s mamporreros y gerifaltes de raza y tron\u00edo que enardecen al pueblo llano y sencillo con su boato esplendoroso y lo mueven a llanto, fe, esperanza y caridad compasivas, de esas que solo se dan entre nosotros cuando emanan de esos bigotes finos, rectil\u00edneos y alferezprovisionalescos endurecidos con fijador <em>Patrico <\/em>y brillantina de <em>la Casita de Papel<\/em><strong>.<\/strong><\/p>\n<p style=\"text-align: justify;\">En resumen, que cada estaci\u00f3n tiene sus flores, sus frutos, sus carnes y sus pescados, siendo las setas, casta\u00f1as, madro\u00f1os y membrillos algunas de las que ahora resultan predominantes, pero nunca son exactamente las mismas ni se repiten con los mismos matices ni exactas caracter\u00edsticas. De no ser as\u00ed, no solo seguir\u00edamos viviendo como cuando en Atapuerca sino que adem\u00e1s a los plumillas y juntaletras nos tendr\u00edan amarrados a galeras o en Carabanchel o en Guant\u00e1namo a ver si mejor\u00e1bamos nuestros modales, caligraf\u00eda y ortograf\u00eda y termin\u00e1bamos de una pajolera vez de echarles margaritas a los cerdos a un m\u00edsero c\u00e9ntimo por palabra.\u00a0\u00a0 <strong>\u00a0\u00a0\u00a0\u00a0\u00a0<\/strong><\/p>\n<p>&nbsp;<\/p>\n<p style=\"text-align: justify;\">\n","protected":false},"excerpt":{"rendered":"<p>L0 DE SIEMPRE\u00a0 Por Juan Alfredo Bell\u00f3n para el domingo 17-09-2015 de EL MIRADOR DE&#8230;<\/p>\n","protected":false},"author":1,"featured_media":3449,"comment_status":"closed","ping_status":"closed","sticky":false,"template":"","format":"standard","meta":{"_coblocks_attr":"","_coblocks_dimensions":"","_coblocks_responsive_height":"","_coblocks_accordion_ie_support":"","jetpack_post_was_ever_published":false,"_jetpack_newsletter_access":"","_jetpack_dont_email_post_to_subs":false,"_jetpack_newsletter_tier_id":0,"_jetpack_memberships_contains_paywalled_content":false,"_jetpack_memberships_contains_paid_content":false,"footnotes":"","jetpack_publicize_message":"","jetpack_publicize_feature_enabled":true,"jetpack_social_post_already_shared":false,"jetpack_social_options":{"image_generator_settings":{"template":"highway","default_image_id":0,"enabled":false},"version":2}},"categories":[36,15],"tags":[1230,1231,316],"class_list":["post-3447","post","type-post","status-publish","format-standard","has-post-thumbnail","hentry","category-opinion-de-juan-alfredo-bellon","category-ultimas-noticias","tag-estaciones","tag-frutos-de-otono","tag-procesiones"],"jetpack_publicize_connections":[],"jetpack_featured_media_url":"https:\/\/i0.wp.com\/miradordeatarfe.es\/wp-content\/uploads\/2015\/09\/imagen1.jpg?fit=448%2C299&ssl=1","jetpack_likes_enabled":true,"jetpack_sharing_enabled":true,"_links":{"self":[{"href":"https:\/\/miradordeatarfe.es\/index.php?rest_route=\/wp\/v2\/posts\/3447","targetHints":{"allow":["GET"]}}],"collection":[{"href":"https:\/\/miradordeatarfe.es\/index.php?rest_route=\/wp\/v2\/posts"}],"about":[{"href":"https:\/\/miradordeatarfe.es\/index.php?rest_route=\/wp\/v2\/types\/post"}],"author":[{"embeddable":true,"href":"https:\/\/miradordeatarfe.es\/index.php?rest_route=\/wp\/v2\/users\/1"}],"replies":[{"embeddable":true,"href":"https:\/\/miradordeatarfe.es\/index.php?rest_route=%2Fwp%2Fv2%2Fcomments&post=3447"}],"version-history":[{"count":1,"href":"https:\/\/miradordeatarfe.es\/index.php?rest_route=\/wp\/v2\/posts\/3447\/revisions"}],"predecessor-version":[{"id":3450,"href":"https:\/\/miradordeatarfe.es\/index.php?rest_route=\/wp\/v2\/posts\/3447\/revisions\/3450"}],"wp:featuredmedia":[{"embeddable":true,"href":"https:\/\/miradordeatarfe.es\/index.php?rest_route=\/wp\/v2\/media\/3449"}],"wp:attachment":[{"href":"https:\/\/miradordeatarfe.es\/index.php?rest_route=%2Fwp%2Fv2%2Fmedia&parent=3447"}],"wp:term":[{"taxonomy":"category","embeddable":true,"href":"https:\/\/miradordeatarfe.es\/index.php?rest_route=%2Fwp%2Fv2%2Fcategories&post=3447"},{"taxonomy":"post_tag","embeddable":true,"href":"https:\/\/miradordeatarfe.es\/index.php?rest_route=%2Fwp%2Fv2%2Ftags&post=3447"}],"curies":[{"name":"wp","href":"https:\/\/api.w.org\/{rel}","templated":true}]}}