{"id":3451,"date":"2015-09-19T11:08:16","date_gmt":"2015-09-19T11:08:16","guid":{"rendered":"http:\/\/miradordeatarfe.es\/?p=3451"},"modified":"2015-09-21T07:45:53","modified_gmt":"2015-09-21T07:45:53","slug":"concierto-en-los-barrios-musica-de-cine-repertorio","status":"publish","type":"post","link":"https:\/\/miradordeatarfe.es\/?p=3451","title":{"rendered":"Concierto en los Barrios. M\u00fasica de Cine. Repertorio."},"content":{"rendered":"<p>Los pr\u00f3ximos dias 20 y 27 de Septiembre de 2015 tendr\u00e1 lugar en la localidad de Atarfe el III CICLO DE CONCIERTOS EN LOS BARRIOS &#8211; PASEN Y ESCUCHEN LA M\u00c1GIA DEL CINE- ENTRADA GRATUITA.\u00a0 20 de Septiembre a las 12:30 Parque Ram\u00f3n Gard\u00f3n.\u00a0 27 de Septiembre 20:00 Paseo de Santa Ana.<\/p>\n<p><!--more--><\/p>\n<p><a href=\"https:\/\/i0.wp.com\/miradordeatarfe.es\/wp-content\/uploads\/2015\/09\/12036418_469292859909277_4261932370481375332_n.jpg?ssl=1\"><img data-recalc-dims=\"1\" loading=\"lazy\" decoding=\"async\" class=\"alignnone size-full wp-image-3452\" src=\"https:\/\/i0.wp.com\/miradordeatarfe.es\/wp-content\/uploads\/2015\/09\/12036418_469292859909277_4261932370481375332_n.jpg?resize=509%2C720&#038;ssl=1\" alt=\"12036418_469292859909277_4261932370481375332_n\" width=\"509\" height=\"720\" srcset=\"https:\/\/i0.wp.com\/miradordeatarfe.es\/wp-content\/uploads\/2015\/09\/12036418_469292859909277_4261932370481375332_n.jpg?w=509&amp;ssl=1 509w, https:\/\/i0.wp.com\/miradordeatarfe.es\/wp-content\/uploads\/2015\/09\/12036418_469292859909277_4261932370481375332_n.jpg?resize=212%2C300&amp;ssl=1 212w\" sizes=\"auto, (max-width: 509px) 100vw, 509px\" \/><\/a><\/p>\n<p>REPERTORIO:<\/p>\n<p>El equipo A<\/p>\n<p>Serie de televisi\u00f3n emitida por primera vez en 1983. En ella, sobreviven como mercenarios cuatro de los mejores hombres del ej\u00e9rcito estadounidense que formaban un comando. Son buscados por el Gobierno ya que fueron encarcelados por un delito \u00abque no hab\u00edan cometido\u00bb en 1972 y se fugaron de la c\u00e1rcel.<br \/>\nLa serie tuvo 5 temporadas y se emiti\u00f3 durante 4 a\u00f1os. Tambi\u00e9n se hizo una pel\u00edcula basada en ella. La m\u00fasica es original de Mike Post y Pete Carpenter.<\/p>\n<p>&nbsp;<\/p>\n<p>Popeye<\/p>\n<p>Popeye el marino es un personaje de tiras c\u00f3micas y cortometrajes de dibujos animados. Apareci\u00f3 por primera vez en la tira c\u00f3mica del New York Evening Journal del 17 de enero de 1929. Su nombre proviene del ingl\u00e9s, Pop-eye, que significa \u201cOjo salt\u00f3n\u201d.<br \/>\nEn la serie encontramos los personajes de Popeye, Olivia y Cocoliso (su mujer y su hijo) y su enemigo Bluto o Brutus, que est\u00e1 enamorado de Oliva y quiere rob\u00e1rsela. Popeye que es enclenque, lucha contra las maldades de Brutus, grande y fuerte, pero comiendo espinacas consigue su superfuerza y logra vencerlo.<br \/>\nLa m\u00fasica es original de Al Dollar &amp; His Ten Cent Band con Billy Murray.<\/p>\n<p>Pretty woman<\/p>\n<p>Es una comedia rom\u00e1ntica protagonizada por Julia Roberts y Richard Gere que se estren\u00f3 en 1990 y fue un \u00e9xito de taquilla.<br \/>\nEl protagonista decide contratar una prostituta durante una noche en un viaje de negocios pero, al sentirse atra\u00eddo por ella, conviven toda una semana en la que van intimando, se enamoran y \u00e9l consigue que ella se vaya con \u00e9l y deje de ser una chica de la calle.<br \/>\nJulia Roberts gan\u00f3 un Globo de Oro a mejor Actriz de Comedia por esta pel\u00edcula.<br \/>\nLa canci\u00f3n Oh Pretty Woman es un \u00e9xito internacional del cantante Roy Orbison lanzado en 1964 y que inspir\u00f3 la pel\u00edcula, siendo su tema principal en la BSO.<\/p>\n<p>Spiderman<\/p>\n<p>Spiderman es un superh\u00e9roe que aparece en los libros e historietas publicadas por Marvel Comics. Fue creado por Stan Lee y Steve Ditko. Su primera aparici\u00f3n fue en el a\u00f1o 1962.<br \/>\nPeter Parker es un hu\u00e9rfano criado por sus t\u00edos. Cuando se hace mayor, le pica una ara\u00f1a mutada en un laboratorio y obtiene poderes especiales, como una gran agilidad, flexibilidad o el sentido ar\u00e1cnido que le avisa cuando est\u00e1 en peligro. De esa manera lucha, venga el asesinato de su t\u00edo y lucha contra el crimen y distintos supervillanos a lo largo de los a\u00f1os, uno de los m\u00e1s famosos es el Duende Verde.<br \/>\nLa banda sonora fue compuesta por Dany Elfman y editada por Sony.<\/p>\n<p>Dirty dancing<\/p>\n<p>Es una pel\u00edcula rom\u00e1ntica en la que aparecen n\u00fameros de baile de 1987. Tuvo un gran \u00e9xito comercial y considerada un cl\u00e1sico de la d\u00e9cada de los 80.<br \/>\nEn ella, un exitoso profesor de baile y una adolescente se abrazan al ritmo de la m\u00fasica venciendo las dificultades familiares.<br \/>\nEn su banda sonora se incluy\u00f3 la canci\u00f3n I\u2019ve had the time of my life de Franke Previte compuesta en 1981,\u00a0 que gan\u00f3 un \u00d3scar y un Globo de Oro.<\/p>\n<p>Music from A bug\u2019s life- \u201cBichos: una Aventura en miniatura\u201d.<\/p>\n<p>Es una pel\u00edcula de animaci\u00f3n generada por ordenador realizada por Walt Disney Pictures y Pixar Animation Studios. Se estren\u00f3 en los Estados Unidos en 1998.<br \/>\nEn esta pel\u00edcula, un grupo de saltamontes asalta cada verano la colonia de hormigas donde vive Flick para apoderarse de las provisiones que han recogido durante el invierno. Un d\u00eda, Flick abandona el hormiguero y parte en busca de insectos guerreros que les ayuden a defenderse de los temibles saltamontes, pero, al final, acaba reclutando a una troupe circense.<br \/>\nLa banda sonora de esta pel\u00edcula fue escrita por el compositor americano Randy Newman. Randy trat\u00f3 de conservar el estilo de la banda sonora de Toy Story y, en ambas ocasiones, fue nominado a un Oscar por la Mejor Banda Sonora. En el a\u00f1o 2000 recibi\u00f3 el Emmy a la Mejor composici\u00f3n instrumental escrita para una pel\u00edcula.<\/p>\n<p>Cinema paradiso<\/p>\n<p>Pel\u00edcula italiana estrenada en 1988.<br \/>\nEn ella, Salvatore, director de cine de \u00e9xito, vuelve a su pueblo natal para asistir al funeral de su viejo amigo Alfredo, quien fue el proyeccionista del cine local durante su infancia en Sicilia. Pronto los recuerdos de su primer amor con la bella Elena y de todos los cap\u00edtulos que marcaron su feliz infancia vuelven a su mente, conectando a Salvatore con la comunidad que abandon\u00f3 30 a\u00f1os atr\u00e1s.<br \/>\nEs recordada por ser uno de los grandes cl\u00e1sicos del cine. En 2014, por su 25 aniversario, volvi\u00f3 a estrenarse en las salas de cine totalmente remasterizada.<br \/>\nLa m\u00fasica y bso pertenecen al famoso compositor Ennio Morricone.<\/p>\n<p>Juego de tronos<\/p>\n<p>Es una serie de televisi\u00f3n estadounidense basada en la serie de novelas \u201cCanci\u00f3n de Hielo y Fuego\u201d publicada en 1996 por George R. R. Martin. Fue estrenada en 2011 y ha recibido un Globo de Oro y 15 premios Emmy.<br \/>\nLa mayor parte de la historia de la serie tiene lugar en Poniente, un continente ficticio donde las estaciones pueden durar a\u00f1os, y se centra en las violentas luchas din\u00e1sticas que surgen entre varias familias nobiliarias por el control del Trono de Hierro.<br \/>\nLa m\u00fasica ha sido compuesta por Ramin Djawadi.<\/p>\n<p>La Bella y la Bestia<\/p>\n<p>Es una pel\u00edcula animada de Disney basada en un cuento de hadas tradicional europeo. En la pel\u00edcula, Bella consigue, mediante el amor, romper el hechizo del que es prisionero un pr\u00edncipe que se ha convertido en Bestia, as\u00ed como el resto del personal de su castillo, convertidos en objetos animados.<br \/>\nLa m\u00fasica es de Alan Menken y las canciones de Howard Ashman. Recibi\u00f3 el \u00d3scar a la mejor canci\u00f3n original y el \u00d3scar a la mejor Banda Sonora.<\/p>\n<p>Los Simpsons<\/p>\n<p>Es una serie estadounidense de comedia, en formato de animaci\u00f3n, creada por Matt Groening para la cadena Fox<br \/>\nLa serie es una s\u00e1tira de la sociedad estadounidense que narra la vida y el d\u00eda a d\u00eda de una familia de clase media de ese pa\u00eds que vive en un pueblo ficticio llamado Springfield.<br \/>\nLa sinton\u00eda de Los Simpson suena durante la secuencia de apertura y fue compuesto por Danny Elfman en 1989 en estilo retro. Elfman compuso la pieza en dos d\u00edas y se convirti\u00f3 en la m\u00e1s destacada de su carrera.. En 1990, el tema fue nominado como \u00abMejor m\u00fasica del tema principal\u00bb en los Premios Emmy.<\/p>\n<p>La sirenita<\/p>\n<p>La sirenita es una pel\u00edcula de dibujos animados de Disney que adapta el cuento de hadas de Hans Christian Andersen publicado por primera vez en 1837.<br \/>\nNarra la historia de amor entre la princesa sirena Ariel y el pr\u00edncipe humano Eric.<br \/>\nLa BSO de esta pel\u00edcula fue compuesta por Alan Menken en colaboraci\u00f3n con Howard Ashman (al igual que la Bella y la Bestia). En febrero de 2007, la banda sonora obtuvo la certificaci\u00f3n de 6 veces platino y fue catalogada como una de las mejores bandas sonoras de Disney y de Pixar.<\/p>\n<p>Tarz\u00e1n<\/p>\n<p>Tarz\u00e1n es un personaje ficticio que apareci\u00f3 por primera vez en una revista en 1912. Posteriormente se adapt\u00f3 como novela \u201cTarz\u00e1n de los monos\u201d. El fragmento que escuchamos pertenece a la pel\u00edcula de Disney estrenada el 18 de junio de 1999. Se basa en la novela Tarz\u00e1n de Edgar Rice Burroughs.<br \/>\nLa m\u00fasica fue compuesta por Mark Mancina el cual fue nominado y obtuvo diversos premios en varios festivales de cine y m\u00fasica. Adem\u00e1s, Phil Collins (cantante, compositor, baterista, pianista y actor brit\u00e1nico) fue el encargado de la composici\u00f3n e interpretaci\u00f3n de los temas vocales. En que escuchamos,\u00a0 \u201cYou\u2019ll be in my heart\u201d, obtuvo el \u00d3scar a la Mejor Canci\u00f3n.<\/p>\n<p>Ludlows (Leyendas de pasi\u00f3n)<\/p>\n<p>Es una pel\u00edcula de 1994 basada en una novela de 1979. La trama ocurre entre la I Guerra Mundial y los a\u00f1os 30 y narra los sucesos que tienen lugar en la vida de la familia Ludlow, en la que los dos hermanos de esta familia est\u00e1n enamorados de la misma mujer.<br \/>\nLa pel\u00edcula gan\u00f3\u00a0 un premio de la Academia a la Mejor Fotograf\u00eda.<br \/>\nLa BSO de esta pel\u00edcula pertenece al compositor y director estadounidense, James Horner. Compuso otras bandas sonoras conocidas como Titanic o Jumanji.<\/p>\n<p>Aladdin<\/p>\n<p>Es una pel\u00edcula animada de Walt Disney Pictures que fue estrenada el 25 de noviembre de 1992. La historia se basa en el popular cuento ambientado en Arabia, Aladino y la l\u00e1mpara maravillosa, incluido en la recopilaci\u00f3n Las mil y una noches, aunque tambi\u00e9n incorpora elementos y personajes de la pel\u00edcula El Ladr\u00f3n de Bagdad, de 1940.<br \/>\nLas BSO fue compuesta por el compositor Alan Menken, mientras que de las letras se ocuparon Howard Ashman y Tim Rice.. Oscar a la Mejor banda sonora y a la Mejor canci\u00f3n por \u00abUn Mundo Ideal\u201d, tema principal de la pel\u00edcula.<\/p>\n<p>Frozen<\/p>\n<p>Es una pel\u00edcula de animaci\u00f3n producida por Walt Disney Animation Studios, estrenada el 27 de noviembre de 2013. Est\u00e1 inspirada en la historia de La reina de las nieves de Hans Christian Andersen. Es el 53\u00ba largometraje animado de la lista de cl\u00e1sicos Disney. Gan\u00f3 el premio \u00d3scar a Mejor Pel\u00edcula Animada.<\/p>\n","protected":false},"excerpt":{"rendered":"<p>Los pr\u00f3ximos dias 20 y 27 de Septiembre de 2015 tendr\u00e1 lugar en la localidad&#8230;<\/p>\n","protected":false},"author":1,"featured_media":3452,"comment_status":"closed","ping_status":"closed","sticky":false,"template":"","format":"standard","meta":{"_coblocks_attr":"","_coblocks_dimensions":"","_coblocks_responsive_height":"","_coblocks_accordion_ie_support":"","jetpack_post_was_ever_published":false,"_jetpack_newsletter_access":"","_jetpack_dont_email_post_to_subs":false,"_jetpack_newsletter_tier_id":0,"_jetpack_memberships_contains_paywalled_content":false,"_jetpack_memberships_contains_paid_content":false,"footnotes":"","jetpack_publicize_message":"","jetpack_publicize_feature_enabled":true,"jetpack_social_post_already_shared":false,"jetpack_social_options":{"image_generator_settings":{"template":"highway","default_image_id":0,"enabled":false},"version":2}},"categories":[2,12,15],"tags":[932,1213,158],"class_list":["post-3451","post","type-post","status-publish","format-standard","has-post-thumbnail","hentry","category-atarfe","category-cultura","category-ultimas-noticias","tag-banda-de-musica","tag-concierto","tag-musica"],"jetpack_publicize_connections":[],"jetpack_featured_media_url":"https:\/\/i0.wp.com\/miradordeatarfe.es\/wp-content\/uploads\/2015\/09\/12036418_469292859909277_4261932370481375332_n.jpg?fit=509%2C720&ssl=1","jetpack_likes_enabled":true,"jetpack_sharing_enabled":true,"_links":{"self":[{"href":"https:\/\/miradordeatarfe.es\/index.php?rest_route=\/wp\/v2\/posts\/3451","targetHints":{"allow":["GET"]}}],"collection":[{"href":"https:\/\/miradordeatarfe.es\/index.php?rest_route=\/wp\/v2\/posts"}],"about":[{"href":"https:\/\/miradordeatarfe.es\/index.php?rest_route=\/wp\/v2\/types\/post"}],"author":[{"embeddable":true,"href":"https:\/\/miradordeatarfe.es\/index.php?rest_route=\/wp\/v2\/users\/1"}],"replies":[{"embeddable":true,"href":"https:\/\/miradordeatarfe.es\/index.php?rest_route=%2Fwp%2Fv2%2Fcomments&post=3451"}],"version-history":[{"count":1,"href":"https:\/\/miradordeatarfe.es\/index.php?rest_route=\/wp\/v2\/posts\/3451\/revisions"}],"predecessor-version":[{"id":3453,"href":"https:\/\/miradordeatarfe.es\/index.php?rest_route=\/wp\/v2\/posts\/3451\/revisions\/3453"}],"wp:featuredmedia":[{"embeddable":true,"href":"https:\/\/miradordeatarfe.es\/index.php?rest_route=\/wp\/v2\/media\/3452"}],"wp:attachment":[{"href":"https:\/\/miradordeatarfe.es\/index.php?rest_route=%2Fwp%2Fv2%2Fmedia&parent=3451"}],"wp:term":[{"taxonomy":"category","embeddable":true,"href":"https:\/\/miradordeatarfe.es\/index.php?rest_route=%2Fwp%2Fv2%2Fcategories&post=3451"},{"taxonomy":"post_tag","embeddable":true,"href":"https:\/\/miradordeatarfe.es\/index.php?rest_route=%2Fwp%2Fv2%2Ftags&post=3451"}],"curies":[{"name":"wp","href":"https:\/\/api.w.org\/{rel}","templated":true}]}}