{"id":3454,"date":"2015-09-22T07:40:54","date_gmt":"2015-09-22T07:40:54","guid":{"rendered":"http:\/\/miradordeatarfe.es\/?p=3454"},"modified":"2015-09-23T08:09:05","modified_gmt":"2015-09-23T08:09:05","slug":"el-drama-de-la-inmigracion-en-europa","status":"publish","type":"post","link":"https:\/\/miradordeatarfe.es\/?p=3454","title":{"rendered":"El drama de la inmigraci\u00f3n en Europa"},"content":{"rendered":"<p>Cada a\u00f1o, durante el periodo estival, las im\u00e1genes del drama de los inmigrantes intentando alcanzar Europa, sacude nuestras conciencias. Probablemente este haya sido el verano m\u00e1s duro en mucho tiempo con la crisis provocada por los miles y miles de refugiados que huyen de la guerra de Siria. <!--more--><\/p>\n<p style=\"text-align: justify;\">Tras un inicio de verano marcado por las multitudinarias llegadas de todo tipo de embarcaciones a las costas italianas procedentes de Libia, la <strong>guerra de Siria<\/strong> ha motivado un nuevo frente migratorio a trav\u00e9s de Turqu\u00eda y los Balcanes rumbo a Europa Central y m\u00e1s concretamente hacia Alemania. Las noticias de las diferentes etapas de este periplo y de las penurias que viven <strong>los refugiados que viajan a Europa,<\/strong> han dejado dolorosas im\u00e1genes, como la del ni\u00f1o muerto en la playa, que han sacudido nuestras conciencias.<\/p>\n<p style=\"text-align: justify;\"><strong>Alemania<\/strong>, la mayor y m\u00e1s rica econom\u00eda de Europa, ha sido un im\u00e1n para muchas de las personas que est\u00e1n huyendo de la guerra y la pobreza en Siria y otras partes de Oriente Pr\u00f3ximo y \u00c1frica. El haberse convertido en la meta final para la mayor\u00eda de ellos, supone un grave problema para el Gobierno de Angela Merkel, que lleva todo el mes batallando para que los <strong>160.000 solicitantes de asilo<\/strong>, se redistribuyan por <strong>cuotas entre los 28 pa\u00edses integrantes de la UE<\/strong>. Las primeras cifras del reparto no fueron del agrado de estados como el espa\u00f1ol, que deb\u00eda ser uno de los mayores receptores. Durante semanas hemos vivido un tira y afloja entre los pa\u00edses por evitar asumir un n\u00famero mayor de refugiados, mientras las im\u00e1genes de dolor se suced\u00edan en las pantallas de los noticieros.<br \/>\nAyer mismo, los ministros del Interior de los 28 estados miembros de la UE se reunieron en Bruselas para discutir las propuestas de la Comisi\u00f3n Europea para redistribuir a los primeros 40.000 demandantes de asilo llegados a Italia y Grecia, mientras persisten las reservas de pa\u00edses del Este y del B\u00e1ltico a dar su visto bueno a un segundo programa que aumentar\u00eda hasta 160.000 las plazas para reubicar refugiados, muchos de los cuales han llegado a paises como Hungr\u00eda o Austria.<br \/>\nEl <strong>Gobierno de Mariano Rajoy<\/strong>, ciertamente nunca se ha negado a recibir a los refugiados, pero ha alegado la alta tasa de paro y el papel de Espa\u00f1a como frontera sur de la UE, para intentar lograr que<strong> su cuota fuera menor<\/strong> que la que, en un principio, se plante\u00f3.<\/p>\n<p style=\"text-align: justify;\">Sin duda estamos ante un tema de gran calado humano y social y, por ello, desde <strong>Encuestamos<\/strong> hemos querido trasladarlo a <strong>1.100 ciudadanos<\/strong> mayores de 16 a\u00f1os, procedentes de distintos rincones de la geograf\u00eda espa\u00f1ola, que nos han dado su opini\u00f3n sobre el papel de Espa\u00f1a en esta crisis de los refugiados. Ante la pregunta directa de si <strong>Espa\u00f1a debe ceder a las presiones de la Uni\u00f3n Europea y acoger una cuota mayor de refugiados<\/strong>, un peque\u00f1o <strong>13 %<\/strong> de los encuestados se pone de parte del Gobierno y opina que <strong>la recepci\u00f3n de refugiados se debe realizar, pero en un n\u00famero menor<\/strong> de las casi 15.000 personas, que, en un primer momento nos corresponder\u00edan.<br \/>\nPara un considerable <strong>22\u20199 %<\/strong> de los ciudadanos, <strong>no hay que abrir las puertas a los refugiados<\/strong> porque ya tenemos bastantes inmigrantes en Espa\u00f1a con el paro que hay.<br \/>\nAfortunadamente, la inmensa mayor\u00eda el<strong> 64\u20191 %<\/strong> del total, opina que <strong>debemos ser solidarios y no poner obst\u00e1culos<\/strong> ante la visi\u00f3n de un drama como este.<\/p>\n<p style=\"text-align: justify;\">Aunque la opini\u00f3n de la mayor\u00eda de los espa\u00f1oles sobre el tema de las cuotas de refugiados sea tan evidente. Las herramientas de segmentaci\u00f3n nos aportan peque\u00f1os matices, no exentos de inter\u00e9s. Al<strong> dividir los resultados en funci\u00f3n del sexo<\/strong> del encuestado, se observa que las<strong> mujeres,<\/strong> en un alto <strong>27\u20193 %<\/strong>, son <strong>m\u00e1s hostiles a la llegada de refugiados a Espa\u00f1a que los hombres, 19 %<\/strong>. Tambi\u00e9n son las<strong> f\u00e9minas<\/strong> quienes m\u00e1s apoyan la<strong> postura de rebaja de las cuotas<\/strong> que ha llevado a cabo el Gobierno, en un buen<strong> 15\u20194 % frente al peque\u00f1o 10\u20199 % de los varones.<\/strong><br \/>\n<strong>Por franjas de edad,<\/strong> vemos que los grupos m\u00e1s<strong> contrarios a la llegada de refugiados<\/strong> son los comprendidos entre<strong> los 30 y los 59 a\u00f1os,<\/strong> en tanto que <strong>los mayores de 60 a\u00f1os<\/strong> son lo que se muestran <strong>m\u00e1s solidarios frente al drama que se est\u00e1 viviendo<\/strong> en estos d\u00edas.<\/p>\n<div class=\"ssba\" style=\"text-align: justify;\">\n<div class=\"col-md-12 nill-singlecontent conclusiones\">\n<p>Mientras los distintos gobiernos europeos siguen tratando de pactar una postura com\u00fan, parece claro que<strong> la poblaci\u00f3n espa\u00f1ola, de forma mayoritaria, aboga por acoger a los refugiados de los conlictos de Oriente Medio que quieran venir a Espa\u00f1a,<\/strong> independientemente de su n\u00famero.<\/p>\n<p>Una cuesti\u00f3n distinta es la de convencer a los refugiados sirios e iraqu\u00edes que desean vivir en la pr\u00f3spera Alemania para que se queden en nuestro pa\u00eds, donde las oportunidades laborales son mucho menores y tambi\u00e9n, hasta qu\u00e9 punto es \u00e9tico tratar a<strong> seres humanos como mercanc\u00eda<\/strong> que se distribuya por cuotas. Para ahondar en<strong> el debate sobre la inmigraci\u00f3n<\/strong>, os invitamos a leer\u00a0<a href=\"http:\/\/www.encuestamos.com\/la-inmigracion-divide-la-sociedad-espanola\/\">Inmigraci\u00f3n y pol\u00edtica<\/a><\/p>\n<\/div>\n<\/div>\n","protected":false},"excerpt":{"rendered":"<p>Cada a\u00f1o, durante el periodo estival, las im\u00e1genes del drama de los inmigrantes intentando alcanzar&#8230;<\/p>\n","protected":false},"author":1,"featured_media":3455,"comment_status":"closed","ping_status":"closed","sticky":false,"template":"","format":"standard","meta":{"_coblocks_attr":"","_coblocks_dimensions":"","_coblocks_responsive_height":"","_coblocks_accordion_ie_support":"","jetpack_post_was_ever_published":false,"_jetpack_newsletter_access":"","_jetpack_dont_email_post_to_subs":false,"_jetpack_newsletter_tier_id":0,"_jetpack_memberships_contains_paywalled_content":false,"_jetpack_memberships_contains_paid_content":false,"footnotes":"","jetpack_publicize_message":"","jetpack_publicize_feature_enabled":true,"jetpack_social_post_already_shared":false,"jetpack_social_options":{"image_generator_settings":{"template":"highway","default_image_id":0,"enabled":false},"version":2}},"categories":[1161,15],"tags":[254,679,1232],"class_list":["post-3454","post","type-post","status-publish","format-standard","has-post-thumbnail","hentry","category-ciudadania","category-ultimas-noticias","tag-guerra","tag-refugiados","tag-sirios"],"jetpack_publicize_connections":[],"jetpack_featured_media_url":"https:\/\/i0.wp.com\/miradordeatarfe.es\/wp-content\/uploads\/2015\/09\/sirios.jpg?fit=1200%2C450&ssl=1","jetpack_likes_enabled":true,"jetpack_sharing_enabled":true,"_links":{"self":[{"href":"https:\/\/miradordeatarfe.es\/index.php?rest_route=\/wp\/v2\/posts\/3454","targetHints":{"allow":["GET"]}}],"collection":[{"href":"https:\/\/miradordeatarfe.es\/index.php?rest_route=\/wp\/v2\/posts"}],"about":[{"href":"https:\/\/miradordeatarfe.es\/index.php?rest_route=\/wp\/v2\/types\/post"}],"author":[{"embeddable":true,"href":"https:\/\/miradordeatarfe.es\/index.php?rest_route=\/wp\/v2\/users\/1"}],"replies":[{"embeddable":true,"href":"https:\/\/miradordeatarfe.es\/index.php?rest_route=%2Fwp%2Fv2%2Fcomments&post=3454"}],"version-history":[{"count":3,"href":"https:\/\/miradordeatarfe.es\/index.php?rest_route=\/wp\/v2\/posts\/3454\/revisions"}],"predecessor-version":[{"id":3461,"href":"https:\/\/miradordeatarfe.es\/index.php?rest_route=\/wp\/v2\/posts\/3454\/revisions\/3461"}],"wp:featuredmedia":[{"embeddable":true,"href":"https:\/\/miradordeatarfe.es\/index.php?rest_route=\/wp\/v2\/media\/3455"}],"wp:attachment":[{"href":"https:\/\/miradordeatarfe.es\/index.php?rest_route=%2Fwp%2Fv2%2Fmedia&parent=3454"}],"wp:term":[{"taxonomy":"category","embeddable":true,"href":"https:\/\/miradordeatarfe.es\/index.php?rest_route=%2Fwp%2Fv2%2Fcategories&post=3454"},{"taxonomy":"post_tag","embeddable":true,"href":"https:\/\/miradordeatarfe.es\/index.php?rest_route=%2Fwp%2Fv2%2Ftags&post=3454"}],"curies":[{"name":"wp","href":"https:\/\/api.w.org\/{rel}","templated":true}]}}