{"id":34543,"date":"2019-10-18T11:00:41","date_gmt":"2019-10-18T09:00:41","guid":{"rendered":"http:\/\/miradordeatarfe.es\/?p=34543"},"modified":"2019-10-20T17:35:16","modified_gmt":"2019-10-20T15:35:16","slug":"personas-de-nuestro-equipo-de-gobierno-de-atarfe","status":"publish","type":"post","link":"https:\/\/miradordeatarfe.es\/?p=34543","title":{"rendered":"PERSONAS DE NUESTRO EQUIPO DE GOBIERNO DE ATARFE: TRINIDAD  RODRIGUEZ"},"content":{"rendered":"\n<h2 class=\"wp-block-heading\"> DATOS DE CONTACTO DE TRINIDAD RODR\u00cdGUEZ S\u00c1NCHEZ, SEGUNDA TENIENTE DE ALCALDE<\/h2>\n\n\n\n<p><br> <strong>Responsable de:<br> &#8211; BIENESTAR SOCIAL<br> &#8211; PARTICIPACI\u00d3N CIUDADANA<\/strong><br><br> E-Mail: t.rodriguez@atarfe.es<br> WhatsApp: 680 43 19 98<\/p>\n\n\n\n<p>ENTRE LAS FUNCIONES DE LOS TENIENTES DE ALCALDE  est\u00e1 el convocar y presidir las sesiones de concejo, suscribir contratos,  aprobar y firmar resoluciones y decretos de alcald\u00eda, suscribir y hacer  cumplir los acuerdos de concejo, entre otros. Adem\u00e1s de ser responsable de sus concejalias en este caso de BIENESTAR SOCIAL Y PARTICIPACI\u00d3N CIUDADANA.<\/p>\n\n\n\n<p>La Concejal\u00eda Municipal de Servicios Sociales viene experimentando, \ndesde su creaci\u00f3n, un crecimiento que se traduce en que hoy d\u00eda podamos \nafirmar que el inter\u00e9s y el compromiso con las pol\u00edticas sociales \npermanece, no solo vigente,&nbsp;sino que adem\u00e1s se consolida cada d\u00eda m\u00e1s. como uno de los objetivos primordiales de esta corporaci\u00f3n).<\/p>\n\n\n\n<p>El Sistema de Protecci\u00f3n Social y en particular el Sistema P\u00fablico de  Servicios Sociales que desarrolla, avanza en un claro sentido  municipalista y de dinamismo de la participaci\u00f3n y de la iniciativa  social mediante una visi\u00f3n integradora, mediadora e impulsora y que  tiene corno finalidad conseguir el bienestar social de todos los Atarfe\u00f1os. Conseguir, en definitiva, mejores niveles de calidad de vida  para todos.<\/p>\n\n\n\n<p>Cuando hablamos de Participaci\u00f3n Ciudadana nos referimos al conjunto \nde acciones o iniciativas cuyo fin es el impulso del desarrollo local y \nla democracia participativa, integrando a la ciudadan\u00eda en la toma de \ndecisiones. Se asienta sobre diversas herramientas que permiten a la \npoblaci\u00f3n tener acceso a las decisiones del gobierno, de manera \nindependiente, y sin necesidad de ser parte integrante de la \nadministraci\u00f3n p\u00fablica o de un partido pol\u00edtico.<\/p>\n\n\n\n<p>Reflejo de Participaci\u00f3n Ciudadana es tambi\u00e9n la labor de las \nentidades sin \u00e1nimo de lucro (asociaciones, federaciones, fundaciones, \nOng\u2026) que abogan por determinados temas sociales. Adem\u00e1s se pueden \nproponer la discusi\u00f3n de diversos temas de importancia, a trav\u00e9s de \nforos organizados de discusi\u00f3n o por otras v\u00edas, con las que llegar a un\n acuerdo.<\/p>\n\n\n\n<p>  Os facilitamos la informaci\u00f3n de contacto de cada un@ de l@s  integrantes del Equipo de Gobierno Municipal. Convencidos de la pol\u00edtica  para las personas, entendemos que todos los canales de comunicaci\u00f3n son  pocos para conocer de primera mano vuestras necesidades y demandas, con  el fin de hacer que Atarfe sea mejor cada d\u00eda <\/p>\n\n\n\n<figure class=\"wp-block-image\"><img data-recalc-dims=\"1\" loading=\"lazy\" decoding=\"async\" width=\"376\" height=\"960\" src=\"https:\/\/i0.wp.com\/miradordeatarfe.es\/wp-content\/uploads\/2019\/10\/72558009_2606474166083104_587440471123427328_n.jpg?resize=376%2C960&#038;ssl=1\" alt=\"\" class=\"wp-image-34544\" srcset=\"https:\/\/i0.wp.com\/miradordeatarfe.es\/wp-content\/uploads\/2019\/10\/72558009_2606474166083104_587440471123427328_n.jpg?w=376&amp;ssl=1 376w, https:\/\/i0.wp.com\/miradordeatarfe.es\/wp-content\/uploads\/2019\/10\/72558009_2606474166083104_587440471123427328_n.jpg?resize=118%2C300&amp;ssl=1 118w\" sizes=\"auto, (max-width: 376px) 100vw, 376px\" \/><\/figure>\n","protected":false},"excerpt":{"rendered":"<p>DATOS DE CONTACTO DE TRINIDAD RODR\u00cdGUEZ S\u00c1NCHEZ, SEGUNDA TENIENTE DE ALCALDE Responsable de: &#8211; BIENESTAR&#8230;<\/p>\n","protected":false},"author":1,"featured_media":34545,"comment_status":"closed","ping_status":"closed","sticky":false,"template":"","format":"standard","meta":{"_coblocks_attr":"","_coblocks_dimensions":"","_coblocks_responsive_height":"","_coblocks_accordion_ie_support":"","jetpack_post_was_ever_published":false,"_jetpack_newsletter_access":"","_jetpack_dont_email_post_to_subs":false,"_jetpack_newsletter_tier_id":0,"_jetpack_memberships_contains_paywalled_content":false,"_jetpack_memberships_contains_paid_content":false,"footnotes":"","jetpack_publicize_message":"","jetpack_publicize_feature_enabled":true,"jetpack_social_post_already_shared":false,"jetpack_social_options":{"image_generator_settings":{"template":"highway","default_image_id":0,"enabled":false},"version":2}},"categories":[2,186,44,6539,15],"tags":[81,4293,6532,6530,6543],"class_list":["post-34543","post","type-post","status-publish","format-standard","has-post-thumbnail","hentry","category-atarfe","category-instituciones","category-noticias-de-hoy","category-personajes-de-ataref","category-ultimas-noticias","tag-atarfe","tag-ayuntamiento-de-atarfe","tag-concejalia","tag-teniente-alcalde","tag-trinidad-rodriguez"],"jetpack_publicize_connections":[],"jetpack_featured_media_url":"https:\/\/i0.wp.com\/miradordeatarfe.es\/wp-content\/uploads\/2019\/10\/72558009_2606474166083104_587440471123427328_n-2.jpg?fit=353%2C270&ssl=1","jetpack_likes_enabled":true,"jetpack_sharing_enabled":true,"_links":{"self":[{"href":"https:\/\/miradordeatarfe.es\/index.php?rest_route=\/wp\/v2\/posts\/34543","targetHints":{"allow":["GET"]}}],"collection":[{"href":"https:\/\/miradordeatarfe.es\/index.php?rest_route=\/wp\/v2\/posts"}],"about":[{"href":"https:\/\/miradordeatarfe.es\/index.php?rest_route=\/wp\/v2\/types\/post"}],"author":[{"embeddable":true,"href":"https:\/\/miradordeatarfe.es\/index.php?rest_route=\/wp\/v2\/users\/1"}],"replies":[{"embeddable":true,"href":"https:\/\/miradordeatarfe.es\/index.php?rest_route=%2Fwp%2Fv2%2Fcomments&post=34543"}],"version-history":[{"count":4,"href":"https:\/\/miradordeatarfe.es\/index.php?rest_route=\/wp\/v2\/posts\/34543\/revisions"}],"predecessor-version":[{"id":34670,"href":"https:\/\/miradordeatarfe.es\/index.php?rest_route=\/wp\/v2\/posts\/34543\/revisions\/34670"}],"wp:featuredmedia":[{"embeddable":true,"href":"https:\/\/miradordeatarfe.es\/index.php?rest_route=\/wp\/v2\/media\/34545"}],"wp:attachment":[{"href":"https:\/\/miradordeatarfe.es\/index.php?rest_route=%2Fwp%2Fv2%2Fmedia&parent=34543"}],"wp:term":[{"taxonomy":"category","embeddable":true,"href":"https:\/\/miradordeatarfe.es\/index.php?rest_route=%2Fwp%2Fv2%2Fcategories&post=34543"},{"taxonomy":"post_tag","embeddable":true,"href":"https:\/\/miradordeatarfe.es\/index.php?rest_route=%2Fwp%2Fv2%2Ftags&post=34543"}],"curies":[{"name":"wp","href":"https:\/\/api.w.org\/{rel}","templated":true}]}}