{"id":3465,"date":"2015-09-22T06:53:32","date_gmt":"2015-09-22T06:53:32","guid":{"rendered":"http:\/\/miradordeatarfe.es\/?p=3465"},"modified":"2015-09-23T09:24:57","modified_gmt":"2015-09-23T09:24:57","slug":"el-correo-electronico-deja-obsoletas-las-cartas","status":"publish","type":"post","link":"https:\/\/miradordeatarfe.es\/?p=3465","title":{"rendered":"El correo electr\u00f3nico deja obsoletas las cartas"},"content":{"rendered":"<div class=\"entradilla\">Muchas veces la realidad de la vida se impone y cosas anta\u00f1o tan habituales como mandar una postal desde nuestro lugar de vacaciones se convierte en un anacronismo por la fuerza del correo electr\u00f3nico.<\/div>\n<p><!--more--><\/p>\n<p>Aunque pueda parecer mentira, para toda una generaci\u00f3n de espa\u00f1oles <strong>el concepto de escribir una carta o enviar una postal<\/strong>, es algo que les resulta completamente ajeno. La irrupci\u00f3n de internet en nuestras vidas, a finales del siglo pasado, vino acompa\u00f1ada por<strong> el correo electr\u00f3nico<\/strong>, los populares e mails, que gracias a su inmediatez, se han convertido en el veh\u00edculo fundamental para las comunicaciones entre individuos no s\u00f3lo a nivel personal, sino tambi\u00e9n profesional.<br \/>\nEl correo electr\u00f3nico es un herramienta muy \u00fatil y sencilla que nos coloca en disposici\u00f3n de establecer una comunicaci\u00f3n fluida con todos nuestros contactos. Atr\u00e1s queda toda aquella liturgia de comprar el sobre o la postal, los sellos, escribir nuestra carta y echarla al correo con la esperanza de que no se extraviara con nuestros mensajes dentro. Ahora todo es m\u00e1s r\u00e1pido, directo y eficaz, lo cual ha hecho que las comunicaciones por correo ordinario se transformen, parad\u00f3jicamente, en algo muy poco ordinario.<br \/>\nDentro del gran estudio demosc\u00f3pico sobre<strong> Internet y las Nuevas Tecnolog\u00edas<\/strong>, realizado por <strong>Encuestamos<\/strong>, hemos consultado con <strong>1.500 ciudadanos<\/strong> procedentes de todos los puntos de nuestro pa\u00eds, <strong>\u00bfcu\u00e1nto tiempo hac\u00eda que no escrib\u00edan una carta de tipo personal o una postal?<\/strong><br \/>\nUn <strong>8\u20192 %<\/strong> de los encuestados nos ha confesado que ellos <strong>no hab\u00edan escrito nunca una carta o postal<\/strong>, poniendo de relieve el cambio de costumbres de las nuevas generaciones.<br \/>\nUn peque\u00f1o<strong> 12\u20194 %<\/strong> de los entrevistados manifestaba <strong>haber escrito en el \u00faltimo mes<\/strong> y un buen <strong>20\u20197<\/strong> % afirmaba haberlo hecho en <strong>el \u00faltimo a\u00f1o.<\/strong><br \/>\nEn todo caso, el cambio de tendencia queda patente con el discurso de la mayor\u00eda, nada menos que un sobresaliente <strong>59\u20197 %<\/strong> de los ciudadanos, afirma que <strong>lleva un a\u00f1o o m\u00e1s sin escribir una carta o postal<\/strong>.<\/p>\n<p>Ahondando en el uso que se hace en Espa\u00f1a del correo electr\u00f3nico hemos preguntado a los<strong> 1.500 miembros del Club Opinamos<\/strong> que han participado en este estudio,<strong> de d\u00f3nde era su principal cuenta de e mail<\/strong>.<br \/>\nLos encuestados nos han dado m\u00faltiples alternativas, aunque dos destacan por encima del resto. Un estupendo <strong>37\u20191 %<\/strong> de los entrevistados ha confesado que su cuenta de correo electr\u00f3nico es de <strong>Hotmail<\/strong>, frente a un todav\u00eda mayor <strong>43\u20191 %<\/strong> de los encuestados que afirma tener su cuenta en <strong>Gmail<\/strong>, la filial de Google.<\/p>\n<p>El estudio sobre <strong>Internet y las Nuevas Tecnolog\u00edas<\/strong> demuestra la existencia de una generaci\u00f3n que ya no acude al papel para comunicarse y nos reafirma en la intensa penetraci\u00f3n y sensaci\u00f3n de dominio del mercado de internet por parte de Google.<\/p>\n<p>PUBLICADO EN : <a href=\"http:\/\/www.encuestamos.com\/el-correo-electronico-deja-obsoletas-las-cartas\/\">http:\/\/www.encuestamos.com\/el-correo-electronico-deja-obsoletas-las-cartas\/<\/a><\/p>\n","protected":false},"excerpt":{"rendered":"<p>Muchas veces la realidad de la vida se impone y cosas anta\u00f1o tan habituales como&#8230;<\/p>\n","protected":false},"author":1,"featured_media":3466,"comment_status":"closed","ping_status":"closed","sticky":false,"template":"","format":"standard","meta":{"_coblocks_attr":"","_coblocks_dimensions":"","_coblocks_responsive_height":"","_coblocks_accordion_ie_support":"","jetpack_post_was_ever_published":false,"_jetpack_newsletter_access":"","_jetpack_dont_email_post_to_subs":false,"_jetpack_newsletter_tier_id":0,"_jetpack_memberships_contains_paywalled_content":false,"_jetpack_memberships_contains_paid_content":false,"footnotes":"","jetpack_publicize_message":"","jetpack_publicize_feature_enabled":true,"jetpack_social_post_already_shared":false,"jetpack_social_options":{"image_generator_settings":{"template":"highway","default_image_id":0,"enabled":false},"version":2}},"categories":[15],"tags":[1234,1235,1236,1237,306],"class_list":["post-3465","post","type-post","status-publish","format-standard","has-post-thumbnail","hentry","category-ultimas-noticias","tag-cartas","tag-email","tag-gmail","tag-hotmail","tag-internet"],"jetpack_publicize_connections":[],"jetpack_featured_media_url":"https:\/\/i0.wp.com\/miradordeatarfe.es\/wp-content\/uploads\/2015\/09\/carta2.jpg?fit=1200%2C455&ssl=1","jetpack_likes_enabled":true,"jetpack_sharing_enabled":true,"_links":{"self":[{"href":"https:\/\/miradordeatarfe.es\/index.php?rest_route=\/wp\/v2\/posts\/3465","targetHints":{"allow":["GET"]}}],"collection":[{"href":"https:\/\/miradordeatarfe.es\/index.php?rest_route=\/wp\/v2\/posts"}],"about":[{"href":"https:\/\/miradordeatarfe.es\/index.php?rest_route=\/wp\/v2\/types\/post"}],"author":[{"embeddable":true,"href":"https:\/\/miradordeatarfe.es\/index.php?rest_route=\/wp\/v2\/users\/1"}],"replies":[{"embeddable":true,"href":"https:\/\/miradordeatarfe.es\/index.php?rest_route=%2Fwp%2Fv2%2Fcomments&post=3465"}],"version-history":[{"count":1,"href":"https:\/\/miradordeatarfe.es\/index.php?rest_route=\/wp\/v2\/posts\/3465\/revisions"}],"predecessor-version":[{"id":3467,"href":"https:\/\/miradordeatarfe.es\/index.php?rest_route=\/wp\/v2\/posts\/3465\/revisions\/3467"}],"wp:featuredmedia":[{"embeddable":true,"href":"https:\/\/miradordeatarfe.es\/index.php?rest_route=\/wp\/v2\/media\/3466"}],"wp:attachment":[{"href":"https:\/\/miradordeatarfe.es\/index.php?rest_route=%2Fwp%2Fv2%2Fmedia&parent=3465"}],"wp:term":[{"taxonomy":"category","embeddable":true,"href":"https:\/\/miradordeatarfe.es\/index.php?rest_route=%2Fwp%2Fv2%2Fcategories&post=3465"},{"taxonomy":"post_tag","embeddable":true,"href":"https:\/\/miradordeatarfe.es\/index.php?rest_route=%2Fwp%2Fv2%2Ftags&post=3465"}],"curies":[{"name":"wp","href":"https:\/\/api.w.org\/{rel}","templated":true}]}}