{"id":3471,"date":"2015-09-25T07:02:17","date_gmt":"2015-09-25T07:02:17","guid":{"rendered":"http:\/\/miradordeatarfe.es\/?p=3471"},"modified":"2015-09-26T07:57:24","modified_gmt":"2015-09-26T07:57:24","slug":"la-vuelta-al-cole-gastos-y-mas-gastos","status":"publish","type":"post","link":"https:\/\/miradordeatarfe.es\/?p=3471","title":{"rendered":"La vuelta al cole: gastos y m\u00e1s gastos"},"content":{"rendered":"<div class=\"entradilla\">Cuando uno tiene hijos peque\u00f1os los gastos se multiplican hasta l\u00edmites insospechados. Uno de los que m\u00e1s escuece es el dineral que nos dejamos durante la vuelta al cole. Por eso hemos preguntado a los ciudadanos para ver si le encuentran una soluci\u00f3n a este problema.<\/div>\n<p><!--more--><\/p>\n<p>Con el mes de septiembre a la vuelta de la esquina y con <strong>nuestros hijos a punto de volver al colegio<\/strong>, los gastos se multiplican de manera alarmante para la maltrecha econom\u00eda del espa\u00f1ol medio. <strong>Los libros de texto<\/strong> son uno de los grandes caballos de batalla de los padres, ya que cada a\u00f1o, el final del verano se convierte en una aut\u00e9ntica tortura econ\u00f3mica para hacer frente al <strong>sobregasto que supone la vuelta al cole<\/strong> y, particularmente, los libros de texto que siempre cambian de un a\u00f1o para otro, con la excusa de que hay que adaptarlos a los nuevos tiempos o que var\u00edan los planes de estudios o cualquier otra cosa que se les ocurra a unos y otros.<br \/>\nEl caso es que hemos pedido a los miembros del Club Opinamos que nos digan qu\u00e9 piensan de los libros de texto y parece que el factor econ\u00f3mico es el que prima. Ciertamente un <strong>16\u20195 %<\/strong> de los encuestados creen que <strong>los libros deber\u00edan adaptarse a los nuevos tiempos y ser digitales<\/strong>, abandonando el papel. Pero las dos opciones m\u00e1s votadas se centran en su uso y precio. Un <strong>18\u20198 % <\/strong>de los ciudadanos se quejan de que los libros ya <strong>no se puedan utilizar de un a\u00f1o para otro<\/strong>, lo que tradicionalmente entend\u00edamos como heredar los libros y que ahora, con tanto cambio, pero tambi\u00e9n, con tantos libros sobre los que se escriben los deberes, han convertido en una aut\u00e9ntica misi\u00f3n imposible el tradicional hecho de reutilizar el libro del hermano o amigo al a\u00f1o siguiente. La alternativa por la que se inclina la mayor\u00eda, un notable <strong>54\u20195 %,\u00a0<\/strong> es la afirmaci\u00f3n de un hecho, los libros de texto <strong>cada a\u00f1o que pasa son m\u00e1s caros<\/strong>. Algo en lo que el Estado o las Autonom\u00edas competentes deber\u00edan intentar controlar.<\/p>\n<p>Uno de los grandes problemas sociales, provocado por la incorporaci\u00f3n de la mujer al mercado laboral, versaba sobre <strong>qu\u00e9 hacer con los ni\u00f1os<\/strong> hasta que llega la edad de la escolarizaci\u00f3n obligatoria. Para algunos, la figura de los abuelos se ha convertido en la soluci\u00f3n al problema, para otros, lamentablemente, la ausencia de trabajo y, para muchos, dejar a los ni\u00f1os en una guarder\u00eda donde se hagan cargo de ellos en los horarios que nadie m\u00e1s puede hacerlo.<\/p>\n<p>El verdadero problema con <strong>las guarder\u00edas<\/strong> es que al ser negocios privados donde hay que cuidar factores tan importantes como la salud, la limpieza, la alimentaci\u00f3n y la educaci\u00f3n, soportan unos costes muy altos y, por tanto, sus tarifas, habitualmente, tambi\u00e9n lo son.Las ayudas del Estado, al no existir ninguna obligatoriedad de escolarizaci\u00f3n, son escasas y las guarder\u00edas p\u00fablicas, pr\u00e1cticamente, inexistentes. Las familias con las estrecheces de la crisis han visto en sus hijos peque\u00f1os otro problema econ\u00f3mico, lo que ha venido a ralentizar el, ya de por s\u00ed, bajo ritmo de la natalidad en nuestro pa\u00eds.<br \/>\nHemos pedido a ciudadanos de las 50 provincias espa\u00f1olas, ahora que finalizan las vacaciones y muchos peque\u00f1os vuelven a ellas, que nos dieran <strong>su opini\u00f3n sobre las guarder\u00edas<\/strong> y qu\u00e9 soluci\u00f3n ve\u00edan ellos. <strong>Uno de cada cuatro<\/strong> encuestados nos dec\u00eda que <strong>las guarder\u00edas deber\u00edan ser m\u00e1s econ\u00f3micas<\/strong>, en tanto que la gran mayor\u00eda, nada menos que un <strong>61\u20191 %<\/strong>, opinaba que el Estado debe crear <strong>m\u00e1s guarder\u00edas p\u00fablicas y gratuitas.<\/strong><\/p>\n<p><strong>Las guarder\u00edas y los libros de texto:<\/strong> dos escollos econ\u00f3micos, que empobrecen a\u00fan m\u00e1s a las familias espa\u00f1olas y que son problemas, aparentemente no demasiado complejos, pero que nunca encuentran soluci\u00f3n.<\/p>\n<p>&nbsp;<\/p>\n<p>PUBLICADO EN : <a href=\"http:\/\/www.encuestamos.com\/las-guarderias-publicas-y-gratuitas-ya\/\">http:\/\/www.encuestamos.com\/las-guarderias-publicas-y-gratuitas-ya\/<\/a><\/p>\n","protected":false},"excerpt":{"rendered":"<p>Cuando uno tiene hijos peque\u00f1os los gastos se multiplican hasta l\u00edmites insospechados. Uno de los&#8230;<\/p>\n","protected":false},"author":1,"featured_media":3472,"comment_status":"closed","ping_status":"closed","sticky":false,"template":"","format":"standard","meta":{"_coblocks_attr":"","_coblocks_dimensions":"","_coblocks_responsive_height":"","_coblocks_accordion_ie_support":"","jetpack_post_was_ever_published":false,"_jetpack_newsletter_access":"","_jetpack_dont_email_post_to_subs":false,"_jetpack_newsletter_tier_id":0,"_jetpack_memberships_contains_paywalled_content":false,"_jetpack_memberships_contains_paid_content":false,"footnotes":"","jetpack_publicize_message":"","jetpack_publicize_feature_enabled":true,"jetpack_social_post_already_shared":false,"jetpack_social_options":{"image_generator_settings":{"template":"highway","default_image_id":0,"enabled":false},"version":2}},"categories":[1161,15],"tags":[1238,459],"class_list":["post-3471","post","type-post","status-publish","format-standard","has-post-thumbnail","hentry","category-ciudadania","category-ultimas-noticias","tag-guarderias","tag-libros"],"jetpack_publicize_connections":[],"jetpack_featured_media_url":"https:\/\/i0.wp.com\/miradordeatarfe.es\/wp-content\/uploads\/2015\/09\/guarderia1.jpg?fit=1221%2C555&ssl=1","jetpack_likes_enabled":true,"jetpack_sharing_enabled":true,"_links":{"self":[{"href":"https:\/\/miradordeatarfe.es\/index.php?rest_route=\/wp\/v2\/posts\/3471","targetHints":{"allow":["GET"]}}],"collection":[{"href":"https:\/\/miradordeatarfe.es\/index.php?rest_route=\/wp\/v2\/posts"}],"about":[{"href":"https:\/\/miradordeatarfe.es\/index.php?rest_route=\/wp\/v2\/types\/post"}],"author":[{"embeddable":true,"href":"https:\/\/miradordeatarfe.es\/index.php?rest_route=\/wp\/v2\/users\/1"}],"replies":[{"embeddable":true,"href":"https:\/\/miradordeatarfe.es\/index.php?rest_route=%2Fwp%2Fv2%2Fcomments&post=3471"}],"version-history":[{"count":2,"href":"https:\/\/miradordeatarfe.es\/index.php?rest_route=\/wp\/v2\/posts\/3471\/revisions"}],"predecessor-version":[{"id":3474,"href":"https:\/\/miradordeatarfe.es\/index.php?rest_route=\/wp\/v2\/posts\/3471\/revisions\/3474"}],"wp:featuredmedia":[{"embeddable":true,"href":"https:\/\/miradordeatarfe.es\/index.php?rest_route=\/wp\/v2\/media\/3472"}],"wp:attachment":[{"href":"https:\/\/miradordeatarfe.es\/index.php?rest_route=%2Fwp%2Fv2%2Fmedia&parent=3471"}],"wp:term":[{"taxonomy":"category","embeddable":true,"href":"https:\/\/miradordeatarfe.es\/index.php?rest_route=%2Fwp%2Fv2%2Fcategories&post=3471"},{"taxonomy":"post_tag","embeddable":true,"href":"https:\/\/miradordeatarfe.es\/index.php?rest_route=%2Fwp%2Fv2%2Ftags&post=3471"}],"curies":[{"name":"wp","href":"https:\/\/api.w.org\/{rel}","templated":true}]}}