{"id":34755,"date":"2019-10-28T11:15:17","date_gmt":"2019-10-28T10:15:17","guid":{"rendered":"http:\/\/miradordeatarfe.es\/?p=34755"},"modified":"2023-10-21T19:08:50","modified_gmt":"2023-10-21T17:08:50","slug":"madinat-ilvira-nueva-campana-de-excavaciones","status":"publish","type":"post","link":"https:\/\/miradordeatarfe.es\/?p=34755","title":{"rendered":"MADINAT ILBIRA: NUEVA CAMPA\u00d1A DE EXCAVACIONES"},"content":{"rendered":"\r\n<h4 class=\"wp-block-heading\">Comienza una nueva campa\u00f1a de excavaci\u00f3n en Medina Elvira.<\/h4>\r\n\r\n\r\n<p>El equipo <strong>hispano-polaco<\/strong> ha comenzado a trabajar de nuevo en octubre de 2019 en el yacimiento, bajo la direcci\u00f3n de Marian Rebkowski y Antonio Malpica Cuello.<\/p>\r\n\r\n\r\n<p>continuando con uno de los sondeos abiertos en la campa\u00f1a anterior y comenzando a excavar un \u00e1rea nueva en la que nunca antes se hab\u00eda intervenido.<\/p>\r\n\r\n\r\n<p>Pronto daremos noticias de la primera de las publicaciones con los resultados de este proyecto, correspondiente a la primera fase de prospecciones geof\u00edsicas no invasivas.<\/p>\r\n\r\n\r\n<p>Entrevista al director del proyecto Antonio Malpica Cuello, acompa\u00f1ado de uno de los t\u00e9cnicos, Guillermo Garc\u00eda-Contreras Ruiz, sobre la ciudad de Medina Elvira en Cadena Gope Granada del a\u00f1o pasado 2018.<\/p>\r\n<p><br \/>\r\n<a href=\"https:\/\/www.cope.es\/emisoras\/andalucia\/granada-provincia\/granada\/audios\/medina-elvira-una-ciudad-visigoda-musulmana-20000-habitantes-enterrada-junto-vega-20181107_573139?fbclid=IwAR2N1gqaEHin8P0w7wYxkhjRBiA3G3GMG8XapN_CEWYBxyvyg_PXRzEzAow\" target=\"_blank\" rel=\"noreferrer noopener\">https:\/\/www.cope.es\/\u2026\/medina-elvira-una-ciudad-visigoda-mus\u2026<\/a><\/p>\r\n<p>&nbsp;<\/p>\r\n\r\n\r\n<ul class=\"wp-block-gallery columns-3 is-cropped wp-block-gallery-1 is-layout-flex wp-block-gallery-is-layout-flex\">\r\n\t<li class=\"blocks-gallery-item\">\r\n<figure><img data-recalc-dims=\"1\" loading=\"lazy\" decoding=\"async\" width=\"640\" height=\"480\" class=\"wp-image-34756\" src=\"https:\/\/i0.wp.com\/miradordeatarfe.es\/wp-content\/uploads\/2019\/10\/OCTUBRE-2019-2.jpg?resize=640%2C480&#038;ssl=1\" alt=\"\" data-id=\"34756\" data-link=\"https:\/\/miradordeatarfe.es\/?attachment_id=34756\" srcset=\"https:\/\/i0.wp.com\/miradordeatarfe.es\/wp-content\/uploads\/2019\/10\/OCTUBRE-2019-2.jpg?w=960&amp;ssl=1 960w, https:\/\/i0.wp.com\/miradordeatarfe.es\/wp-content\/uploads\/2019\/10\/OCTUBRE-2019-2.jpg?resize=300%2C225&amp;ssl=1 300w, https:\/\/i0.wp.com\/miradordeatarfe.es\/wp-content\/uploads\/2019\/10\/OCTUBRE-2019-2.jpg?resize=768%2C576&amp;ssl=1 768w, https:\/\/i0.wp.com\/miradordeatarfe.es\/wp-content\/uploads\/2019\/10\/OCTUBRE-2019-2.jpg?resize=600%2C450&amp;ssl=1 600w\" sizes=\"auto, (max-width: 640px) 100vw, 640px\" \/><\/figure>\r\n<\/li>\r\n\t<li class=\"blocks-gallery-item\">\r\n<figure><img data-recalc-dims=\"1\" loading=\"lazy\" decoding=\"async\" width=\"640\" height=\"480\" class=\"wp-image-34757\" src=\"https:\/\/i0.wp.com\/miradordeatarfe.es\/wp-content\/uploads\/2019\/10\/OCTUBRE-2019-3.jpg?resize=640%2C480&#038;ssl=1\" alt=\"\" data-id=\"34757\" data-link=\"https:\/\/miradordeatarfe.es\/?attachment_id=34757\" srcset=\"https:\/\/i0.wp.com\/miradordeatarfe.es\/wp-content\/uploads\/2019\/10\/OCTUBRE-2019-3.jpg?w=960&amp;ssl=1 960w, https:\/\/i0.wp.com\/miradordeatarfe.es\/wp-content\/uploads\/2019\/10\/OCTUBRE-2019-3.jpg?resize=300%2C225&amp;ssl=1 300w, https:\/\/i0.wp.com\/miradordeatarfe.es\/wp-content\/uploads\/2019\/10\/OCTUBRE-2019-3.jpg?resize=768%2C576&amp;ssl=1 768w, https:\/\/i0.wp.com\/miradordeatarfe.es\/wp-content\/uploads\/2019\/10\/OCTUBRE-2019-3.jpg?resize=600%2C450&amp;ssl=1 600w\" sizes=\"auto, (max-width: 640px) 100vw, 640px\" \/><\/figure>\r\n<\/li>\r\n\t<li class=\"blocks-gallery-item\">\r\n<figure><img data-recalc-dims=\"1\" loading=\"lazy\" decoding=\"async\" width=\"640\" height=\"480\" class=\"wp-image-34758\" src=\"https:\/\/i0.wp.com\/miradordeatarfe.es\/wp-content\/uploads\/2019\/10\/OCTUBRE-2019-4.jpg?resize=640%2C480&#038;ssl=1\" alt=\"\" data-id=\"34758\" data-link=\"https:\/\/miradordeatarfe.es\/?attachment_id=34758\" srcset=\"https:\/\/i0.wp.com\/miradordeatarfe.es\/wp-content\/uploads\/2019\/10\/OCTUBRE-2019-4.jpg?w=960&amp;ssl=1 960w, https:\/\/i0.wp.com\/miradordeatarfe.es\/wp-content\/uploads\/2019\/10\/OCTUBRE-2019-4.jpg?resize=300%2C225&amp;ssl=1 300w, https:\/\/i0.wp.com\/miradordeatarfe.es\/wp-content\/uploads\/2019\/10\/OCTUBRE-2019-4.jpg?resize=768%2C576&amp;ssl=1 768w, https:\/\/i0.wp.com\/miradordeatarfe.es\/wp-content\/uploads\/2019\/10\/OCTUBRE-2019-4.jpg?resize=600%2C450&amp;ssl=1 600w\" sizes=\"auto, (max-width: 640px) 100vw, 640px\" \/><\/figure>\r\n<\/li>\r\n\t<li class=\"blocks-gallery-item\">\r\n<figure><img data-recalc-dims=\"1\" loading=\"lazy\" decoding=\"async\" width=\"640\" height=\"480\" class=\"wp-image-34759\" src=\"https:\/\/i0.wp.com\/miradordeatarfe.es\/wp-content\/uploads\/2019\/10\/OCTUBRE-2019-5.jpg?resize=640%2C480&#038;ssl=1\" alt=\"\" data-id=\"34759\" data-link=\"https:\/\/miradordeatarfe.es\/?attachment_id=34759\" srcset=\"https:\/\/i0.wp.com\/miradordeatarfe.es\/wp-content\/uploads\/2019\/10\/OCTUBRE-2019-5.jpg?w=960&amp;ssl=1 960w, https:\/\/i0.wp.com\/miradordeatarfe.es\/wp-content\/uploads\/2019\/10\/OCTUBRE-2019-5.jpg?resize=300%2C225&amp;ssl=1 300w, https:\/\/i0.wp.com\/miradordeatarfe.es\/wp-content\/uploads\/2019\/10\/OCTUBRE-2019-5.jpg?resize=768%2C576&amp;ssl=1 768w, https:\/\/i0.wp.com\/miradordeatarfe.es\/wp-content\/uploads\/2019\/10\/OCTUBRE-2019-5.jpg?resize=600%2C450&amp;ssl=1 600w\" sizes=\"auto, (max-width: 640px) 100vw, 640px\" \/><\/figure>\r\n<\/li>\r\n\t<li class=\"blocks-gallery-item\">\r\n<figure><img data-recalc-dims=\"1\" loading=\"lazy\" decoding=\"async\" width=\"640\" height=\"853\" class=\"wp-image-34760\" src=\"https:\/\/i0.wp.com\/miradordeatarfe.es\/wp-content\/uploads\/2019\/10\/OCTUBRE-2019-6.jpg?resize=640%2C853&#038;ssl=1\" alt=\"\" data-id=\"34760\" data-link=\"https:\/\/miradordeatarfe.es\/?attachment_id=34760\" srcset=\"https:\/\/i0.wp.com\/miradordeatarfe.es\/wp-content\/uploads\/2019\/10\/OCTUBRE-2019-6.jpg?w=720&amp;ssl=1 720w, https:\/\/i0.wp.com\/miradordeatarfe.es\/wp-content\/uploads\/2019\/10\/OCTUBRE-2019-6.jpg?resize=225%2C300&amp;ssl=1 225w, https:\/\/i0.wp.com\/miradordeatarfe.es\/wp-content\/uploads\/2019\/10\/OCTUBRE-2019-6.jpg?resize=600%2C800&amp;ssl=1 600w\" sizes=\"auto, (max-width: 640px) 100vw, 640px\" \/><\/figure>\r\n<\/li>\r\n<\/ul>\r\n","protected":false},"excerpt":{"rendered":"<p>Comienza una nueva campa\u00f1a de excavaci\u00f3n en Medina Elvira. El equipo hispano-polaco ha comenzado a&#8230;<\/p>\n","protected":false},"author":1,"featured_media":34757,"comment_status":"closed","ping_status":"closed","sticky":false,"template":"","format":"standard","meta":{"_coblocks_attr":"","_coblocks_dimensions":"","_coblocks_responsive_height":"","_coblocks_accordion_ie_support":"","jetpack_post_was_ever_published":false,"_jetpack_newsletter_access":"","_jetpack_dont_email_post_to_subs":false,"_jetpack_newsletter_tier_id":0,"_jetpack_memberships_contains_paywalled_content":false,"_jetpack_memberships_contains_paid_content":false,"footnotes":"","jetpack_publicize_message":"","jetpack_publicize_feature_enabled":true,"jetpack_social_post_already_shared":false,"jetpack_social_options":{"image_generator_settings":{"template":"highway","default_image_id":0,"enabled":false},"version":2}},"categories":[1225,9029,5359,10431],"tags":[81,80,3363],"class_list":["post-34755","post","type-post","status-publish","format-standard","has-post-thumbnail","hentry","category-ha-de-atarfe","category-la-cora-de-ilbira","category-madinat-ilbira","category-medina-elvira-2","tag-atarfe","tag-excavaciones","tag-madinat-ilvira"],"jetpack_publicize_connections":[],"jetpack_featured_media_url":"https:\/\/i0.wp.com\/miradordeatarfe.es\/wp-content\/uploads\/2019\/10\/OCTUBRE-2019-3.jpg?fit=960%2C720&ssl=1","jetpack_likes_enabled":true,"jetpack_sharing_enabled":true,"_links":{"self":[{"href":"https:\/\/miradordeatarfe.es\/index.php?rest_route=\/wp\/v2\/posts\/34755","targetHints":{"allow":["GET"]}}],"collection":[{"href":"https:\/\/miradordeatarfe.es\/index.php?rest_route=\/wp\/v2\/posts"}],"about":[{"href":"https:\/\/miradordeatarfe.es\/index.php?rest_route=\/wp\/v2\/types\/post"}],"author":[{"embeddable":true,"href":"https:\/\/miradordeatarfe.es\/index.php?rest_route=\/wp\/v2\/users\/1"}],"replies":[{"embeddable":true,"href":"https:\/\/miradordeatarfe.es\/index.php?rest_route=%2Fwp%2Fv2%2Fcomments&post=34755"}],"version-history":[{"count":5,"href":"https:\/\/miradordeatarfe.es\/index.php?rest_route=\/wp\/v2\/posts\/34755\/revisions"}],"predecessor-version":[{"id":64242,"href":"https:\/\/miradordeatarfe.es\/index.php?rest_route=\/wp\/v2\/posts\/34755\/revisions\/64242"}],"wp:featuredmedia":[{"embeddable":true,"href":"https:\/\/miradordeatarfe.es\/index.php?rest_route=\/wp\/v2\/media\/34757"}],"wp:attachment":[{"href":"https:\/\/miradordeatarfe.es\/index.php?rest_route=%2Fwp%2Fv2%2Fmedia&parent=34755"}],"wp:term":[{"taxonomy":"category","embeddable":true,"href":"https:\/\/miradordeatarfe.es\/index.php?rest_route=%2Fwp%2Fv2%2Fcategories&post=34755"},{"taxonomy":"post_tag","embeddable":true,"href":"https:\/\/miradordeatarfe.es\/index.php?rest_route=%2Fwp%2Fv2%2Ftags&post=34755"}],"curies":[{"name":"wp","href":"https:\/\/api.w.org\/{rel}","templated":true}]}}