{"id":34767,"date":"2019-10-30T11:00:08","date_gmt":"2019-10-30T10:00:08","guid":{"rendered":"http:\/\/miradordeatarfe.es\/?p=34767"},"modified":"2023-10-21T19:07:13","modified_gmt":"2023-10-21T17:07:13","slug":"la-web-castillos-de-espana-expone-su-opinion-sobre-madinat-ilbira","status":"publish","type":"post","link":"https:\/\/miradordeatarfe.es\/?p=34767","title":{"rendered":"LA WEB Castillos de Espa\u00f1a EXPONE SU OPINION SOBRE MADINAT ILBIRA"},"content":{"rendered":"\n<h4 class=\"wp-block-heading\">Medina Elvira \/ Madinat Ilbira <br \/>Bajo  la protecci\u00f3n de la  Declaraci\u00f3n gen\u00e9rica del Decreto de 22 de abril de  1949, y la Ley  16\/1985 sobre el Patrimonio Hist\u00f3rico Espa\u00f1ol. <\/h4>\n\n\n\n<table class=\"wp-block-table\"><tbody><tr><td>\n\t\t\t\t\t\tReferencia: GR-CAS-073<br \/>Comunidad: <a href=\"https:\/\/www.castillosnet.org\/espana\/lista.php?zon=1\">Andaluc\u00eda<\/a><br \/>Provincia: <a href=\"https:\/\/www.castillosnet.org\/espana\/lista.php?pro=18\">Granada<\/a><br \/>Municipio: <a href=\"https:\/\/www.castillosnet.org\/espana\/lista.php?mun=180022\">Atarfe<\/a><br \/>Localidad: <a href=\"https:\/\/www.castillosnet.org\/espana\/lista.php?loc=18022000100\">Atarfe<\/a><br \/>Tipolog\u00eda: <a href=\"https:\/\/www.castillosnet.org\/espana\/lista.php?tip=122\">Muralla urbana, recinto amurallado<\/a><br \/>\u00daltima actualizaci\u00f3n: 31\/08\/2014\t\t\t\t\t<\/td><\/tr><\/tbody><\/table>\n\n\n\n<h4 class=\"wp-block-heading\">Situaci\u00f3n<\/h4>\n\n\n\n<p>Los restos de Medina Elvira se encuentran en el t\u00e9rmino municipal de Atarfe, provincia de Granada.<\/p>\n\n\n\n<h4 class=\"wp-block-heading\">Historia<\/h4>\n\n\n\n<p>Madinat\n Ilbira es una ciudad surgida en el siglo VIII, seguramente a partir de \nun poblamiento campesino, sobre los restos de una antigua poblaci\u00f3n \nromana y tardoantigua. Parece que fuera el germen de la Granada actual.<br \/><br \/>En\n la \u00e9poca del Califato de C\u00f3rdoba era la capital de la Cora de Elvira. \nEn el siglo IX Abdehrraman II y Muhammad I construyeron su alcazaba y \nmuy probablemente su mezquita mayor.<br \/><br \/>En el siglo XI se produjo el\n traslado a Granada y por consiguiente su posterior deterioro. \nFinalmente en 1485 los Reyes Cat\u00f3licos destruyeron la ciudad.<br \/><br \/>Las\n excavaciones realizadas en el siglo XIX sacaron a la luz abundantes \nrestos de origen romano y \u00e1rabes. Estas excavaciones fueron realizadas \nen Cerro del Sombrerete, Tajo Colorado, Cerro Almirez y Cerro de los \nCigarrones, que ejercieron un papel importante en la defensa de la \nciudad.<\/p>\n\n\n\n<h4 class=\"wp-block-heading\">Protecci\u00f3n<\/h4>\n\n\n\n<p>El\n yacimiento se ubica entre los municipios de Atarfe y Pinos Puente y \ncuenta con una amplia extensi\u00f3n protegida, de 332 hect\u00e1reas, declaradas \nBien de Inter\u00e9s Cultural (BIC) en 2004. Sus importantes valores \nhist\u00f3rico, social y cultural justifican las campa\u00f1as de excavaci\u00f3n \nsistem\u00e1tica que se realizan desde el a\u00f1o 2005, dentro del proyecto <em>La ciudad de Madinat Ilbira<\/em>, autorizado y financiado por la Direcci\u00f3n General de Bienes Culturales de la Consejer\u00eda de Cultura de la Junta de Andaluc\u00eda.<br \/><br \/>Bajo\n la protecci\u00f3n de la Declaraci\u00f3n gen\u00e9rica del Decreto de 22 de abril de \n1949, y la Ley 16\/1985 sobre el Patrimonio Hist\u00f3rico Espa\u00f1ol.<\/p>\n\n\n\n<h4 class=\"wp-block-heading\">Alrededores<\/h4>\n\n\n\n<p>M\u00e1s informaci\u00f3n sobre el municipio de <a href=\"http:\/\/www.monumentalnet.org\/granada\/atarfe\/index.php\">Atarfe<\/a> y sobre la provincia de <a href=\"http:\/\/www.monumentalnet.org\/granada\/index.php\">Granada<\/a> en Monumentalnet (<a href=\"http:\/\/www.monumentalnet.org\">www.monumentalnet.org<\/a>).<\/p>\n","protected":false},"excerpt":{"rendered":"<p>Medina Elvira \/ Madinat Ilbira Bajo la protecci\u00f3n de la Declaraci\u00f3n gen\u00e9rica del Decreto de&#8230;<\/p>\n","protected":false},"author":1,"featured_media":34932,"comment_status":"closed","ping_status":"closed","sticky":false,"template":"","format":"standard","meta":{"_coblocks_attr":"","_coblocks_dimensions":"","_coblocks_responsive_height":"","_coblocks_accordion_ie_support":"","jetpack_post_was_ever_published":false,"_jetpack_newsletter_access":"","_jetpack_dont_email_post_to_subs":false,"_jetpack_newsletter_tier_id":0,"_jetpack_memberships_contains_paywalled_content":false,"_jetpack_memberships_contains_paid_content":false,"footnotes":"","jetpack_publicize_message":"","jetpack_publicize_feature_enabled":true,"jetpack_social_post_already_shared":false,"jetpack_social_options":{"image_generator_settings":{"template":"highway","default_image_id":0,"enabled":false},"version":2}},"categories":[1225,5359,10431],"tags":[81,5337,2957,79],"class_list":["post-34767","post","type-post","status-publish","format-standard","has-post-thumbnail","hentry","category-ha-de-atarfe","category-madinat-ilbira","category-medina-elvira-2","tag-atarfe","tag-excavaciones-medina-elvira","tag-madinat-ilbira","tag-medina-elvira"],"jetpack_publicize_connections":[],"jetpack_featured_media_url":"https:\/\/i0.wp.com\/miradordeatarfe.es\/wp-content\/uploads\/2019\/10\/99.jpg?fit=194%2C259&ssl=1","jetpack_likes_enabled":true,"jetpack_sharing_enabled":true,"_links":{"self":[{"href":"https:\/\/miradordeatarfe.es\/index.php?rest_route=\/wp\/v2\/posts\/34767","targetHints":{"allow":["GET"]}}],"collection":[{"href":"https:\/\/miradordeatarfe.es\/index.php?rest_route=\/wp\/v2\/posts"}],"about":[{"href":"https:\/\/miradordeatarfe.es\/index.php?rest_route=\/wp\/v2\/types\/post"}],"author":[{"embeddable":true,"href":"https:\/\/miradordeatarfe.es\/index.php?rest_route=\/wp\/v2\/users\/1"}],"replies":[{"embeddable":true,"href":"https:\/\/miradordeatarfe.es\/index.php?rest_route=%2Fwp%2Fv2%2Fcomments&post=34767"}],"version-history":[{"count":2,"href":"https:\/\/miradordeatarfe.es\/index.php?rest_route=\/wp\/v2\/posts\/34767\/revisions"}],"predecessor-version":[{"id":64239,"href":"https:\/\/miradordeatarfe.es\/index.php?rest_route=\/wp\/v2\/posts\/34767\/revisions\/64239"}],"wp:featuredmedia":[{"embeddable":true,"href":"https:\/\/miradordeatarfe.es\/index.php?rest_route=\/wp\/v2\/media\/34932"}],"wp:attachment":[{"href":"https:\/\/miradordeatarfe.es\/index.php?rest_route=%2Fwp%2Fv2%2Fmedia&parent=34767"}],"wp:term":[{"taxonomy":"category","embeddable":true,"href":"https:\/\/miradordeatarfe.es\/index.php?rest_route=%2Fwp%2Fv2%2Fcategories&post=34767"},{"taxonomy":"post_tag","embeddable":true,"href":"https:\/\/miradordeatarfe.es\/index.php?rest_route=%2Fwp%2Fv2%2Ftags&post=34767"}],"curies":[{"name":"wp","href":"https:\/\/api.w.org\/{rel}","templated":true}]}}