{"id":34770,"date":"2019-10-31T11:45:24","date_gmt":"2019-10-31T10:45:24","guid":{"rendered":"http:\/\/miradordeatarfe.es\/?p=34770"},"modified":"2023-10-21T19:06:50","modified_gmt":"2023-10-21T17:06:50","slug":"la-ceramica-de-madinat-ilbira","status":"publish","type":"post","link":"https:\/\/miradordeatarfe.es\/?p=34770","title":{"rendered":"LA CER\u00c1MICA DE MADINAT ILBIRA"},"content":{"rendered":"\n<h4 class=\"wp-block-heading\">La investigaci\u00f3n en Madinat Ilbira, y m\u00e1s concretamente hasta  ahora el estudio de su cer\u00e1mica como punta de lanza, nos est\u00e1 aportando  dos valiosos tesoros. El primero, quiz\u00e1s m\u00e1s apreciado por los  cient\u00edficos, es el inicio de una propuesta para la historia altomedieval  regional de Granada y su entorno<strong>LA CER\u00c1MICA DE MADINAT ILBIRA (*)<\/strong><\/h4>\n\n\n\n<p> La investigaci\u00f3n en Madinat Ilbira, y m\u00e1s concretamente hasta ahora el  estudio de su cer\u00e1mica como punta de lanza, nos est\u00e1 aportando dos  valiosos tesoros. El primero, quiz\u00e1s m\u00e1s apreciado por los cient\u00edficos,  es el inicio de una propuesta para la historia altomedieval regional de  Granada y su entorno. Este per\u00edodo del pasado es muy complejo y variado a  lo largo de todo el Mediterr\u00e1neo, de forma que el estudio regional se  hace muy importante. <\/p>\n\n\n\n<p>En este caso, la Historia se descifra a trav\u00e9s de  un proceso que va desde lo particular a lo general, y por lo tanto el  inter\u00e9s del estudio en Elvira tiene dos beneficiarios: para los  granadinos, que han de conocer su propio trasfondo, y para toda la  sociedad, que as\u00ed obtiene datos para revisar y concretar la l\u00ednea de  evoluci\u00f3n establecida hasta el momento. <\/p>\n\n\n\n<p>El segundo tesoro es de inter\u00e9s  m\u00e1s general, porque trata de la Historia misma hecha vida, experiencia  valiosa para comprender nuestro propio destino. Y es que, por su propia  naturaleza, la Arqueolog\u00eda se dedica al estudio de los restos materiales  (entre los que se encuentra, claro, la cer\u00e1mica), que configuran un  testimonio no procedente de los grupos sociales dominantes que pod\u00edan  permitirse la elaboraci\u00f3n de una documentaci\u00f3n escrita, sino de las  actividades cotidianas y necesarias para el conjunto de la sociedad.  <\/p>\n\n\n\n<p>Ambos tesoros podr\u00e1n, si se les da la debida difusi\u00f3n, situar al  proyecto de Ilbira entre los de mayor inter\u00e9s mundial. <br \/> Madinat Ilbira, situada entre Atarfe y Pinos Puente, es un yacimiento  arqueol\u00f3gico que abarca como m\u00ednimo de los siglos VIII al XI d.C.,  aunque algunos restos de \u00e9poca romana nos hablan de un primer  asentamiento altoimperial (siglos I a.C. al II d.C.).  Las excavaciones y  prospecciones realizadas en el sitio han sacado a la luz una gran  cantidad de fragmentos cer\u00e1micos. Pocos de ellos son art\u00edsticamente  comparables a las piezas donadas por Don Manuel G\u00f3mez Moreno al Museo  Arqueol\u00f3gico Provincial, que ya present\u00f3 en su c\u00e9lebre librito <em>Medina Elvira<\/em>. <\/p>\n\n\n\n<p> Sin embargo, la ventaja del conjunto extra\u00eddo es que de cada pieza de  \u00e9l se conoce su posici\u00f3n exacta cuando fue encontrada y el m\u00e9todo que se  utiliz\u00f3 para exhumarla, es decir, est\u00e1n <em>contextualizadas<\/em>. La  obtenci\u00f3n de estos datos constituye, hoy por hoy, el objetivo principal  de las actividades de intervenci\u00f3n arqueol\u00f3gica cient\u00edfica. A trav\u00e9s de  los mismos, los arque\u00f3logos pueden relacionar las piezas de un  yacimiento con el trasfondo hist\u00f3rico y arqueol\u00f3gico conocido, de forma  que poco a poco se va dando forma y sentido a un panorama general que  explica la Historia misma.<\/p>\n\n\n\n<p> La cer\u00e1mica es un elemento fundamental en todas las \u00e9pocas, desde su  invenci\u00f3n en el Neol\u00edtico hasta su sustituci\u00f3n en nuestros d\u00edas por el  pl\u00e1stico. De todos los elementos fabricados por el ser humano en este  intervalo de tiempo, es el m\u00e1s perdurable, y sin embargo sus  caracter\u00edsticas son suficientemente flexibles para que cada sociedad  deje en ella unas huellas propias. Esto la convierte en el f\u00f3sil  director perfecto, el indicador por excelencia de las distintas \u00e9pocas y  culturas. Pero el valor de la cer\u00e1mica va mucho m\u00e1s all\u00e1 de eso. Debido  a lo relativamente sencillo y barato de su proceso de fabricaci\u00f3n, las  piezas de barro cocido se encontraban presentes en todos los aspectos de  la vida cotidiana de los diferentes grupos sociales, desde las cocinas  de los hogares m\u00e1s humildes hasta las bodegas de los barcos destinados  al transporte de los productos de lujo a largas distancias, por lo que  resulta muy ilustrativa de gran cantidad de actividades econ\u00f3micas.  <\/p>\n\n\n\n<p><br \/> La cer\u00e1mica de Madinat Ilbira ha comenzado a ser estudiada bajo estos  presupuestos. Su investigaci\u00f3n nos ha permitido apreciar una evoluci\u00f3n  perceptible a trav\u00e9s de diferentes etapas en distintos puntos del  yacimiento, un desarrollo del que hasta ahora s\u00f3lo pod\u00edamos suponer a  partir de la extrapolaci\u00f3n de datos desde otros puntos. <\/p>\n\n\n\n<p>Este desarrollo  nos informa del proceso de formaci\u00f3n de al-Andalus a partir del  reciclaje de elementos culturales provenientes de las \u00faltimas etapas del  imperio romano y sobre todo a partir de la din\u00e1mica interna propia de  la sociedad isl\u00e1mica en la que el territorio de Madinat Ilbira, nuestro  territorio, estaba inserto.<\/p>\n\n\n\n<p> Las cer\u00e1micas m\u00e1s tempranas que hemos  localizado nos muestran los intentos de s\u00edntesis cultural que se hac\u00edan  tanto desde la sociedad isl\u00e1mica conquistadora como de la tardorromana  sometida. Los ejemplos m\u00e1s tard\u00edos dan idea de los resultados de estos  procesos en los siglos X y XI, una cer\u00e1mica que en sus aspectos  esenciales continuar\u00eda en el posterior reino de Granada. <\/p>\n\n\n\n<p>Este tipo de  testimonio es esencial para el conocimiento de la historia de Granada y  de la Historia de la Humanidad, adem\u00e1s de un ejercicio de comprensi\u00f3n  del que nuestra \u00e9poca est\u00e1 tan necesitada. Conocer las circunstancias en  las que se han producido los encuentros y las s\u00edntesis de diferentes  culturas y en qu\u00e9 medida ello ha mejorado o empeorado la condici\u00f3n de  vida de los seres humanos es sin duda importante para el d\u00eda de hoy, en  el que el fen\u00f3meno est\u00e1 generalizado y las incertidumbres ante el  extranjero y el extra\u00f1o nos asedian.  <\/p>\n\n\n\n<p>  Quedan a\u00fan muchas posibilidades de estudio de la cer\u00e1mica y del resto  de los materiales que se han hallado y se hallar\u00e1n. Las actuaciones en  Ilbira proseguir\u00e1n, y sin duda se extraer\u00e1n del yacimiento elementos que  servir\u00e1n para reforzar, concretar y difundir la importancia de la  tem\u00e1tica de la que hemos hablado. Los arque\u00f3logos trabajaremos con la  misma ilusi\u00f3n siempre, que es la de ofrecer a la sociedad el  conocimiento que sirve para elegir el camino m\u00e1s acertado en cada  momento. Y por supuesto, siempre dependeremos, al igual que los  alfareros, de la aprobaci\u00f3n de la sociedad, de sus instituciones  representativas, para dar validez a nuestra actividad.<br \/><br \/><strong>*<\/strong> Art\u00edculo aparecido en el diario \u201cLa Opini\u00f3n de Granada\u201d, el martes 25 de septiembre de 2007; p. 25 <\/p>\n\n\n\n<p> Miguel JIM\u00c9NEZ PUERTAS y Jos\u00e9 Cristobal CARVAJAL L\u00d3PEZ. Arque\u00f3logos,  Grupo de investigaci\u00f3n \u00abToponimia, Historia y Arqueolog\u00eda del Reino de  Granada\u00bb. <br \/>30\/9\/07 <\/p>\n\n\n\n<p><a href=\"http:\/\/www.arqueologiamedieval.com\/articulos\/94\/la-ceramica-de-madinat-ilbira\">http:\/\/www.arqueologiamedieval.com\/articulos\/94\/la-ceramica-de-madinat-ilbira<\/a><\/p>\n","protected":false},"excerpt":{"rendered":"<p>La investigaci\u00f3n en Madinat Ilbira, y m\u00e1s concretamente hasta ahora el estudio de su cer\u00e1mica&#8230;<\/p>\n","protected":false},"author":1,"featured_media":34746,"comment_status":"closed","ping_status":"closed","sticky":false,"template":"","format":"standard","meta":{"_coblocks_attr":"","_coblocks_dimensions":"","_coblocks_responsive_height":"","_coblocks_accordion_ie_support":"","jetpack_post_was_ever_published":false,"_jetpack_newsletter_access":"","_jetpack_dont_email_post_to_subs":false,"_jetpack_newsletter_tier_id":0,"_jetpack_memberships_contains_paywalled_content":false,"_jetpack_memberships_contains_paid_content":false,"footnotes":"","jetpack_publicize_message":"","jetpack_publicize_feature_enabled":true,"jetpack_social_post_already_shared":false,"jetpack_social_options":{"image_generator_settings":{"template":"highway","default_image_id":0,"enabled":false},"version":2}},"categories":[1225,5359,10431],"tags":[81,6571,2957,79],"class_list":["post-34770","post","type-post","status-publish","format-standard","has-post-thumbnail","hentry","category-ha-de-atarfe","category-madinat-ilbira","category-medina-elvira-2","tag-atarfe","tag-cerqamica","tag-madinat-ilbira","tag-medina-elvira"],"jetpack_publicize_connections":[],"jetpack_featured_media_url":"https:\/\/i0.wp.com\/miradordeatarfe.es\/wp-content\/uploads\/2019\/10\/75039027_2627436490653538_6021990739691438080_n.jpg?fit=960%2C720&ssl=1","jetpack_likes_enabled":true,"jetpack_sharing_enabled":true,"_links":{"self":[{"href":"https:\/\/miradordeatarfe.es\/index.php?rest_route=\/wp\/v2\/posts\/34770","targetHints":{"allow":["GET"]}}],"collection":[{"href":"https:\/\/miradordeatarfe.es\/index.php?rest_route=\/wp\/v2\/posts"}],"about":[{"href":"https:\/\/miradordeatarfe.es\/index.php?rest_route=\/wp\/v2\/types\/post"}],"author":[{"embeddable":true,"href":"https:\/\/miradordeatarfe.es\/index.php?rest_route=\/wp\/v2\/users\/1"}],"replies":[{"embeddable":true,"href":"https:\/\/miradordeatarfe.es\/index.php?rest_route=%2Fwp%2Fv2%2Fcomments&post=34770"}],"version-history":[{"count":3,"href":"https:\/\/miradordeatarfe.es\/index.php?rest_route=\/wp\/v2\/posts\/34770\/revisions"}],"predecessor-version":[{"id":64238,"href":"https:\/\/miradordeatarfe.es\/index.php?rest_route=\/wp\/v2\/posts\/34770\/revisions\/64238"}],"wp:featuredmedia":[{"embeddable":true,"href":"https:\/\/miradordeatarfe.es\/index.php?rest_route=\/wp\/v2\/media\/34746"}],"wp:attachment":[{"href":"https:\/\/miradordeatarfe.es\/index.php?rest_route=%2Fwp%2Fv2%2Fmedia&parent=34770"}],"wp:term":[{"taxonomy":"category","embeddable":true,"href":"https:\/\/miradordeatarfe.es\/index.php?rest_route=%2Fwp%2Fv2%2Fcategories&post=34770"},{"taxonomy":"post_tag","embeddable":true,"href":"https:\/\/miradordeatarfe.es\/index.php?rest_route=%2Fwp%2Fv2%2Ftags&post=34770"}],"curies":[{"name":"wp","href":"https:\/\/api.w.org\/{rel}","templated":true}]}}