{"id":34882,"date":"2019-10-28T09:12:18","date_gmt":"2019-10-28T08:12:18","guid":{"rendered":"http:\/\/miradordeatarfe.es\/?p=34882"},"modified":"2019-10-28T13:15:39","modified_gmt":"2019-10-28T12:15:39","slug":"un-total-de-6-000-especies-ya-estan-amenazadas-de-extincion-en-espana","status":"publish","type":"post","link":"https:\/\/miradordeatarfe.es\/?p=34882","title":{"rendered":"Un total de 6.000 especies ya est\u00e1n amenazadas de extinci\u00f3n en Espa\u00f1a"},"content":{"rendered":"\n<h4 class=\"wp-block-heading\">En Espa\u00f1a viven 85.000 especies de animales y\n plantas: casi seis de cada 10 de las que viven en el continente \neuropeo. Sin embargo, 6.000 de estas especies est\u00e1n ahora amenazadas o \nen peligro de extinci\u00f3n, seg\u00fan la Lista Roja de la Uni\u00f3n para la \nConservaci\u00f3n de la Naturaleza<\/h4>\n\n\n\n<p>Para frenar este grave problema, las principales fundaciones conservacionistas de nuestro pa\u00eds se han unido para denunciar <strong>las \u201cconsecuencias devastadoras\u201d de esta p\u00e9rdida de biodiversidad<\/strong>, tanto para los ecosistemas como para actividades econ\u00f3micas de las que dependen millones de personas.<\/p>\n\n\n\n<p>La biodiversidad en Espa\u00f1a est\u00e1 <strong>\u201cgravemente amenazada\u201d,<\/strong> seg\u00fan alertan desde la Fundaci\u00f3n Oso Pardo, Global Nature, Conservaci\u00f3n Quebrantahuesos y Naturaleza y Hombre.<\/p>\n\n\n\n<p>De hecho, estas organizaciones conservacionistas denuncian que de las 85.000 especies presentes en nuestro pa\u00eds, <strong>el 14% est\u00e1n ya registrada en la categor\u00eda de \u201camenazadas\u201d<\/strong> y, en concreto, <strong>5.917 especies est\u00e1n incluidas en alguna de las 8 categor\u00edas de amenaza propuestas por la Lista Roja<\/strong> que cada a\u00f1o realiza la UICN, la Uni\u00f3n Internacional de la Naturaleza.<\/p>\n\n\n\n<p>Y, seg\u00fan las principales organizaciones conservacionistas de nuestro pa\u00eds, <strong>\u201cno parece que se est\u00e9n tomando las medidas adecuadas<\/strong> para detener esta sangr\u00eda\u201d.<\/p>\n\n\n\n<h3 class=\"wp-block-heading\">P\u00e9rdidas econ\u00f3micas<\/h3>\n\n\n\n<p>Seg\u00fan las fundaciones conservacionistas espa\u00f1olas, se registra ahora \nen nuestro pa\u00eds \u201cuna p\u00e9rdida silenciosa y dram\u00e1tica de biodiversidad\u201d. Y\n esto ya est\u00e1 afectando de forma negativa a una \u201cfuente de sustento de \nlos ciudadanos\u201d, como son la agricultura, la ganader\u00eda, la pesca y el \nturismo.<\/p>\n\n\n\n<p>En este sentido, a biodiversidad es una fuente de riqueza y un motor \necon\u00f3mico de primera magnitud. El \u201cInforme sobre la econom\u00eda de los \necosistemas y la biodiversidad para las empresas\u201d (dirigido por el \nPrograma de las Naciones Unidas para el Medio Ambiente) calcula que <strong>el\n 7% los empleos en Europa est\u00e1n relacionados con la biodiversidad, lo \nque supone un total de 14,6 millones de puestos de trabajo<\/strong>.<\/p>\n\n\n\n<p>Es m\u00e1s, en <strong>Espa\u00f1a<\/strong> un estudio sobre Empleo y Biodiversidad estima tambi\u00e9n que la biodiversidad genera casi <strong>medio mill\u00f3n de empleos<\/strong>.<\/p>\n\n\n\n<p>Porque \u201ccuando se trabaja por detener la p\u00e9rdida de la biodiversidad, <strong>se est\u00e1 invirtiendo en las personas<\/strong>, su vida y su bienestar\u201d, concluye el manifiesto firmado por estas organizaciones conservacionistas.<\/p>\n\n\n\n<p style=\"text-align:left\"><a href=\"https:\/\/cadenaser.com\/autor\/javier_gregori_roig\/a\/\">Javier Gregori<\/a> <\/p>\n\n\n\n<p style=\"text-align:left\">FOTO: El lince es una de las especies en peligro de extinci\u00f3n en Espa\u00f1a.  \/  GETTY IMAGES <\/p>\n","protected":false},"excerpt":{"rendered":"<p>En Espa\u00f1a viven 85.000 especies de animales y plantas: casi seis de cada 10 de&#8230;<\/p>\n","protected":false},"author":1,"featured_media":34883,"comment_status":"closed","ping_status":"closed","sticky":false,"template":"","format":"standard","meta":{"_coblocks_attr":"","_coblocks_dimensions":"","_coblocks_responsive_height":"","_coblocks_accordion_ie_support":"","jetpack_post_was_ever_published":false,"_jetpack_newsletter_access":"","_jetpack_dont_email_post_to_subs":false,"_jetpack_newsletter_tier_id":0,"_jetpack_memberships_contains_paywalled_content":false,"_jetpack_memberships_contains_paid_content":false,"footnotes":"","jetpack_publicize_message":"","jetpack_publicize_feature_enabled":true,"jetpack_social_post_already_shared":false,"jetpack_social_options":{"image_generator_settings":{"template":"highway","default_image_id":0,"enabled":false},"version":2}},"categories":[186,15],"tags":[725,6594,6445,99],"class_list":["post-34882","post","type-post","status-publish","format-standard","has-post-thumbnail","hentry","category-instituciones","category-ultimas-noticias","tag-espana","tag-especies-amenazadas","tag-extincion","tag-medio-ambiente"],"jetpack_publicize_connections":[],"jetpack_featured_media_url":"https:\/\/i0.wp.com\/miradordeatarfe.es\/wp-content\/uploads\/2019\/10\/1572261498_445614_1572264146_noticia_normal_recorte1.jpg?fit=1300%2C1021&ssl=1","jetpack_likes_enabled":true,"jetpack_sharing_enabled":true,"_links":{"self":[{"href":"https:\/\/miradordeatarfe.es\/index.php?rest_route=\/wp\/v2\/posts\/34882","targetHints":{"allow":["GET"]}}],"collection":[{"href":"https:\/\/miradordeatarfe.es\/index.php?rest_route=\/wp\/v2\/posts"}],"about":[{"href":"https:\/\/miradordeatarfe.es\/index.php?rest_route=\/wp\/v2\/types\/post"}],"author":[{"embeddable":true,"href":"https:\/\/miradordeatarfe.es\/index.php?rest_route=\/wp\/v2\/users\/1"}],"replies":[{"embeddable":true,"href":"https:\/\/miradordeatarfe.es\/index.php?rest_route=%2Fwp%2Fv2%2Fcomments&post=34882"}],"version-history":[{"count":1,"href":"https:\/\/miradordeatarfe.es\/index.php?rest_route=\/wp\/v2\/posts\/34882\/revisions"}],"predecessor-version":[{"id":34884,"href":"https:\/\/miradordeatarfe.es\/index.php?rest_route=\/wp\/v2\/posts\/34882\/revisions\/34884"}],"wp:featuredmedia":[{"embeddable":true,"href":"https:\/\/miradordeatarfe.es\/index.php?rest_route=\/wp\/v2\/media\/34883"}],"wp:attachment":[{"href":"https:\/\/miradordeatarfe.es\/index.php?rest_route=%2Fwp%2Fv2%2Fmedia&parent=34882"}],"wp:term":[{"taxonomy":"category","embeddable":true,"href":"https:\/\/miradordeatarfe.es\/index.php?rest_route=%2Fwp%2Fv2%2Fcategories&post=34882"},{"taxonomy":"post_tag","embeddable":true,"href":"https:\/\/miradordeatarfe.es\/index.php?rest_route=%2Fwp%2Fv2%2Ftags&post=34882"}],"curies":[{"name":"wp","href":"https:\/\/api.w.org\/{rel}","templated":true}]}}