{"id":34949,"date":"2019-11-03T11:50:04","date_gmt":"2019-11-03T10:50:04","guid":{"rendered":"http:\/\/miradordeatarfe.es\/?p=34949"},"modified":"2020-06-26T13:22:57","modified_gmt":"2020-06-26T11:22:57","slug":"semana-de-pasion-por-juan-alfredo-bellon","status":"publish","type":"post","link":"https:\/\/miradordeatarfe.es\/?p=34949","title":{"rendered":"SEMANA DE PASI\u00d3N por JUAN ALFREDO BELL\u00d3N"},"content":{"rendered":"\n<p><strong>Semana de Pasi\u00f3n<\/strong> <strong>para  EL MIRADOR DE ATARFE<\/strong> <strong>del domingo 03-11-2019<\/strong><\/p>\n\n\n\n<p>El\ntiempo sigue pasando como quien no quiere la cosa y el pr\u00f3ximo\ndomingo son las pen\u00faltimas Elecciones Generales del presente tramo\ndemocr\u00e1tico, el pen\u00faltimo, por decirlo de alguna manera, porque el\n\u00faltimo no se sabe nunca, pero el caso es que, posiblemente, la\npresente Campa\u00f1a Electoral debe ser la \u00faltima por ahora y luego\ndios dir\u00e1 y, como dios no existe\u2026 luego veremos,,, qu\u00e9 ocurrir\u00e1.<\/p>\n\n\n\n<p>\tEl\ncaso es que el domingo sabremos si a Pedro S\u00e1nchez le han salido\nbien las cuentas y, si eso ha sido as\u00ed, habr\u00e1 pasado a ser\n<em>Presidente Real\n<\/em>porque<em>\nen funciones<\/em>\nya lo es y no sabe lo que es ser real de verdad ni sabe lo que es\n<em>mandar en\nfunciones, <\/em>como\ndice la gente. Claro que luego, de tanto ser interino, puede que ya\nse haya acostumbrado y le de igual  que ser real y no sepa de verdad\nc\u00f3mo empezar a serlo y entonces todo sea un l\u00edo muy gordo  porque\nechar a andar no resulte nada f\u00e1cil y no sepamos y nos hagamos un\nl\u00edo muy descomunal y digamos que estamos apa\u00f1ados y ya est\u00e1.<\/p>\n\n\n\n<p> Semana \u201cde pasi\u00f3n\u201d querr\u00eda decir entonces <em>de sufrimiento y de impotencia, de intentar que se mueva el carro y estar con las manos atadas y con los presupuestos atascados, que es desesperante y con la oposici\u00f3n dale que dale, sin parar de joderte y hacerte la pu\u00f1eta, lo cual es un rato desesperante. Adem\u00e1s,  hagas lo que hagas, la cagas, <\/em>la oposici\u00f3n ya te ha cogido el truco y ya sabe c\u00f3mo hacerte ver que te equivocas. Y eso que el Pedrito parece que ha ido tomando soltura y se desenvuelve con facilidad, como si llevara un rato largo en La Moncloa, no siendo ese precisamente el caso, que parece que fue ayer cuando le toc\u00f3 la t\u00f3mbola de la moci\u00f3n de censura.<\/p>\n\n\n\n<p> Y parece mentira lo bien que ha maniobrado ante la opini\u00f3n p\u00fablica con lo de la exhumaci\u00f3n de Franco y con el marr\u00f3n de Catalu\u00f1a, que si ambas fieras se las hubieran echado a otro, lo habr\u00eda cogido el toro y lo habr\u00eda partido por la mitad. Y tenga usted en cuenta que \u00e9l tampoco ten\u00eda experiencia de gobierno&#8230; ni manejo de enderezar su propio partido.<\/p>\n\n\n\n<p>\u00a1Con lo que era Madrid, co\u00f1o!  Y con los cuernos y los colmillos tan retorcidos que florec\u00edan en su  Comit\u00e9 Federal. Nadie daba dos reales de C\u00e1novas por \u00e9l y el muy pu\u00f1etero est\u00e1 saliendo airoso sin tener qui\u00e9n lo asesorara ni amparara ni dijera por d\u00f3nde tirar\u2026 por lo menos que se sepa. Porque Zapatero no es hombre intrigante, angelito m\u00edo; Rubalcaba se ha muerto a destiempo y Felipe es mucho [o poco] Felipe. Y el Periquito, ol\u00e9 ah\u00ed sus  cojones, est\u00e1 saliendo como dec\u00eda el Catecismo de los Padres Astete y Ripalda, \u201d<em>como el rayo de sol por el cristal, sin romperlo ni mancharlo\u201d.<\/em><\/p>\n\n\n\n<p><em>\t<\/em>Bueno,\neso en <em>La Vulgata\n<\/em>quer\u00eda\ndecir (referido a la Virgen Mar\u00eda) \u201csin pecado concebida\u201d, sea\n\u201csin el pecado original de Eva\u201d, o \u201csin el pecado de\npenetraci\u00f3n sexual carnal\u201d que, dado lo retorcidos que para las\ninterpretaciones de los textos sagrados eran los jud\u00edos, de ambas\nmaneras podr\u00eda interpretarse. \n<\/p>\n\n\n\n<p> Tambi\u00e9n de igual manera \u201cla semana de pasi\u00f3n\u201d, la de la Campa\u00f1a Electoral y la de las Votaciones, son los siete d\u00edas m\u00e1s <em>apasionantes <\/em>que se pueden vivir en pol\u00edtica y, por tanto, los m\u00e1s cargados de pasi\u00f3n, de intensidad y de locura de amor que nos son dados experimentar en los m\u00e1s textuales y nobles sentidos de las palabras, los siete d\u00edas pasionales en los que Pedro S\u00e1nchez y su Partido Socialista Obrero Espa\u00f1ol  tendr\u00e1n para salir del paso en  el duro  trance que atraviesan.<\/p>\n\n\n\n<p> Aunque lo mejor es lo de esa catalana del Govern que ha explicado que el ruido, los disturbios y la p\u00f3lvora son buenos defensores del <em>asunto<\/em> y del <em>conflicto <\/em>catal\u00e1n en el extranjero y la ruina de la econom\u00eda no tiene la menor importancia.<\/p>\n\n\n\n<p>NOTA\nBUENA: Cumplo el vehemente encargo de mi amigo Jos\u00e9 Z\u00fa\u00f1iga G\u00f3mez\nde transmitir a los catalanes <em>cul\u00e9s<\/em>\n<em>que\nles den mucha morcilla  por su prepotencia antiandaluza y su complejo\nde superioridad chulesco <\/em>que\nsolo entender\u00eda (\u00e9l) en lo futbol\u00edstico una vez que el Real Madrid\nha dejado escapar a Cristiano Ronaldo.<\/p>\n","protected":false},"excerpt":{"rendered":"<p>Semana de Pasi\u00f3n para EL MIRADOR DE ATARFE del domingo 03-11-2019 El tiempo sigue pasando&#8230;<\/p>\n","protected":false},"author":1,"featured_media":34950,"comment_status":"closed","ping_status":"closed","sticky":false,"template":"","format":"standard","meta":{"_coblocks_attr":"","_coblocks_dimensions":"","_coblocks_responsive_height":"","_coblocks_accordion_ie_support":"","jetpack_post_was_ever_published":false,"_jetpack_newsletter_access":"","_jetpack_dont_email_post_to_subs":false,"_jetpack_newsletter_tier_id":0,"_jetpack_memberships_contains_paywalled_content":false,"_jetpack_memberships_contains_paid_content":false,"footnotes":"","jetpack_publicize_message":"","jetpack_publicize_feature_enabled":true,"jetpack_social_post_already_shared":false,"jetpack_social_options":{"image_generator_settings":{"template":"highway","default_image_id":0,"enabled":false},"version":2}},"categories":[36,44,6937,15],"tags":[152,171,4021,6604,24],"class_list":["post-34949","post","type-post","status-publish","format-standard","has-post-thumbnail","hentry","category-opinion-de-juan-alfredo-bellon","category-noticias-de-hoy","category-sociedad","category-ultimas-noticias","tag-cataluna","tag-elecciones","tag-politicas-de-igualdad","tag-semana-de-pasion","tag-sociedad"],"jetpack_publicize_connections":[],"jetpack_featured_media_url":"https:\/\/i0.wp.com\/miradordeatarfe.es\/wp-content\/uploads\/2019\/10\/5b12bc8a26819.jpg?fit=800%2C521&ssl=1","jetpack_likes_enabled":true,"jetpack_sharing_enabled":true,"_links":{"self":[{"href":"https:\/\/miradordeatarfe.es\/index.php?rest_route=\/wp\/v2\/posts\/34949","targetHints":{"allow":["GET"]}}],"collection":[{"href":"https:\/\/miradordeatarfe.es\/index.php?rest_route=\/wp\/v2\/posts"}],"about":[{"href":"https:\/\/miradordeatarfe.es\/index.php?rest_route=\/wp\/v2\/types\/post"}],"author":[{"embeddable":true,"href":"https:\/\/miradordeatarfe.es\/index.php?rest_route=\/wp\/v2\/users\/1"}],"replies":[{"embeddable":true,"href":"https:\/\/miradordeatarfe.es\/index.php?rest_route=%2Fwp%2Fv2%2Fcomments&post=34949"}],"version-history":[{"count":1,"href":"https:\/\/miradordeatarfe.es\/index.php?rest_route=\/wp\/v2\/posts\/34949\/revisions"}],"predecessor-version":[{"id":34951,"href":"https:\/\/miradordeatarfe.es\/index.php?rest_route=\/wp\/v2\/posts\/34949\/revisions\/34951"}],"wp:featuredmedia":[{"embeddable":true,"href":"https:\/\/miradordeatarfe.es\/index.php?rest_route=\/wp\/v2\/media\/34950"}],"wp:attachment":[{"href":"https:\/\/miradordeatarfe.es\/index.php?rest_route=%2Fwp%2Fv2%2Fmedia&parent=34949"}],"wp:term":[{"taxonomy":"category","embeddable":true,"href":"https:\/\/miradordeatarfe.es\/index.php?rest_route=%2Fwp%2Fv2%2Fcategories&post=34949"},{"taxonomy":"post_tag","embeddable":true,"href":"https:\/\/miradordeatarfe.es\/index.php?rest_route=%2Fwp%2Fv2%2Ftags&post=34949"}],"curies":[{"name":"wp","href":"https:\/\/api.w.org\/{rel}","templated":true}]}}