{"id":34952,"date":"2019-11-01T10:10:32","date_gmt":"2019-11-01T09:10:32","guid":{"rendered":"http:\/\/miradordeatarfe.es\/?p=34952"},"modified":"2022-02-12T12:33:16","modified_gmt":"2022-02-12T11:33:16","slug":"hacemos-balance-de-la-carrera-nocturna-de-atarfe","status":"publish","type":"post","link":"https:\/\/miradordeatarfe.es\/?p=34952","title":{"rendered":"ATARFE: Hacemos balance de la Carrera Nocturna"},"content":{"rendered":"\n<h4 class=\"wp-block-heading\"> Hemos tenido la suerte de contar con  Kevin L\u00f3pez, atleta de proyecci\u00f3n  internacional que fue subcampe\u00f3n de  Europa en pista cubierta en 800 m,  dos veces ol\u00edmpico y que actualmente  est\u00e1 centrado en la distancia  reina del mediofondo, el 1500 m.\u00a0 <\/h4>\n\n\n\n<p>Una vez m\u00e1s, coincidiendo con el \u00faltimo fin de semana de octubre, \npudimos disfrutar de la Carrera Nocturna de Atarfe, y van 17 a\u00f1os. \nCo-organizada por el Club de Atletismo y Monta\u00f1a Atarfe y la Concejal\u00eda \nde Deportes es una carrera popular donde las haya, donde lo m\u00e1s \nimportante es echar un buen rato disfrutando de la noche en las calles y\n parques atarfe\u00f1os y confiar en la diosa fortuna para redondear la \nvelada y volver a casa con uno de los 35 jamones serranos que se ponen \nen sorteo para los 700 corredores que finalizaron la prueba.<\/p>\n\n\n\n<p>No obstante, es amplio el elenco de atletas de alto nivel que han \nparticipado en nuestra carrera y si bien este a\u00f1o, no hemos podido \ndisfrutar de ver correr a Ainhoa Pinedo (atleta marchadora internacional\n habitual de la nocturna atarfe\u00f1a), hemos tenido la suerte de contar con\n Kevin L\u00f3pez, atleta de proyecci\u00f3n internacional que fue subcampe\u00f3n de \nEuropa en pista cubierta en 800 m, dos veces ol\u00edmpico y que actualmente \nest\u00e1 centrado en la distancia reina del mediofondo, el 1500 m.&nbsp;<\/p>\n\n\n\n<p>Al margen de esto, centramos todos nuestros esfuerzos en conseguir \nque el corredor popular se vaya de Atarfe con el mejor sabor de boca, \npreparando una completa bolsa del corredor y el famoso sorteo jamonero. \nTanto es as\u00ed, que junto a la clasificaci\u00f3n absoluta solo tenemos \nadicionalmente la categor\u00eda local, porque esta prueba ha servido para \nque muchos atarfe\u00f1os acudan cada comienzo de oto\u00f1o a su cita para \nmejorar sus marcas o simplemente tener la satisfacci\u00f3n de finalizar su \nrecorrido.<\/p>\n\n\n\n<figure><iframe loading=\"lazy\" src=\"http:\/\/player.vimeo.com\/video\/369167732?title=0&amp;byline=0&amp;portrait=0&amp;color=8dc7dc\" width=\"600\" height=\"350\"><\/iframe><\/figure>\n\n\n\n<p>El cuadro de Honor de la edici\u00f3n 2019 nos ha deparado la satisfacci\u00f3n\n de ver el p\u00f3dium absoluto, junto al gran atleta granadino de La Zubia \nPablo S\u00e1nchez y al sevillano de Lora del Rio, Kevin L\u00f3pez, a nuestro \natleta local Manuel Jim\u00e9nez L\u00f3pez, \u201cManu\u201d, forjado en la Escuela de \nAtletismo de Atarfe y que tiene un prometedor futuro en esta disciplina \ndeportiva. Sigrid Averland, Irene D\u00edaz y Cristina Ortiz completaron el \np\u00f3dium femenino. La categor\u00eda local masculina, sin tener en cuenta a \nManu (en nuestra carrera los premios no se acumulan), llen\u00f3 su p\u00f3dium \ncon Marcos Fern\u00e1ndez, Jos\u00e9 Antonio Justicia (ambos del Atletismo Ciudad \nAtarfe) y Adolfo Mariscal del Atletismo y Monta\u00f1a Atarfe. En f\u00e9minas \nlocales, Ana Bel\u00e9n Rodr\u00edguez del Cl\u00ednicas Polisalud, Patricia Ure\u00f1a del \nTriAtarfe y Tamara Dom\u00ednguez fueron el trio que subi\u00f3 al p\u00f3dium.<\/p>\n\n\n\n<p>Agradecer al Club de Atletismo y Monta\u00f1a Atarfe por mantener la  chispa para seguir organizando eventos deportivos de tan buen nivel y  felicitarles por haber sido galardonados como el mejor club de monta\u00f1a  de la provincia de Granada en 2019. Como no, a Protecci\u00f3n Civil, Polic\u00eda  Local y trabajadores de Obras y Servicios del Ayuntamiento por velar  del buen desarrollo de la prueba y a los patrocinadores que apoyan el  Deporte en Atarfe, especialmente a SEAT Vigilsa, que ha hecho suya esta  carrera desde hace algunas ediciones.<\/p>\n\n\n\n<p><a href=\"http:\/\/www.atarfe.es\/hacemos-balance-de-la-carrera-nocturna-de-atarfe\">http:\/\/www.atarfe.es\/hacemos-balance-de-la-carrera-nocturna-de-atarfe<\/a><\/p>\n","protected":false},"excerpt":{"rendered":"<p>Hemos tenido la suerte de contar con Kevin L\u00f3pez, atleta de proyecci\u00f3n internacional que fue&#8230;<\/p>\n","protected":false},"author":1,"featured_media":34839,"comment_status":"closed","ping_status":"closed","sticky":false,"template":"","format":"standard","meta":{"_coblocks_attr":"","_coblocks_dimensions":"","_coblocks_responsive_height":"","_coblocks_accordion_ie_support":"","jetpack_post_was_ever_published":false,"_jetpack_newsletter_access":"","_jetpack_dont_email_post_to_subs":false,"_jetpack_newsletter_tier_id":0,"_jetpack_memberships_contains_paywalled_content":false,"_jetpack_memberships_contains_paid_content":false,"footnotes":"","jetpack_publicize_message":"","jetpack_publicize_feature_enabled":true,"jetpack_social_post_already_shared":false,"jetpack_social_options":{"image_generator_settings":{"template":"highway","default_image_id":0,"enabled":false},"version":2}},"categories":[2,182,186,6915,44,15],"tags":[81,85,1472,322],"class_list":["post-34952","post","type-post","status-publish","format-standard","has-post-thumbnail","hentry","category-atarfe","category-deportes","category-instituciones","category-opinion-de-manuel-jimenez","category-noticias-de-hoy","category-ultimas-noticias","tag-atarfe","tag-atletismo","tag-carrera-nocturna","tag-deporte"],"jetpack_publicize_connections":[],"jetpack_featured_media_url":"https:\/\/i0.wp.com\/miradordeatarfe.es\/wp-content\/uploads\/2019\/10\/podium-masculino-xvii-nocturna-atarfe-2019.jpg?fit=1600%2C1200&ssl=1","jetpack_likes_enabled":true,"jetpack_sharing_enabled":true,"_links":{"self":[{"href":"https:\/\/miradordeatarfe.es\/index.php?rest_route=\/wp\/v2\/posts\/34952","targetHints":{"allow":["GET"]}}],"collection":[{"href":"https:\/\/miradordeatarfe.es\/index.php?rest_route=\/wp\/v2\/posts"}],"about":[{"href":"https:\/\/miradordeatarfe.es\/index.php?rest_route=\/wp\/v2\/types\/post"}],"author":[{"embeddable":true,"href":"https:\/\/miradordeatarfe.es\/index.php?rest_route=\/wp\/v2\/users\/1"}],"replies":[{"embeddable":true,"href":"https:\/\/miradordeatarfe.es\/index.php?rest_route=%2Fwp%2Fv2%2Fcomments&post=34952"}],"version-history":[{"count":3,"href":"https:\/\/miradordeatarfe.es\/index.php?rest_route=\/wp\/v2\/posts\/34952\/revisions"}],"predecessor-version":[{"id":34955,"href":"https:\/\/miradordeatarfe.es\/index.php?rest_route=\/wp\/v2\/posts\/34952\/revisions\/34955"}],"wp:featuredmedia":[{"embeddable":true,"href":"https:\/\/miradordeatarfe.es\/index.php?rest_route=\/wp\/v2\/media\/34839"}],"wp:attachment":[{"href":"https:\/\/miradordeatarfe.es\/index.php?rest_route=%2Fwp%2Fv2%2Fmedia&parent=34952"}],"wp:term":[{"taxonomy":"category","embeddable":true,"href":"https:\/\/miradordeatarfe.es\/index.php?rest_route=%2Fwp%2Fv2%2Fcategories&post=34952"},{"taxonomy":"post_tag","embeddable":true,"href":"https:\/\/miradordeatarfe.es\/index.php?rest_route=%2Fwp%2Fv2%2Ftags&post=34952"}],"curies":[{"name":"wp","href":"https:\/\/api.w.org\/{rel}","templated":true}]}}