{"id":350,"date":"2015-03-17T08:00:15","date_gmt":"2015-03-17T08:00:15","guid":{"rendered":"http:\/\/miradordeatarfe.es\/?p=350"},"modified":"2015-03-18T09:22:47","modified_gmt":"2015-03-18T09:22:47","slug":"programa-de-la-asociacion-ave-fenix-en-radio-iliberis-de-atarfe","status":"publish","type":"post","link":"https:\/\/miradordeatarfe.es\/?p=350","title":{"rendered":"PROGRAMA DE LA ASOCIACI\u00d3N AVE F\u00c9NIX EN RADIO ILIBERIS DE ATARFE"},"content":{"rendered":"<div id=\"post-body-3310582364970772365\" class=\"post-body entry-content\">\nComo sabr\u00e9is, recientemente hemos estrenado programa en Radio Iliberis, a la cual agradecemos toda la colaboraci\u00f3n que est\u00e1 prestando para hacer posible esta realidad: un programa hecho por desempleados y para desempleados.<br \/>\n<!--more--><br \/>\nSu nombre es \u00abEn b\u00fasqueda\u00bb y cuenta con diferentes secciones, a las que en un futuro se ir\u00e1n a\u00f1adiendo nuevos espacios, toda vez que se pueda conseguir una mayor asiduidad y difusi\u00f3n. Actualmente contamos con un espacio mensual de una hora, durante la cual se habla de noticias relacionadas con el empleo y los puestos de trabajo, se realizan entrevistas a personas relacionadas con este \u00e1mbito, y se tiene una secci\u00f3n l\u00fadica en la que se plantea la posibilidad de disfrutar de un ocio de calidad y sostenible con muy poco presupuesto.<\/p>\n<p>Por ello os dejamos dos enlaces: el primero os llevar\u00e1 al programa \u00abAtarfe en la mesa\u00bb, en el cual se realiz\u00f3 una entrevista al vicepresidente de la Asociaci\u00f3n (Jos\u00e9 Baca Cobo), que sirvi\u00f3 como primera toma de contacto con el medio y de presentaci\u00f3n ante la audiencia de Radio Iliberis, de la Asociaci\u00f3n y del programa que se iba a comenzar a emitir:<\/p>\n<p><a href=\"https:\/\/soundcloud.com\/radioiliberisfm\/atarfe-en-la-mesa-28-01-2015\">atarfe-en-la-mesa-28-01-2015<\/a><\/p>\n<p>En el segundo ya pod\u00e9is escuchar el programa \u00abEn b\u00fasqueda\u00bb, que fue el primer programa oficial de la Asociaci\u00f3n, y tuvo lugar el 18 de Febrero pasado. En \u00e9l se realiza una referencia a diferentes noticias relacionadas con el empleo, por parte de Isabel (Radio Iliberis), una entrevista a la psic\u00f3loga de la Asociaci\u00f3n (M\u00aa Remedios \u00c1vila Avil\u00e9s), y finalmente se realiz\u00f3 una secci\u00f3n l\u00fadica por parte de Fabiola Garc\u00eda Montijano, socia y profesional del medio radiof\u00f3nico. Muchas gracias a todos por vuestra colaboraci\u00f3n:<\/p>\n<p><a href=\"https:\/\/soundcloud.com\/radioiliberisfm\/en-busqueda\">en-busqueda<\/a><\/p>\n<p>Os iremos colgando los diferentes programas mediante podcats, tanto en nuestro Facebook como en este blog, para que no os perd\u00e1is nada de los mismos. El pr\u00f3ximo programa tendr\u00e1 lugar el d\u00eda 18 de Marzo, que podr\u00e9is escuchar en directo en Radio Iliberis, en el dial 101.5 de la FM, o a trav\u00e9s del siguiente enlace a trav\u00e9s de internet:\u00a0http:\/\/www.radioiliberis.com.es<\/p><\/div>\n","protected":false},"excerpt":{"rendered":"<p>Como sabr\u00e9is, recientemente hemos estrenado programa en Radio Iliberis, a la cual agradecemos toda la&#8230;<\/p>\n","protected":false},"author":1,"featured_media":351,"comment_status":"closed","ping_status":"closed","sticky":false,"template":"","format":"standard","meta":{"_coblocks_attr":"","_coblocks_dimensions":"","_coblocks_responsive_height":"","_coblocks_accordion_ie_support":"","jetpack_post_was_ever_published":false,"_jetpack_newsletter_access":"","_jetpack_dont_email_post_to_subs":false,"_jetpack_newsletter_tier_id":0,"_jetpack_memberships_contains_paywalled_content":false,"_jetpack_memberships_contains_paid_content":false,"footnotes":"","jetpack_publicize_message":"","jetpack_publicize_feature_enabled":true,"jetpack_social_post_already_shared":false,"jetpack_social_options":{"image_generator_settings":{"template":"highway","default_image_id":0,"enabled":false},"version":2}},"categories":[2,15],"tags":[76,184,185],"class_list":["post-350","post","type-post","status-publish","format-standard","has-post-thumbnail","hentry","category-atarfe","category-ultimas-noticias","tag-formacion","tag-parados","tag-radio"],"jetpack_publicize_connections":[],"jetpack_featured_media_url":"https:\/\/i0.wp.com\/miradordeatarfe.es\/wp-content\/uploads\/2015\/03\/RI.jpg?fit=192%2C108&ssl=1","jetpack_likes_enabled":true,"jetpack_sharing_enabled":true,"_links":{"self":[{"href":"https:\/\/miradordeatarfe.es\/index.php?rest_route=\/wp\/v2\/posts\/350","targetHints":{"allow":["GET"]}}],"collection":[{"href":"https:\/\/miradordeatarfe.es\/index.php?rest_route=\/wp\/v2\/posts"}],"about":[{"href":"https:\/\/miradordeatarfe.es\/index.php?rest_route=\/wp\/v2\/types\/post"}],"author":[{"embeddable":true,"href":"https:\/\/miradordeatarfe.es\/index.php?rest_route=\/wp\/v2\/users\/1"}],"replies":[{"embeddable":true,"href":"https:\/\/miradordeatarfe.es\/index.php?rest_route=%2Fwp%2Fv2%2Fcomments&post=350"}],"version-history":[{"count":1,"href":"https:\/\/miradordeatarfe.es\/index.php?rest_route=\/wp\/v2\/posts\/350\/revisions"}],"predecessor-version":[{"id":352,"href":"https:\/\/miradordeatarfe.es\/index.php?rest_route=\/wp\/v2\/posts\/350\/revisions\/352"}],"wp:featuredmedia":[{"embeddable":true,"href":"https:\/\/miradordeatarfe.es\/index.php?rest_route=\/wp\/v2\/media\/351"}],"wp:attachment":[{"href":"https:\/\/miradordeatarfe.es\/index.php?rest_route=%2Fwp%2Fv2%2Fmedia&parent=350"}],"wp:term":[{"taxonomy":"category","embeddable":true,"href":"https:\/\/miradordeatarfe.es\/index.php?rest_route=%2Fwp%2Fv2%2Fcategories&post=350"},{"taxonomy":"post_tag","embeddable":true,"href":"https:\/\/miradordeatarfe.es\/index.php?rest_route=%2Fwp%2Fv2%2Ftags&post=350"}],"curies":[{"name":"wp","href":"https:\/\/api.w.org\/{rel}","templated":true}]}}