{"id":35015,"date":"2019-11-06T11:30:31","date_gmt":"2019-11-06T10:30:31","guid":{"rendered":"http:\/\/miradordeatarfe.es\/?p=35015"},"modified":"2019-11-05T23:22:02","modified_gmt":"2019-11-05T22:22:02","slug":"atarfe-acto-conmemorativo-del-25o-aniversario-de-la-apertura-del-ceip-medina-elvira","status":"publish","type":"post","link":"https:\/\/miradordeatarfe.es\/?p=35015","title":{"rendered":"ATARFE: ACTO CONMEMORATIVO DEL 25\u00ba ANIVERSARIO DE LA APERTURA DEL CEIP MEDINA ELVIRA"},"content":{"rendered":"\n<h4 class=\"wp-block-heading\">MA\u00d1ANA JUEVES 7 DE NOVIEMBRE DE 2019 A LAS 9:30 DE LA MA\u00d1ANA TENDR\u00c1 LUGAR EL ACTO INSTITUCIONAL DE LA CELEBRACI\u00d3N DE LOS 25 A\u00d1OS DE LA INAUGURACI\u00d3N DEL CENTRO.<\/h4>\n\n\n\n<p> A dicho acto asistiran profesorado, padres y madres y alumnado que han dado vida al centro en estos a\u00f1os. Autoridades, alumnado actual y como no  todos los Antiguos Alumnos que han pasado por el Centro son invitados a este emotivo acto.<\/p>\n\n\n\n<p> En Marzo se puso en marcha una comisi\u00f3n organizadora que convoc\u00f3 un concurso de pancarta y cartel que podia ser enttregado del 10 de mayo al 10 de junio de 2019<\/p>\n\n\n\n<figure class=\"wp-block-image\"><img data-recalc-dims=\"1\" loading=\"lazy\" decoding=\"async\" width=\"640\" height=\"391\" src=\"https:\/\/i0.wp.com\/miradordeatarfe.es\/wp-content\/uploads\/2019\/11\/60359332_2326579510963114_6219110574433763328_n-2.jpg?resize=640%2C391&#038;ssl=1\" alt=\"\" class=\"wp-image-35017\" srcset=\"https:\/\/i0.wp.com\/miradordeatarfe.es\/wp-content\/uploads\/2019\/11\/60359332_2326579510963114_6219110574433763328_n-2.jpg?w=684&amp;ssl=1 684w, https:\/\/i0.wp.com\/miradordeatarfe.es\/wp-content\/uploads\/2019\/11\/60359332_2326579510963114_6219110574433763328_n-2.jpg?resize=300%2C183&amp;ssl=1 300w, https:\/\/i0.wp.com\/miradordeatarfe.es\/wp-content\/uploads\/2019\/11\/60359332_2326579510963114_6219110574433763328_n-2.jpg?resize=600%2C367&amp;ssl=1 600w\" sizes=\"auto, (max-width: 640px) 100vw, 640px\" \/><\/figure>\n\n\n\n<p> Y al final el jurado eleigi\u00f3 el siguiente cartel y pancarta ganadora para la celebraci\u00f3n del 25 aniversario del CEIP Medina Elvira <\/p>\n\n\n\n<figure class=\"wp-block-image\"><img data-recalc-dims=\"1\" loading=\"lazy\" decoding=\"async\" width=\"640\" height=\"360\" src=\"https:\/\/i0.wp.com\/miradordeatarfe.es\/wp-content\/uploads\/2019\/11\/67228332_2380148182272913_1798856694407626752_n.jpg?resize=640%2C360&#038;ssl=1\" alt=\"\" class=\"wp-image-35018\" srcset=\"https:\/\/i0.wp.com\/miradordeatarfe.es\/wp-content\/uploads\/2019\/11\/67228332_2380148182272913_1798856694407626752_n.jpg?w=960&amp;ssl=1 960w, https:\/\/i0.wp.com\/miradordeatarfe.es\/wp-content\/uploads\/2019\/11\/67228332_2380148182272913_1798856694407626752_n.jpg?resize=300%2C169&amp;ssl=1 300w, https:\/\/i0.wp.com\/miradordeatarfe.es\/wp-content\/uploads\/2019\/11\/67228332_2380148182272913_1798856694407626752_n.jpg?resize=768%2C432&amp;ssl=1 768w, https:\/\/i0.wp.com\/miradordeatarfe.es\/wp-content\/uploads\/2019\/11\/67228332_2380148182272913_1798856694407626752_n.jpg?resize=600%2C338&amp;ssl=1 600w\" sizes=\"auto, (max-width: 640px) 100vw, 640px\" \/><\/figure>\n\n\n\n<figure class=\"wp-block-image\"><img data-recalc-dims=\"1\" loading=\"lazy\" decoding=\"async\" width=\"540\" height=\"960\" src=\"https:\/\/i0.wp.com\/miradordeatarfe.es\/wp-content\/uploads\/2019\/11\/67468375_2380148148939583_1412236159467126784_n-2.jpg?resize=540%2C960&#038;ssl=1\" alt=\"\" class=\"wp-image-35021\" srcset=\"https:\/\/i0.wp.com\/miradordeatarfe.es\/wp-content\/uploads\/2019\/11\/67468375_2380148148939583_1412236159467126784_n-2.jpg?w=540&amp;ssl=1 540w, https:\/\/i0.wp.com\/miradordeatarfe.es\/wp-content\/uploads\/2019\/11\/67468375_2380148148939583_1412236159467126784_n-2.jpg?resize=169%2C300&amp;ssl=1 169w\" sizes=\"auto, (max-width: 540px) 100vw, 540px\" \/><\/figure>\n\n\n\n<p>Al mismo tiempo se ha abierto una pagina en facebook donde se est\u00e1n colocando fotos de estos 25 a\u00f1os. la direcci\u00f3n de esta p\u00e1gina es <a href=\"https:\/\/www.facebook.com\/2323922264562172\/posts\/2380148195606245\/\">https:\/\/www.facebook.com\/2323922264562172\/posts\/2380148195606245\/<\/a><\/p>\n","protected":false},"excerpt":{"rendered":"<p>MA\u00d1ANA JUEVES 7 DE NOVIEMBRE DE 2019 A LAS 9:30 DE LA MA\u00d1ANA TENDR\u00c1 LUGAR&#8230;<\/p>\n","protected":false},"author":1,"featured_media":35016,"comment_status":"closed","ping_status":"closed","sticky":false,"template":"","format":"standard","meta":{"_coblocks_attr":"","_coblocks_dimensions":"","_coblocks_responsive_height":"","_coblocks_accordion_ie_support":"","jetpack_post_was_ever_published":false,"_jetpack_newsletter_access":"","_jetpack_dont_email_post_to_subs":false,"_jetpack_newsletter_tier_id":0,"_jetpack_memberships_contains_paywalled_content":false,"_jetpack_memberships_contains_paid_content":false,"footnotes":"","jetpack_publicize_message":"","jetpack_publicize_feature_enabled":true,"jetpack_social_post_already_shared":false,"jetpack_social_options":{"image_generator_settings":{"template":"highway","default_image_id":0,"enabled":false},"version":2}},"categories":[2,187,186,44,15],"tags":[6025,81,2885,3400],"class_list":["post-35015","post","type-post","status-publish","format-standard","has-post-thumbnail","hentry","category-atarfe","category-centros-educativos","category-instituciones","category-noticias-de-hoy","category-ultimas-noticias","tag-25-anos","tag-atarfe","tag-ceip-medina-elvira","tag-celebracion"],"jetpack_publicize_connections":[],"jetpack_featured_media_url":"https:\/\/i0.wp.com\/miradordeatarfe.es\/wp-content\/uploads\/2019\/11\/74584868_2655255227871664_9160728405539291136_n.jpg?fit=960%2C456&ssl=1","jetpack_likes_enabled":true,"jetpack_sharing_enabled":true,"_links":{"self":[{"href":"https:\/\/miradordeatarfe.es\/index.php?rest_route=\/wp\/v2\/posts\/35015","targetHints":{"allow":["GET"]}}],"collection":[{"href":"https:\/\/miradordeatarfe.es\/index.php?rest_route=\/wp\/v2\/posts"}],"about":[{"href":"https:\/\/miradordeatarfe.es\/index.php?rest_route=\/wp\/v2\/types\/post"}],"author":[{"embeddable":true,"href":"https:\/\/miradordeatarfe.es\/index.php?rest_route=\/wp\/v2\/users\/1"}],"replies":[{"embeddable":true,"href":"https:\/\/miradordeatarfe.es\/index.php?rest_route=%2Fwp%2Fv2%2Fcomments&post=35015"}],"version-history":[{"count":1,"href":"https:\/\/miradordeatarfe.es\/index.php?rest_route=\/wp\/v2\/posts\/35015\/revisions"}],"predecessor-version":[{"id":35022,"href":"https:\/\/miradordeatarfe.es\/index.php?rest_route=\/wp\/v2\/posts\/35015\/revisions\/35022"}],"wp:featuredmedia":[{"embeddable":true,"href":"https:\/\/miradordeatarfe.es\/index.php?rest_route=\/wp\/v2\/media\/35016"}],"wp:attachment":[{"href":"https:\/\/miradordeatarfe.es\/index.php?rest_route=%2Fwp%2Fv2%2Fmedia&parent=35015"}],"wp:term":[{"taxonomy":"category","embeddable":true,"href":"https:\/\/miradordeatarfe.es\/index.php?rest_route=%2Fwp%2Fv2%2Fcategories&post=35015"},{"taxonomy":"post_tag","embeddable":true,"href":"https:\/\/miradordeatarfe.es\/index.php?rest_route=%2Fwp%2Fv2%2Ftags&post=35015"}],"curies":[{"name":"wp","href":"https:\/\/api.w.org\/{rel}","templated":true}]}}