{"id":35033,"date":"2019-11-08T11:27:50","date_gmt":"2019-11-08T10:27:50","guid":{"rendered":"http:\/\/miradordeatarfe.es\/?p=35033"},"modified":"2020-06-26T12:50:20","modified_gmt":"2020-06-26T10:50:20","slug":"atarfe-descrito-por-madoz-por-jose-enrique-granados","status":"publish","type":"post","link":"https:\/\/miradordeatarfe.es\/?p=35033","title":{"rendered":"\u00abATARFE DESCRITO POR MADOZ\u00bbpor Jos\u00e9 Enrique Granados"},"content":{"rendered":"\n<h4 class=\"wp-block-heading\">En el diccionario geogr\u00e1fico Madoz, del Atarfe de 1845 podemos leer: <\/h4>\n\n\n\n<p> &#8230; pueblo con 486 casas, distribuidas en varias calles que van a parar a la  Real, que atraviesa el pueblo de este a oeste, con dos plazas, una de  la Constituci\u00f3n, donde se encuentran las Casas Consistoriales que  encierran la carnicer\u00eda, matadero. c\u00e1rcel y p\u00f3sito; la otra, de la  iglesia, por hallarse en ella la parroquia, Virgen de la Encarnaci\u00f3n. <\/p>\n\n\n\n<p> Describe Madoz la iglesia de tres naves, el reloj de la torre, los  siete altares y el tabern\u00e1culo de piedra jaspeada de 1818. Tambi\u00e9n  describe la ermita de Santa Ana, a 150 varas al oeste del pueblo, en  paraje vistoso y contiguo al cementerio.<\/p>\n\n\n\n<p>\n Las labores se hac\u00edan con unas 70 yuntas, la mayor parte de bueyes. \nHab\u00eda caminos vecinales y la carretera de Madrid que pasaba a 400 varas.\n La producci\u00f3n era de trigo, centeno, cebada, c\u00e1\u00f1amo, lino, hortalizas, \naceite, vino y ganados, particularmente lanar y de cerda. Se menciona la\n caza abundante de conejos, perdices y codornices.<\/p>\n\n\n\n<p> Curiosidades elvirenses.<\/p>\n","protected":false},"excerpt":{"rendered":"<p>En el diccionario geogr\u00e1fico Madoz, del Atarfe de 1845 podemos leer: &#8230; pueblo con 486&#8230;<\/p>\n","protected":false},"author":1,"featured_media":35034,"comment_status":"closed","ping_status":"closed","sticky":false,"template":"","format":"standard","meta":{"_coblocks_attr":"","_coblocks_dimensions":"","_coblocks_responsive_height":"","_coblocks_accordion_ie_support":"","jetpack_post_was_ever_published":false,"_jetpack_newsletter_access":"","_jetpack_dont_email_post_to_subs":false,"_jetpack_newsletter_tier_id":0,"_jetpack_memberships_contains_paywalled_content":false,"_jetpack_memberships_contains_paid_content":false,"footnotes":"","jetpack_publicize_message":"","jetpack_publicize_feature_enabled":true,"jetpack_social_post_already_shared":false,"jetpack_social_options":{"image_generator_settings":{"template":"highway","default_image_id":0,"enabled":false},"version":2}},"categories":[2,12,1225,186,38,9,44,15],"tags":[81,6614,2352],"class_list":["post-35033","post","type-post","status-publish","format-standard","has-post-thumbnail","hentry","category-atarfe","category-cultura","category-ha-de-atarfe","category-instituciones","category-opinion-de-jose-enrique-granados","category-medio-ambiente","category-noticias-de-hoy","category-ultimas-noticias","tag-atarfe","tag-descripcion","tag-plazas"],"jetpack_publicize_connections":[],"jetpack_featured_media_url":"https:\/\/i0.wp.com\/miradordeatarfe.es\/wp-content\/uploads\/2019\/11\/71548118_2551767058242627_8166541616518004736_n.jpg?fit=887%2C511&ssl=1","jetpack_likes_enabled":true,"jetpack_sharing_enabled":true,"_links":{"self":[{"href":"https:\/\/miradordeatarfe.es\/index.php?rest_route=\/wp\/v2\/posts\/35033","targetHints":{"allow":["GET"]}}],"collection":[{"href":"https:\/\/miradordeatarfe.es\/index.php?rest_route=\/wp\/v2\/posts"}],"about":[{"href":"https:\/\/miradordeatarfe.es\/index.php?rest_route=\/wp\/v2\/types\/post"}],"author":[{"embeddable":true,"href":"https:\/\/miradordeatarfe.es\/index.php?rest_route=\/wp\/v2\/users\/1"}],"replies":[{"embeddable":true,"href":"https:\/\/miradordeatarfe.es\/index.php?rest_route=%2Fwp%2Fv2%2Fcomments&post=35033"}],"version-history":[{"count":3,"href":"https:\/\/miradordeatarfe.es\/index.php?rest_route=\/wp\/v2\/posts\/35033\/revisions"}],"predecessor-version":[{"id":36344,"href":"https:\/\/miradordeatarfe.es\/index.php?rest_route=\/wp\/v2\/posts\/35033\/revisions\/36344"}],"wp:featuredmedia":[{"embeddable":true,"href":"https:\/\/miradordeatarfe.es\/index.php?rest_route=\/wp\/v2\/media\/35034"}],"wp:attachment":[{"href":"https:\/\/miradordeatarfe.es\/index.php?rest_route=%2Fwp%2Fv2%2Fmedia&parent=35033"}],"wp:term":[{"taxonomy":"category","embeddable":true,"href":"https:\/\/miradordeatarfe.es\/index.php?rest_route=%2Fwp%2Fv2%2Fcategories&post=35033"},{"taxonomy":"post_tag","embeddable":true,"href":"https:\/\/miradordeatarfe.es\/index.php?rest_route=%2Fwp%2Fv2%2Ftags&post=35033"}],"curies":[{"name":"wp","href":"https:\/\/api.w.org\/{rel}","templated":true}]}}