{"id":35069,"date":"2019-11-10T11:15:20","date_gmt":"2019-11-10T10:15:20","guid":{"rendered":"http:\/\/miradordeatarfe.es\/?p=35069"},"modified":"2020-06-26T13:22:37","modified_gmt":"2020-06-26T11:22:37","slug":"hasta-cuando-senor-hasta-que-punto-por-juan-alfredo-bellon","status":"publish","type":"post","link":"https:\/\/miradordeatarfe.es\/?p=35069","title":{"rendered":"HASTA CU\u00c1NDO, SE\u00d1OR, HASTA QU\u00c9 PUNTO&#8230; por Juan Alfredo Bell\u00f3n"},"content":{"rendered":"\n<p><em><strong>HASTA CU\u00c1NDO, SE\u00d1OR, HASTA QU\u00c9 PUNTO&#8230;<\/strong><\/em><em><strong>por JUAN ALFREDO BELL\u00d3N<\/strong><\/em> <em><strong>para  EL MIRADOR DE ATARFE<\/strong><\/em> <em><strong>del domingo 10-11-2019<\/strong><\/em><\/p>\n\n\n\n<p>La\npresente cabecera viene a se\u00f1alar el final de un ciclo informativo e\nhist\u00f3rico inscrito en las fechas que van desde finales de abril de\n2019 a comienzos de noviembre de este mismo a\u00f1o, o sea desde la\npen\u00faltima a la \u00faltima campa\u00f1a electoral del presente tramo de los\nprocesos para sustituir las actuales c\u00e1maras (Congreso y Senado) por\notras nuevas debido al atranque constitucional que ha echo repetir\nlas elecciones y los escrutinios de sendas c\u00e1maras y buscar nuevas\ncombinaciones de alianzas para encontrar f\u00f3rmulas de gobierno. Ahora\ncomienza de nuevo la necesidad de contar con un tramo legislativo que\npromulgue los Presupuestos Generales del Estado y las leyes que hagan\nposible el desarrollo constitucional.    \n<\/p>\n\n\n\n<p>\tAdem\u00e1s,\nes bien sabido que venimos de una \u00e9poca insistentemente planteada\ncomo un <em>tap\u00f3n<\/em>\nconstitucional que impide el cumplimiento constituyente y al tiempo\nno permite la buena marcha de los mecanismos legales propios de\nnuestros recursos democr\u00e1ticos.<\/p>\n\n\n\n<p>\tPor\nlo que parece, nadie puede negar que, no s\u00f3lo son muy graves los\nhechos que ahora se imputan a los independentistas de <em>primera\nhornada, <\/em>sino\nque a\u00fan podr\u00edan ser mayores los que se preparaban para cuando se\nconozciera la sentencia contra los independentistas implicados en las\nmanifestaciones de <em>segunda\ngeneraci\u00f3n, <\/em>denominadas\npor la misma polic\u00eda <em>Operaci\u00f3n\nJudas.<\/em><\/p>\n\n\n\n<p><em>\t<\/em>Y\nsolo se ha conocido la aut\u00e9ntica dimensi\u00f3n del problema y el uso de\nla maquinaci\u00f3n de unos grupos de activistas que parece que\npreparaban una cadena de actuaciones violentas respaldadas por el uso\nde la fuerza y de los medios  ileg\u00edtimos que desembocar\u00edan en la\ncomisi\u00f3n de atentados violentos contra las fuerzas del orden p\u00fablico\n y las autoridades leg\u00edtimamente constituidas. Tal pareciera que se\ntrataba de un plan minuciosamente preparado para subvertir por la\nfuerza y la maquinaci\u00f3n la paz y el orden establecidos con m\u00e9todos\nviolentos y antidemocr\u00e1ticos cuyos resultados podr\u00edan seguramente\ndesembocar en un ba\u00f1o injusto e incontrolable de sangre inocente. \n<\/p>\n\n\n\n<p>\tTodo\nse ha precipitado a partir del mi\u00e9rcoles, seis de noviembre, cuando\nse conocieron los avances de los resultados de la \u00faltima campa\u00f1a\nelectoral y se supo que de nuevo se habr\u00eda podido alcanzar otro\nempate t\u00e9cnico entre los dos bloques electorales enfrentados que\nobligar\u00eda a convocar una nueva tanda de Elecciones Generales con la\nconsiguiente abstenci\u00f3n y el hartazgo de grandes cantidades\npersonas. \n<\/p>\n\n\n\n<p>\tA\nesto se sum\u00f3 la ampl\u00edsima difusi\u00f3n en los medios sobre la\n<em>Operaci\u00f3n Judas <\/em>y\nespecialmente sobre la<em>\n<\/em>manipulaci\u00f3n\nde sustancias explosivas  para la confecci\u00f3n de artefactos que\nprodujo la consiguiente alarma social en los c\u00edrculos m\u00e1s\nconservadores y hasta reaccionarios de la pol\u00edtica espa\u00f1ola y\ncatalana que reiteraron su exigencia de que las autoridades\nencargadas del caso y los partidos que desde el d\u00eda 10-N ostentaban\nel Gobierno, desplegaron una pol\u00edtica represora de esas actitudes\nindependentistas e insolidarias empezando por la nueva aplicaci\u00f3n\nmaximalista  e  indiscriminada del art\u00edculo 151 de la Constituci\u00f3n\ny de toda clase de intervenciones de las fuerzas del orden destinadas\na reprimir las manifestaciones violentas  callejeras. \n<\/p>\n\n\n\n<p>\tY\npor fin, a todo lo cual habr\u00eda que sumarle la perversi\u00f3n indeseada\ndel aumento imparable de la extrema derecha anticonstitucional de Vox\nque aprovecha constantemente la situaci\u00f3n cr\u00edtica de que <em>a\nr\u00edo revuelto, ganancia de pescadores y otros desajustes  violentos\nde nuestra legalidad: \u00bfHasta cuando habr\u00e1 que esperar <\/em>para\nahondar en las contradicciones del sistema, procurando subvertir sus\ncimientos  que son los fundamentos mismos de nuestra convivencia.\nSolo as\u00ed podr\u00edan los antisistema de ambas tintas  desplegar sus\nt\u00e1cticas para desrruir  los fundamentos de nuestra convivencia.<\/p>\n\n\n\n<p>\t<em>\u00bfHasta\ncu\u00e1ndo, Se\u00f1or, y hasta qu\u00e9 punto tendremos que aguantar la\nperversi\u00f3n de sus asechanzas y seguir poniendo cara de bobos\nmientras ellos nos roban p\u00fablicamente la cartera? <\/em>\n<\/p>\n","protected":false},"excerpt":{"rendered":"<p>HASTA CU\u00c1NDO, SE\u00d1OR, HASTA QU\u00c9 PUNTO&#8230;por JUAN ALFREDO BELL\u00d3N para EL MIRADOR DE ATARFE del&#8230;<\/p>\n","protected":false},"author":1,"featured_media":35070,"comment_status":"closed","ping_status":"closed","sticky":false,"template":"","format":"standard","meta":{"_coblocks_attr":"","_coblocks_dimensions":"","_coblocks_responsive_height":"","_coblocks_accordion_ie_support":"","jetpack_post_was_ever_published":false,"_jetpack_newsletter_access":"","_jetpack_dont_email_post_to_subs":false,"_jetpack_newsletter_tier_id":0,"_jetpack_memberships_contains_paywalled_content":false,"_jetpack_memberships_contains_paid_content":false,"footnotes":"","jetpack_publicize_message":"","jetpack_publicize_feature_enabled":true,"jetpack_social_post_already_shared":false,"jetpack_social_options":{"image_generator_settings":{"template":"highway","default_image_id":0,"enabled":false},"version":2}},"categories":[36,44,6937,15],"tags":[104,171,905,42],"class_list":["post-35069","post","type-post","status-publish","format-standard","has-post-thumbnail","hentry","category-opinion-de-juan-alfredo-bellon","category-noticias-de-hoy","category-sociedad","category-ultimas-noticias","tag-democracia","tag-elecciones","tag-partidos","tag-politica"],"jetpack_publicize_connections":[],"jetpack_featured_media_url":"https:\/\/i0.wp.com\/miradordeatarfe.es\/wp-content\/uploads\/2019\/11\/700x420_elecciones-2019-sobres-reuters.jpg?fit=700%2C420&ssl=1","jetpack_likes_enabled":true,"jetpack_sharing_enabled":true,"_links":{"self":[{"href":"https:\/\/miradordeatarfe.es\/index.php?rest_route=\/wp\/v2\/posts\/35069","targetHints":{"allow":["GET"]}}],"collection":[{"href":"https:\/\/miradordeatarfe.es\/index.php?rest_route=\/wp\/v2\/posts"}],"about":[{"href":"https:\/\/miradordeatarfe.es\/index.php?rest_route=\/wp\/v2\/types\/post"}],"author":[{"embeddable":true,"href":"https:\/\/miradordeatarfe.es\/index.php?rest_route=\/wp\/v2\/users\/1"}],"replies":[{"embeddable":true,"href":"https:\/\/miradordeatarfe.es\/index.php?rest_route=%2Fwp%2Fv2%2Fcomments&post=35069"}],"version-history":[{"count":1,"href":"https:\/\/miradordeatarfe.es\/index.php?rest_route=\/wp\/v2\/posts\/35069\/revisions"}],"predecessor-version":[{"id":35071,"href":"https:\/\/miradordeatarfe.es\/index.php?rest_route=\/wp\/v2\/posts\/35069\/revisions\/35071"}],"wp:featuredmedia":[{"embeddable":true,"href":"https:\/\/miradordeatarfe.es\/index.php?rest_route=\/wp\/v2\/media\/35070"}],"wp:attachment":[{"href":"https:\/\/miradordeatarfe.es\/index.php?rest_route=%2Fwp%2Fv2%2Fmedia&parent=35069"}],"wp:term":[{"taxonomy":"category","embeddable":true,"href":"https:\/\/miradordeatarfe.es\/index.php?rest_route=%2Fwp%2Fv2%2Fcategories&post=35069"},{"taxonomy":"post_tag","embeddable":true,"href":"https:\/\/miradordeatarfe.es\/index.php?rest_route=%2Fwp%2Fv2%2Ftags&post=35069"}],"curies":[{"name":"wp","href":"https:\/\/api.w.org\/{rel}","templated":true}]}}