{"id":3527,"date":"2015-10-15T08:45:59","date_gmt":"2015-10-15T08:45:59","guid":{"rendered":"http:\/\/miradordeatarfe.es\/?p=3527"},"modified":"2015-09-22T09:33:38","modified_gmt":"2015-09-22T09:33:38","slug":"el-bilinguismo-es-el-gran-acierto-de-la-nueva-educacion","status":"publish","type":"post","link":"https:\/\/miradordeatarfe.es\/?p=3527","title":{"rendered":"El biling\u00fcismo es el gran acierto de la nueva educaci\u00f3n"},"content":{"rendered":"<div class=\"entradilla\">La gran encuesta sobre la Educaci\u00f3n en Espa\u00f1a nos deja un titular: la inmensa mayor\u00eda est\u00e1 encantada con el biling\u00fcismo. Adem\u00e1s sabremos qu\u00e9 asignaturas nos parecen m\u00e1s importantes y qu\u00e9 opinamos sobre si las competencias en educaci\u00f3n deben seguir delegadas en los gobiernos auton\u00f3micos.<\/div>\n<p><!--more--><\/p>\n<p>En estos d\u00edas, donde los ni\u00f1os han vuelto a acudir a sus colegios, despu\u00e9s de unas largas y seguro que divertidas vacaciones. Nosotros desde <strong>Encuestamos<\/strong> hemos querido recuperar nuestro <strong>estudio demosc\u00f3pico sobre la Educaci\u00f3n en Espa\u00f1a<\/strong>.Los miembros del<strong> Club Opinamos<\/strong>, todos ellos ciudadanos espa\u00f1oles mayores de 16 a\u00f1os y procedentes de diferentes puntos de la geograf\u00eda espa\u00f1ola, han expresado su opini\u00f3n sobre la educaci\u00f3n y en particular sobre lo que les parece el biling\u00fcismo en nuestra escuelas.<br \/>\n<strong>La educaci\u00f3n biling\u00fce<\/strong> viene implant\u00e1ndose en buena parte del pa\u00eds a lo largo de la \u00faltima d\u00e9cada. Quer\u00edamos saber qu\u00e9 pensaban los espa\u00f1oles respacto de este novedoso m\u00e9todo de ense\u00f1anza. La respuesta es abrumadoramente positiva. Un sobresaliente <strong>65\u20191 %<\/strong> de los encuestados creen que <strong>el<\/strong> <strong>biling\u00fcismo es perfecto y har\u00e1 m\u00e1s competitivos a nuestros hijos<\/strong>. Tan s\u00f3lo un <strong>18\u20193 %<\/strong> opina que <strong>no todos los ni\u00f1os est\u00e1n preparados para aprender as\u00ed<\/strong>.<\/p>\n<p>Los ciudadanos tambi\u00e9n han querido opinar sobre<strong> las asignaturas que les parecen m\u00e1s importantes<\/strong>. Hay tres materias que destacan sobre las dem\u00e1s, como referentes para la educaci\u00f3n de nuestros hijos. En tercer lugar, con un<strong> 15\u20196 %<\/strong>, se coloca la <strong>Lengua extranjera<\/strong>, un resultado muy razonable despu\u00e9s de ver la gran aceptaci\u00f3n que est\u00e1 cosechando el biling\u00fcismo en nuestro pa\u00eds. La segunda plaza es para las <strong>Matem\u00e1ticas<\/strong>, con un buen <strong>34 %<\/strong> de los encuestados que la apoyan como la asignatura m\u00e1s importante de todas. En cualquier caso, podemos ver que para el conjunto de la ciudadan\u00eda es <strong>la Lengua castellana la que se impone como primera opci\u00f3n, con un excelente 35\u20193 % del total de los votos<\/strong>.<\/p>\n<p>Al <strong>segmentar por sexo y por edad<\/strong> descubrimos peque\u00f1os matices. Los <strong>hombres y las personas mayores de 40<\/strong> votan mayoritariamente por las <strong>Matem\u00e1ticas<\/strong> como asignatura m\u00e1s importante. Sin embargo,<strong> las mujeres y los j\u00f3venes<\/strong> decantan la balanza a favor de la <strong>Lengua castellana<\/strong> a la que apoyan de forma mayoritaria.<\/p>\n<div class=\"col-md-12 nill-singlecontent\">\n<div id=\"texto-graph_4\" class=\"texto-graph\">\n<p>Desde hace algunos a\u00f1os,<strong> las Comunidades Aut\u00f3nomas han asumido las competencias en materia de educaci\u00f3n<\/strong>. Esto ha dado lugar a distintas pol\u00e9micas relacionadas con la lengua vehicular en que se impart\u00eda la ense\u00f1anza o con las diferencias en los temarios de asignaturas como la Historia o la Geograf\u00eda.<br \/>\nPeque\u00f1os o grandes problemas sobre los que hemos consultado a las personas que han participado en el estudio sobre educaci\u00f3n realizado por <strong>Encuestamos.<\/strong><\/p>\n<p>La tres alternativas que m\u00e1s destacan son las siguientes: con un <strong>15\u20196 %<\/strong>, aquellos a los que les parece mal que las autonom\u00edas tengan delegadas las competencias sobre educaci\u00f3n porque opinan que es una <strong>puerta abierta al adoctrinamiento pol\u00edtico de los menores<\/strong>. En segundo lugar, con un <strong>18\u20198 %<\/strong> del total de los votos, se ubican los que piensan que est\u00e1 bien porque <strong>las autonom\u00edas responden mejor a las necesidades de los alumnos.<\/strong> La opci\u00f3n con el mayor respaldo, un considerable <strong>42\u20198 %<\/strong>, es la de aquellos ciudadanos que opinan que este sistema est\u00e1 mal porque <strong>todos los espa\u00f1oles deber\u00edan estudiar lo mismo<\/strong>.<\/p>\n<\/div>\n<\/div>\n","protected":false},"excerpt":{"rendered":"<p>La gran encuesta sobre la Educaci\u00f3n en Espa\u00f1a nos deja un titular: la inmensa mayor\u00eda&#8230;<\/p>\n","protected":false},"author":1,"featured_media":3528,"comment_status":"closed","ping_status":"closed","sticky":false,"template":"","format":"standard","meta":{"_coblocks_attr":"","_coblocks_dimensions":"","_coblocks_responsive_height":"","_coblocks_accordion_ie_support":"","jetpack_post_was_ever_published":false,"_jetpack_newsletter_access":"","_jetpack_dont_email_post_to_subs":false,"_jetpack_newsletter_tier_id":0,"_jetpack_memberships_contains_paywalled_content":false,"_jetpack_memberships_contains_paid_content":false,"footnotes":"","jetpack_publicize_message":"","jetpack_publicize_feature_enabled":true,"jetpack_social_post_already_shared":false,"jetpack_social_options":{"image_generator_settings":{"template":"highway","default_image_id":0,"enabled":false},"version":2}},"categories":[1],"tags":[1258,226,1259,27,987,241],"class_list":["post-3527","post","type-post","status-publish","format-standard","has-post-thumbnail","hentry","category-uncategorized","tag-asignaturas","tag-bilinguismo","tag-comunidades-autonomas","tag-educacion","tag-lengua","tag-matematicas"],"jetpack_publicize_connections":[],"jetpack_featured_media_url":"https:\/\/i0.wp.com\/miradordeatarfe.es\/wp-content\/uploads\/2015\/09\/pizarra2.jpg?fit=1198%2C455&ssl=1","jetpack_likes_enabled":true,"jetpack_sharing_enabled":true,"_links":{"self":[{"href":"https:\/\/miradordeatarfe.es\/index.php?rest_route=\/wp\/v2\/posts\/3527","targetHints":{"allow":["GET"]}}],"collection":[{"href":"https:\/\/miradordeatarfe.es\/index.php?rest_route=\/wp\/v2\/posts"}],"about":[{"href":"https:\/\/miradordeatarfe.es\/index.php?rest_route=\/wp\/v2\/types\/post"}],"author":[{"embeddable":true,"href":"https:\/\/miradordeatarfe.es\/index.php?rest_route=\/wp\/v2\/users\/1"}],"replies":[{"embeddable":true,"href":"https:\/\/miradordeatarfe.es\/index.php?rest_route=%2Fwp%2Fv2%2Fcomments&post=3527"}],"version-history":[{"count":2,"href":"https:\/\/miradordeatarfe.es\/index.php?rest_route=\/wp\/v2\/posts\/3527\/revisions"}],"predecessor-version":[{"id":3539,"href":"https:\/\/miradordeatarfe.es\/index.php?rest_route=\/wp\/v2\/posts\/3527\/revisions\/3539"}],"wp:featuredmedia":[{"embeddable":true,"href":"https:\/\/miradordeatarfe.es\/index.php?rest_route=\/wp\/v2\/media\/3528"}],"wp:attachment":[{"href":"https:\/\/miradordeatarfe.es\/index.php?rest_route=%2Fwp%2Fv2%2Fmedia&parent=3527"}],"wp:term":[{"taxonomy":"category","embeddable":true,"href":"https:\/\/miradordeatarfe.es\/index.php?rest_route=%2Fwp%2Fv2%2Fcategories&post=3527"},{"taxonomy":"post_tag","embeddable":true,"href":"https:\/\/miradordeatarfe.es\/index.php?rest_route=%2Fwp%2Fv2%2Ftags&post=3527"}],"curies":[{"name":"wp","href":"https:\/\/api.w.org\/{rel}","templated":true}]}}