{"id":35274,"date":"2019-11-17T11:30:34","date_gmt":"2019-11-17T10:30:34","guid":{"rendered":"http:\/\/miradordeatarfe.es\/?p=35274"},"modified":"2020-06-26T13:22:23","modified_gmt":"2020-06-26T11:22:23","slug":"35274","status":"publish","type":"post","link":"https:\/\/miradordeatarfe.es\/?p=35274","title":{"rendered":"EL ABRAZO por JUAN ALFREDO BELL\u00d3N"},"content":{"rendered":"\n<p> <em><strong>EL ABRAZO<\/strong><\/em> <strong>por JUAN ALFREDO BELL\u00d3N<\/strong> <strong>para  EL MIRADOR DE  ATARFEdel domingo17-11-2019<\/strong><\/p>\n\n\n\n<p>\tSi\nhay temas ic\u00f3nicos en las pinacotecas que todos tenemos en la\nreserva de nuestra memoria, uno de ellos es el de esos dos\nenerg\u00famenos <em>celtib\u00e9ricos\n<\/em>que\nse aporrean ferozmente, descamisados y enfangados, en ese terrible\ncuadro, racial y goyesco que el genial pintor aragon\u00e9s nos dej\u00f3 de\nsu etapa de preocupaci\u00f3n ib\u00e9rica; y otro, el de <em>Las\nLanzas, <\/em>de\nVel\u00e1zquez, sobre la <em>Rendici\u00f3n<\/em>\n<em>de Breda, <\/em>cuyo\nabrazo central del general Sp\u00ednola, vencedor, y de su oponente del\nej\u00e9rcito, vencido, de los Paises Bajos, tan fraternal como\nmisericorde, que vale por s\u00ed solo un tratado de caballerosidad\n<em>espa\u00f1ola\nquijotesca..<\/em>\n \t<\/p>\n\n\n\n<p>\tCuriosamente,\nen nuestra reserva memor\u00edstica de estampas religiosas, tampoco\nfaltan motivos de afecto fraternal, como los abrazos de Jes\u00fas y\nJuan, primos y ni\u00f1os, y los de Mar\u00eda e Isabel, primas, embarazadas\ny conniventes con Jeovah en su destino inmediato aceptado. <em>(\n-H\u00e1gase en nosotras seg\u00fan tu palabra.)<\/em><\/p>\n\n\n\n<p>\tY\nen nuestra historia reciente, me resucita en la memoria, el desgarro\nespa\u00f1ol de <em>Los\nFusilamientos del Dos de Mayo <\/em>goyescos<em>\n<\/em>en\nLa Moncloa;<em> <\/em>la\nMuerte (sumar\u00edsima) de Torrijos y sus compa\u00f1eros de <em>alzamiento<\/em>,\nen una tenue playa nocturna de Andaluc\u00eda, <em>y\nla fotograf\u00eda, de Kapa, del miliciano republicano alzando\npat\u00e9ticamente al cielo arma y los brazos, herido de muerte, en una\nfotograf\u00eda inolvidable de nuestra Guerra Civil.<\/em><\/p>\n\n\n\n<p><em> <\/em>Y otro icono imborrable de la etapa contempor\u00e1nea es el famoso cuadro de Antoni Tapies, titulado <em>El abrazo, <\/em>donde dos torsos masculinos, con chaqueta y gabardina, en el centro de un grupo callejero, se abrazan calurosamente, en se\u00f1al de reencuentro y reconciliaci\u00f3n. <\/p>\n\n\n\n<p>La imagen bien vale por s\u00ed sola un tratado de historia contempor\u00e1nea lleno de buena intenci\u00f3n para el presente y el futuro de nuestra patria, afligida por los desgarros de la zozobra decimon\u00f3nica, franquista y postfranquista, propias de la etapa constitucional que intentaba superar el cainismo reciente.<\/p>\n\n\n\n<p>Este cuadro de Tapies vale por s\u00ed mismo todas las desconfianzas del presente y las esperanzas del futuro que tanto se han exacerbado en los \u00faltimos a\u00f1os y digo \u201ctanto\u201d refiri\u00e9ndome a la sombra de ingobernabilidad que, en paralelo malintencionado  con el fracaso de la Segunda Rep\u00fablica, se ha venido aireando desde la derecha m\u00e1s rancia y troglodita a la que no han  faltado m\u00e1s que algunos m\u00e1rtires oportunos para declarar la identidad absoluta con los dif\u00edciles a\u00f1os Treinta del siglo pasado y la justificaci\u00f3n para exigir el alzamiento militar en armas, \u00a1incluso contra la Monarqu\u00eda democr\u00e1tica, b\u00f3rb\u00f3nica y postfranquista, que gobierna el periodo actual con alg\u00fan que otro sobresalto puntual pero jam\u00e1s, hasta ahora, con tantas zozobras y dificultades como hubo en tiempos del anterior rey tambi\u00e9n Borb\u00f3n don Alfonso XIII!<\/p>\n\n\n\n<p>\tPorque\nha sido tomar Pedro S\u00e1nchez la iniciativa para resolver la crisis\ngubernamental y constitucional que atravesamos, y lanzarse todo el\nmundo contra lo \u201crepentino\u201d y \u201cprecipitado\u201d de esa iniciativa\ndel Gobierno <em>en\nfunciones<\/em>\ncuya situaci\u00f3n era en efecto comprometida pero cuya soluci\u00f3n no era\npara casi nadie la que se eligi\u00f3, como vienen pregonando desde los\nmedios los portavoces <em>de\nfacto<\/em>\nde la derecha constitucionalista, desde el mismo d\u00eda de la firma,\npor sorpresa, del pre-acuerdo de pacto de coalici\u00f3n de gobierno\nentre las fuerzas, constitucionalistas de izquierdas.<\/p>\n\n\n\n<p>\tComo\nha dicho hoy mismo en prensa y radio I\u00f1aki Gabilondo, ha sido\nconocerse el acuerdo que todos han urgido, y empezar todos tambi\u00e9n a\nponerle pegas e inconvenientes como si lo importante no fuera el\nacuerdo mismo y s\u00ed un mont\u00f3n de aspectos perif\u00e9ricos que ha pasado\na plantearse en primer lugar. Falta har\u00eda que el propio J\u00fapiter\nTonante enviara a semejante caterva de pejigueras y descontentos un\nculebr\u00f3n hambriento que los gobernara por la fuerza arrasando su\nperfeccionismo melindroso y los dejara sucumbir en sus lares patrios\nante las asechanzas de los aut\u00e9nticos enemigos<\/p>\n","protected":false},"excerpt":{"rendered":"<p>EL ABRAZO por JUAN ALFREDO BELL\u00d3N para EL MIRADOR DE ATARFEdel domingo17-11-2019 Si hay temas&#8230;<\/p>\n","protected":false},"author":1,"featured_media":35253,"comment_status":"closed","ping_status":"closed","sticky":false,"template":"","format":"standard","meta":{"_coblocks_attr":"","_coblocks_dimensions":"","_coblocks_responsive_height":"","_coblocks_accordion_ie_support":"","jetpack_post_was_ever_published":false,"_jetpack_newsletter_access":"","_jetpack_dont_email_post_to_subs":false,"_jetpack_newsletter_tier_id":0,"_jetpack_memberships_contains_paywalled_content":false,"_jetpack_memberships_contains_paid_content":false,"footnotes":"","jetpack_publicize_message":"","jetpack_publicize_feature_enabled":true,"jetpack_social_post_already_shared":false,"jetpack_social_options":{"image_generator_settings":{"template":"highway","default_image_id":0,"enabled":false},"version":2}},"categories":[1161,186,36,44,15],"tags":[2256,367,725,42],"class_list":["post-35274","post","type-post","status-publish","format-standard","has-post-thumbnail","hentry","category-ciudadania","category-instituciones","category-opinion-de-juan-alfredo-bellon","category-noticias-de-hoy","category-ultimas-noticias","tag-abrazo","tag-acuerdo","tag-espana","tag-politica"],"jetpack_publicize_connections":[],"jetpack_featured_media_url":"https:\/\/i0.wp.com\/miradordeatarfe.es\/wp-content\/uploads\/2019\/11\/20191112-637091670420569966_10925357_20191112150308.jpg?fit=755%2C425&ssl=1","jetpack_likes_enabled":true,"jetpack_sharing_enabled":true,"_links":{"self":[{"href":"https:\/\/miradordeatarfe.es\/index.php?rest_route=\/wp\/v2\/posts\/35274","targetHints":{"allow":["GET"]}}],"collection":[{"href":"https:\/\/miradordeatarfe.es\/index.php?rest_route=\/wp\/v2\/posts"}],"about":[{"href":"https:\/\/miradordeatarfe.es\/index.php?rest_route=\/wp\/v2\/types\/post"}],"author":[{"embeddable":true,"href":"https:\/\/miradordeatarfe.es\/index.php?rest_route=\/wp\/v2\/users\/1"}],"replies":[{"embeddable":true,"href":"https:\/\/miradordeatarfe.es\/index.php?rest_route=%2Fwp%2Fv2%2Fcomments&post=35274"}],"version-history":[{"count":2,"href":"https:\/\/miradordeatarfe.es\/index.php?rest_route=\/wp\/v2\/posts\/35274\/revisions"}],"predecessor-version":[{"id":35276,"href":"https:\/\/miradordeatarfe.es\/index.php?rest_route=\/wp\/v2\/posts\/35274\/revisions\/35276"}],"wp:featuredmedia":[{"embeddable":true,"href":"https:\/\/miradordeatarfe.es\/index.php?rest_route=\/wp\/v2\/media\/35253"}],"wp:attachment":[{"href":"https:\/\/miradordeatarfe.es\/index.php?rest_route=%2Fwp%2Fv2%2Fmedia&parent=35274"}],"wp:term":[{"taxonomy":"category","embeddable":true,"href":"https:\/\/miradordeatarfe.es\/index.php?rest_route=%2Fwp%2Fv2%2Fcategories&post=35274"},{"taxonomy":"post_tag","embeddable":true,"href":"https:\/\/miradordeatarfe.es\/index.php?rest_route=%2Fwp%2Fv2%2Ftags&post=35274"}],"curies":[{"name":"wp","href":"https:\/\/api.w.org\/{rel}","templated":true}]}}