{"id":35443,"date":"2019-11-24T11:29:08","date_gmt":"2019-11-24T10:29:08","guid":{"rendered":"http:\/\/miradordeatarfe.es\/?p=35443"},"modified":"2020-06-26T13:22:10","modified_gmt":"2020-06-26T11:22:10","slug":"la-sentenciapor-juan-alfredo-bellon","status":"publish","type":"post","link":"https:\/\/miradordeatarfe.es\/?p=35443","title":{"rendered":"\u00abLA SENTENCIA\u00bb por JUAN ALFREDO BELL\u00d3N"},"content":{"rendered":"\n<p><em><strong>LA SENTENCIA <\/strong><\/em> <em>por JUAN ALFREDO BELL\u00d3N<\/em> <em>para  EL MIRADOR DE ATARFE <\/em> <em>del\ndomingo 24-11-2019<\/em><\/p>\n\n\n\n<p><em>\t<\/em>Si\nestuvi\u00e9ramos en Semana Santa, este art\u00edculo tendr\u00eda un t\u00edtulo\nencajado en el ciclo pascual, pero no es el caso y s\u00f3lo nos sit\u00faa\nen el terreno <em>penitencial\n<\/em>de\nlas cr\u00f3nicas de tribunales donde los m\u00e1s forofos de la intervenci\u00f3n\njudicial en el caso de los <em>EREs\n<\/em>ya\nest\u00e1n pidiendo la pr\u00f3xima Medalla de Oro de Andaluc\u00eda para la\njueza Alaya, a las claras y sin tapujos, como forma de remachar el\n\u00faltimo clavo sobre la tumba jur\u00eddica y pol\u00edtica de Chaves, Gri\u00f1\u00e1n,\nZarr\u00edas, etc. Y la verdad es que uno se ha quedado como el que se\ntrag\u00f3 un jarro cuando conoci\u00f3 ayer martes el contenido y el sentido\nde la sentencia y las penas (alt\u00edsimas) que la acompa\u00f1an.<\/p>\n\n\n\n<p>\tT\u00e9ngase\nen cuenta que es un texto inequ\u00edvocamente contundente que viene a\nzanjar la pol\u00e9mica y las dubitaciones que precedieron a su aparici\u00f3n\np\u00fablica definitiva: la sentencia es de una indudable e ineludible\nculpabilidad por prevaricaci\u00f3n y malversaci\u00f3n de fondos p\u00fablicos.\nY el auto es contundente y concluyente  a  m\u00e1s no poder.<\/p>\n\n\n\n<p> Inmediatamente despu\u00e9s de su conocimiento p\u00fablico empezaron a aparecer reacciones de medios socialistas, generalmente muy ponderadas pero tambi\u00e9n muy dolidas por el contenido de la sentencia y por la dureza de las penas que, por venir de personas y de plumas generalmente muy ponderadas y bien informadas, comento a continuaci\u00f3n, Dice una de ellas:<em>\u201d \u00a1Qu\u00e9 d\u00eda tan malo y tan triste! \u00a1Lo que hay que leer,  ver y escuchar!  Me pongo en la piel de Chaves, Gri\u00f1\u00e1n, Carmen, Magdalena, Antonio, Gaspar o Miguel \u00c1ngel Serrano y no s\u00e9 c\u00f3mo van a poder asumir esto: llevan ya muchos a\u00f1os de condena social, medi\u00e1tica, pol\u00edtica e incluso econ\u00f3mica (embargos y minutas de abogados) a los que ahora suman inhabilitaciones especialmente graves para quienes est\u00e1n en edad laboral y, por si fuera poco, en muchos casos, penas de c\u00e1rcel elevadas. Visto ahora, no dudo que hay cosas que se podr\u00edan haber hecho mejor e incluso algunas que no se debieron hacer, pero me parece una sentencia injusta y desproporcionada para la inmensa mayor\u00eda. Ten\u00eda poca fe en la justicia, pero ya no me queda ninguna. Siempre es blanda para otros y \u201cejemplarizante\u201d (qu\u00e9 manera tan fina de decir \u201cparcial\u201d) para nosotros. En conclusi\u00f3n: desesperanza, rabia y, sobre todo, solidaridad y cari\u00f1o para ellos y ellas, gente a la que he conocido y tratado y son. y van a seguir siendo, honestos pese a todo,\u201d <\/em>me dice una que fue Directora General con Gaspar Zarr\u00edas<em>.<\/em><\/p>\n\n\n\n<p><em>\t<\/em>Y\npor si fuera poco, Javier P\u00e9rez Royo, antiguo Rector de la\nHispalense y catedr\u00e1tico de Derecho Constitucional de la Facultad de\nDerecho sevillana  ha proclamado la inocencia de los reos y\nespecialmente de Manuel Ch\u00e1vez, aconsej\u00e1ndole que se querelle\ncontra los tres magistrados que firman su sentencia condenatoria    y\nque les exija decir d\u00f3nde est\u00e1 su prevaricaci\u00f3n culposa, si es que\nexiste, contra todas las normas constituclonales.<\/p>\n\n\n\n<p> Y, por si fuera poco, a comienzos de la semana, se ha celebrado el D\u00eda Internacional del Retrete, que a m\u00ed siempre me recuerda a aquel que los vend\u00eda por las calles de mi pueblo y que eran bacines port\u00e1tiles de arcilla m\u00e1s levantados del suelo que lo normal: \u00a1Qui\u00e9n por un cuarto \/ no  caga en alto!<br> Ea, pues eso. Y quien  est\u00e9 limpio de pecado, que tire la primera piedra.<\/p>\n\n\n\n<p>foto:   333 d\u00edas despu\u00e9s del comienzo se conoce la sentencia del Caso de los ERE\/Foto: Manuel Olmedo\/La Raz\u00f3n <\/p>\n","protected":false},"excerpt":{"rendered":"<p>LA SENTENCIA por JUAN ALFREDO BELL\u00d3N para EL MIRADOR DE ATARFE del domingo 24-11-2019 Si&#8230;<\/p>\n","protected":false},"author":1,"featured_media":35444,"comment_status":"closed","ping_status":"closed","sticky":false,"template":"","format":"standard","meta":{"_coblocks_attr":"","_coblocks_dimensions":"","_coblocks_responsive_height":"","_coblocks_accordion_ie_support":"","jetpack_post_was_ever_published":false,"_jetpack_newsletter_access":"","_jetpack_dont_email_post_to_subs":false,"_jetpack_newsletter_tier_id":0,"_jetpack_memberships_contains_paywalled_content":false,"_jetpack_memberships_contains_paid_content":false,"footnotes":"","jetpack_publicize_message":"","jetpack_publicize_feature_enabled":true,"jetpack_social_post_already_shared":false,"jetpack_social_options":{"image_generator_settings":{"template":"highway","default_image_id":0,"enabled":false},"version":2}},"categories":[1161,186,36,44,15],"tags":[6685,934,723],"class_list":["post-35443","post","type-post","status-publish","format-standard","has-post-thumbnail","hentry","category-ciudadania","category-instituciones","category-opinion-de-juan-alfredo-bellon","category-noticias-de-hoy","category-ultimas-noticias","tag-eres","tag-junta-de-andalucia","tag-psoe"],"jetpack_publicize_connections":[],"jetpack_featured_media_url":"https:\/\/i0.wp.com\/miradordeatarfe.es\/wp-content\/uploads\/2019\/11\/SSPP2FSVCZA2XERZOGAGL7E6RI.jpg?fit=2048%2C1365&ssl=1","jetpack_likes_enabled":true,"jetpack_sharing_enabled":true,"_links":{"self":[{"href":"https:\/\/miradordeatarfe.es\/index.php?rest_route=\/wp\/v2\/posts\/35443","targetHints":{"allow":["GET"]}}],"collection":[{"href":"https:\/\/miradordeatarfe.es\/index.php?rest_route=\/wp\/v2\/posts"}],"about":[{"href":"https:\/\/miradordeatarfe.es\/index.php?rest_route=\/wp\/v2\/types\/post"}],"author":[{"embeddable":true,"href":"https:\/\/miradordeatarfe.es\/index.php?rest_route=\/wp\/v2\/users\/1"}],"replies":[{"embeddable":true,"href":"https:\/\/miradordeatarfe.es\/index.php?rest_route=%2Fwp%2Fv2%2Fcomments&post=35443"}],"version-history":[{"count":2,"href":"https:\/\/miradordeatarfe.es\/index.php?rest_route=\/wp\/v2\/posts\/35443\/revisions"}],"predecessor-version":[{"id":35446,"href":"https:\/\/miradordeatarfe.es\/index.php?rest_route=\/wp\/v2\/posts\/35443\/revisions\/35446"}],"wp:featuredmedia":[{"embeddable":true,"href":"https:\/\/miradordeatarfe.es\/index.php?rest_route=\/wp\/v2\/media\/35444"}],"wp:attachment":[{"href":"https:\/\/miradordeatarfe.es\/index.php?rest_route=%2Fwp%2Fv2%2Fmedia&parent=35443"}],"wp:term":[{"taxonomy":"category","embeddable":true,"href":"https:\/\/miradordeatarfe.es\/index.php?rest_route=%2Fwp%2Fv2%2Fcategories&post=35443"},{"taxonomy":"post_tag","embeddable":true,"href":"https:\/\/miradordeatarfe.es\/index.php?rest_route=%2Fwp%2Fv2%2Ftags&post=35443"}],"curies":[{"name":"wp","href":"https:\/\/api.w.org\/{rel}","templated":true}]}}