{"id":3552,"date":"2015-09-26T08:00:14","date_gmt":"2015-09-26T08:00:14","guid":{"rendered":"http:\/\/miradordeatarfe.es\/?p=3552"},"modified":"2015-09-27T10:21:06","modified_gmt":"2015-09-27T10:21:06","slug":"el-soto-de-roma-por-jose-enrique-granados","status":"publish","type":"post","link":"https:\/\/miradordeatarfe.es\/?p=3552","title":{"rendered":"\u00abEl SOTO DE ROMA\u00bb por Jos\u00e9 Enrique Granados"},"content":{"rendered":"<p>Ya en la Gacetilla del 18 de marzo nos acercamos a la figura del hispanista brit\u00e1nico londinense del siglo XVIII, Richard Ford. Debido a la mala salud de su esposa se traslada a Espa\u00f1a, fijando su residencia entre Sevilla y en Granada, donde se alberg\u00f3 en la Alhambra.<!--more--><\/p>\n<p>Desde estas dos ciudades viaj\u00f3 por toda la pen\u00ednsula para dibujar m\u00e1s de 500 grabados. Una de las excursiones que realiz\u00f3 este brit\u00e1nico fue al Soto de Roma, del que dice: \u201ctodo ingl\u00e9s, cualesquiera que sean su<span class=\"text_exposed_show\">s prop\u00f3sitos, debe visitar primero el Soto de Roma, aunque no tenga gran inter\u00e9s intr\u00ednseco fuera del que \u00e9l proyecta el Gran Capit\u00e1n de Inglaterra\u201d.<\/span><\/p>\n<div class=\"text_exposed_show\">\n<p>De esta propiedad dice que se encuentra limitada en su parte occidental por Sierra Elvira, que se eleva sobre un trono de piedra sobre la alfombrada vega, en calidad de guarda o centinela avanzado. Esta colina encierra una triste tradici\u00f3n medieval en la Historia de Espa\u00f1a, por la derrota de los infantes Don Pedro y Don Juan, que hab\u00edan avanzado contra los moros, con tropas tan numerosas que cubr\u00edan la tierra. Despu\u00e9s de mucha vanidosa presunci\u00f3n se retiraron, siendo perseguidos el 26 de junio de 1319 por unos 5.000 jinetes \u00e1rabes, que les causaron una total derrota. Se cuentan unos 50.000 cristianos muertos, juntamente con los Infantes. El cuerpo de Don Pedro fue desollado, y su piel rellena se colg\u00f3 sobre la Puerta de Elvira. Tambi\u00e9n murieron muchos pr\u00edncipes extranjeros como el Lord Ilkerinteterrah o Inglaterra, que tomaban parte, de igual modo que Lord Macduff fue herido despu\u00e9s, en empresa semejante cerca de Oca\u00f1a. Este desastre se veng\u00f3 sobradamente a los veinti\u00fan a\u00f1os, por Alfonso XI en Tarifa y de nuevo por Juan II, o m\u00e1s bien \u00c1lvaro de Luna, que en este mismo lugar granadino derrot\u00f3 a los moros en junio de 1431. A esta \u00faltima batalla se la llama, generalmente, de la Higueruela, por la peque\u00f1a higuera bajo la cual vivaque\u00f3 el Rey, o seg\u00fan otros, por los sobornos, encerrados en higos, con que Don \u00c1lvaro corrompi\u00f3 a los capitanes \u00e1rabes. De este encuentro hay una curiosa pintura, en claroscuro, sobre una de las paredes de El Escorial.<\/p>\n<p>Para ilustrar la Gacetilla de hoy, hemos elegido el dibujo titulado \u201cVista panor\u00e1mica desde la Alhambra\u201d, el cual est\u00e1 realizado desde las habitaciones que Ford ocup\u00f3 en la casa del Gobernador de la Alhambra. Se compone de cinco fragmentos, de los que reproducimos el tercero y cuarto. El tercero no lleva pie, y sobre los lugares respectivos aparecen los nombres de Soto de Roma, Parapanda, Pinos Puente, Atarfe, San Miguel el Bajo, Sierra Elvira y Monjas de Santa Isabel Real. El siguiente dibujo se titula \u201cEl Albaic\u00edn\u201d.<\/p>\n<p>Curiosidades elvirenses.<\/p>\n<p><a href=\"https:\/\/i0.wp.com\/miradordeatarfe.es\/wp-content\/uploads\/2015\/09\/11999805_888760594543290_3771301662816723402_o.jpg?ssl=1\"><img data-recalc-dims=\"1\" loading=\"lazy\" decoding=\"async\" class=\"alignnone size-full wp-image-3553\" src=\"https:\/\/i0.wp.com\/miradordeatarfe.es\/wp-content\/uploads\/2015\/09\/11999805_888760594543290_3771301662816723402_o.jpg?resize=640%2C213&#038;ssl=1\" alt=\"11999805_888760594543290_3771301662816723402_o\" width=\"640\" height=\"213\" srcset=\"https:\/\/i0.wp.com\/miradordeatarfe.es\/wp-content\/uploads\/2015\/09\/11999805_888760594543290_3771301662816723402_o.jpg?w=2048&amp;ssl=1 2048w, https:\/\/i0.wp.com\/miradordeatarfe.es\/wp-content\/uploads\/2015\/09\/11999805_888760594543290_3771301662816723402_o.jpg?resize=300%2C100&amp;ssl=1 300w, https:\/\/i0.wp.com\/miradordeatarfe.es\/wp-content\/uploads\/2015\/09\/11999805_888760594543290_3771301662816723402_o.jpg?resize=1024%2C342&amp;ssl=1 1024w, https:\/\/i0.wp.com\/miradordeatarfe.es\/wp-content\/uploads\/2015\/09\/11999805_888760594543290_3771301662816723402_o.jpg?resize=600%2C200&amp;ssl=1 600w, https:\/\/i0.wp.com\/miradordeatarfe.es\/wp-content\/uploads\/2015\/09\/11999805_888760594543290_3771301662816723402_o.jpg?w=1280&amp;ssl=1 1280w, https:\/\/i0.wp.com\/miradordeatarfe.es\/wp-content\/uploads\/2015\/09\/11999805_888760594543290_3771301662816723402_o.jpg?w=1920&amp;ssl=1 1920w\" sizes=\"auto, (max-width: 640px) 100vw, 640px\" \/><\/a><\/p>\n<p>publicado en : <a href=\"https:\/\/www.facebook.com\/Gacetilla-y-curiosidades-elvirenses-732817910137560\/timeline\/\">https:\/\/www.facebook.com\/Gacetilla-y-curiosidades-elvirenses-732817910137560\/timeline\/<\/a><\/p>\n<\/div>\n","protected":false},"excerpt":{"rendered":"<p>Ya en la Gacetilla del 18 de marzo nos acercamos a la figura del hispanista&#8230;<\/p>\n","protected":false},"author":1,"featured_media":3675,"comment_status":"closed","ping_status":"closed","sticky":false,"template":"","format":"standard","meta":{"_coblocks_attr":"","_coblocks_dimensions":"","_coblocks_responsive_height":"","_coblocks_accordion_ie_support":"","jetpack_post_was_ever_published":false,"_jetpack_newsletter_access":"","_jetpack_dont_email_post_to_subs":false,"_jetpack_newsletter_tier_id":0,"_jetpack_memberships_contains_paywalled_content":false,"_jetpack_memberships_contains_paid_content":false,"footnotes":"","jetpack_publicize_message":"","jetpack_publicize_feature_enabled":true,"jetpack_social_post_already_shared":false,"jetpack_social_options":{"image_generator_settings":{"template":"highway","default_image_id":0,"enabled":false},"version":2}},"categories":[2,1225,38,15],"tags":[81,1310,1125],"class_list":["post-3552","post","type-post","status-publish","format-standard","has-post-thumbnail","hentry","category-atarfe","category-ha-de-atarfe","category-opinion-de-jose-enrique-granados","category-ultimas-noticias","tag-atarfe","tag-el-soto-de-roma","tag-historia"],"jetpack_publicize_connections":[],"jetpack_featured_media_url":"https:\/\/i0.wp.com\/miradordeatarfe.es\/wp-content\/uploads\/2015\/09\/soto.jpg?fit=2048%2C683&ssl=1","jetpack_likes_enabled":true,"jetpack_sharing_enabled":true,"_links":{"self":[{"href":"https:\/\/miradordeatarfe.es\/index.php?rest_route=\/wp\/v2\/posts\/3552","targetHints":{"allow":["GET"]}}],"collection":[{"href":"https:\/\/miradordeatarfe.es\/index.php?rest_route=\/wp\/v2\/posts"}],"about":[{"href":"https:\/\/miradordeatarfe.es\/index.php?rest_route=\/wp\/v2\/types\/post"}],"author":[{"embeddable":true,"href":"https:\/\/miradordeatarfe.es\/index.php?rest_route=\/wp\/v2\/users\/1"}],"replies":[{"embeddable":true,"href":"https:\/\/miradordeatarfe.es\/index.php?rest_route=%2Fwp%2Fv2%2Fcomments&post=3552"}],"version-history":[{"count":1,"href":"https:\/\/miradordeatarfe.es\/index.php?rest_route=\/wp\/v2\/posts\/3552\/revisions"}],"predecessor-version":[{"id":3554,"href":"https:\/\/miradordeatarfe.es\/index.php?rest_route=\/wp\/v2\/posts\/3552\/revisions\/3554"}],"wp:featuredmedia":[{"embeddable":true,"href":"https:\/\/miradordeatarfe.es\/index.php?rest_route=\/wp\/v2\/media\/3675"}],"wp:attachment":[{"href":"https:\/\/miradordeatarfe.es\/index.php?rest_route=%2Fwp%2Fv2%2Fmedia&parent=3552"}],"wp:term":[{"taxonomy":"category","embeddable":true,"href":"https:\/\/miradordeatarfe.es\/index.php?rest_route=%2Fwp%2Fv2%2Fcategories&post=3552"},{"taxonomy":"post_tag","embeddable":true,"href":"https:\/\/miradordeatarfe.es\/index.php?rest_route=%2Fwp%2Fv2%2Ftags&post=3552"}],"curies":[{"name":"wp","href":"https:\/\/api.w.org\/{rel}","templated":true}]}}