{"id":35571,"date":"2019-12-01T11:00:57","date_gmt":"2019-12-01T10:00:57","guid":{"rendered":"http:\/\/miradordeatarfe.es\/?p=35571"},"modified":"2019-12-01T10:06:10","modified_gmt":"2019-12-01T09:06:10","slug":"y-ahora-va-y-se-enrarece-la-atmosfera-por-juan-alfredo-bellon","status":"publish","type":"post","link":"https:\/\/miradordeatarfe.es\/?p=35571","title":{"rendered":"Y AHORA VA Y SE ENRARECE LA ATM\u00d3SFERA por JUAN ALFREDO BELL\u00d3N"},"content":{"rendered":"\n<p><em><strong>Y AHORA VA Y SE ENRARECE LA ATM\u00d3SFERA<\/strong><\/em> <strong>por JUAN ALFREDO BELL\u00d3N<\/strong> <strong>para  EL MIRADOR DE ATARFE<\/strong> <strong>del\ndomingo 01-12-2019<\/strong><\/p>\n\n\n\n<p>Desde luego, digan lo que digan, no hay como una expectativa firme de trasvase electoral para que empiece a<em> piar <\/em>la derecha, aunque sea la m\u00e1s civilizada; y lo har\u00e1 siempre con sus mejores palabras pero con el amago de sus peores obras u omisiones. <\/p>\n\n\n\n<p>Que si esto o que si lo otro o que si aquello, entonces lo de m\u00e1s all\u00e1, el caso es que siempre hay algo que puntualizar, siempre, porque, sin que la cosa deba tomarse a amago o amenaza, el caso es  que la Patronal, o la Banca, o la Iglesia, cuando parece que van a llegar los otros, o sea los de nunca, siempre tienen algo que piar, con la mejor de las intenciones, como quien no quiere la cosa y en cumplimiento de la legalidad vigente y, sobre todo, del derecho que me asiste, para que no se me pueda decir luego, como a los otros, que hemos delinquido <em>in vigilandi <\/em> o <em>in durmiendi, <\/em>que todo nos puede pasar en estos tiempos de tanto trasiego y a cualquiera se le va el santo al cielo y luego no lo dejan disculparse.<\/p>\n\n\n\n<p>\tBueno,\npues el caso es que, si ten\u00e9is alguna posibilidad de subiros al\n<em>machito<\/em>,\nno sea que os lo vay\u00e1is a creer antes de tiempo (digo creer ante de\ntiempo que el burro es vuestro, antes de tener una escritura en regla\nque acredite vuestra propiedad del burro y adem\u00e1s que est\u00e9 inscrito\nen el Registro de la Propiedad correspondiente, me refiero). Y no se\nos olvide que, cuando la izquierda llega al Gobierno, que no al\npoder, que eso es otra cosa, lo hace despu\u00e9s de muchas penalidades y\nprovisionalidades en forma de meteduras de pata, por que es que no se\npuede, estos ni\u00f1os no se enteran por mucho que se diga y siempre\nacaban metiendo la pata porque es que no valen para esto y <em>el\nque vale vale y, si no, pa cura.<\/em><\/p>\n\n\n\n<p><em>\t<\/em>Porque\ndigo yo, un poner, \u00bfa qui\u00e9n se le ocurre anunciar a los cuatro\nvientos que van a subir los impuestos a las rentas altas y a los\nbancos con lo sensibles que son y lo poco que les gusta que se aireen\nunos grav\u00e1menes especiales a sus lindas personas? Si no lo hacen con\nmucho tiento, tendr\u00e1n que dar marcha atr\u00e1s y meterse los\npresupuestos, las leyes o los reales decretos por el mism\u00edsimo culo\n\u00bfo es que no saben lo que les ha pasado a otros que ten\u00edan encima a\nsu favor al Ej\u00e9rcito entero? Yo se lo digo siempre: si cre\u00e9is  que\nsois capaces de gobernar, adelante, pero sin chuler\u00edas, sin que\nparezca que lo hac\u00e9is por vuestra bella cara y sin que esper\u00e9is\nrecibir el reconocimiento de todos por haberlo conseguido, por guapos\ny por listos.<\/p>\n\n\n\n<p>\tY\nluego est\u00e1 el asunto de conocer las inmatriculaciones de bienes\nmuebles e inmuebles que figuran inscritas  a favor de la Sacrosanta\nIglesia Cat\u00f3lica no se olvide que en tiempos presidenciales del\nGobierno de Jos\u00e9 Mar\u00eda Aznar cuyo atrevimiento p\u00fablico y general\nse ve protegido ahora <em>ad\nsigilum <\/em>por\nel mism\u00edsimo Pro-Gobierno de la naci\u00f3n, no el que es sino el que\ntodav\u00eda <em>no es\n<\/em>pero\ncada vez m\u00e1s parece que ser\u00e1. Esta <em>virtualidad\n<\/em>es\nlo que cada d\u00eda caracteriza m\u00e1s al nuevo Gobierno todav\u00eda\nprovisional hasta el punto de ser llamado <em>Gobierno\nFantasma y no Frankestein,<\/em>\ny lo fortalece mientras que cada vez encabrona m\u00e1s a la derecha y a\nla Derechona por sentirse ambas jur\u00eddicamente burladas por el\nprocedimiento ling\u00fc\u00edstico del <em>ladeo,<\/em>\nque tambi\u00e9n se dice aunque no debe, \u201c<em>dalear\u201d\ny que forma parte del Grado Cero de la Escritura planteado por Roland\nBarthes para la escritura literaria, con esa perspectiva que s\u00f3lo se\ndivisa desde la Atalaya de Dios. Y no sigo por ah\u00ed porque s\u00e9 por\nd\u00f3nde empiezo pero no s\u00e9 ni sospecho a d\u00f3nde ir\u00e9 a parar e ignoro\nsus consecuencias jur\u00eddicas.<\/em><\/p>\n\n\n\n<p><em>\t<\/em>D\u00edganme\nustedes si no es que, con estas condiciones medioambientales, la\natm\u00f3sfera no est\u00e1 lo bastante enrarecida y enturbiada como para\nhacerse irrespirable y envenenar al conjunto de la poblaci\u00f3n,\ninclusivamente hablando, ellas y ellos.<\/p>\n\n\n\n<p>\tS\u00f3lo\ncabe esperar que este fin de semana se hayan terminado de aclarar las\ncompras pre-navide\u00f1as lo suficientemente como para hacer posible la\ncreaci\u00f3n de un nuevo Gobierno y que, al que Dios se lo haya dado san\n Pedro se lo haya bendito.<\/p>\n","protected":false},"excerpt":{"rendered":"<p>Y AHORA VA Y SE ENRARECE LA ATM\u00d3SFERA por JUAN ALFREDO BELL\u00d3N para EL MIRADOR&#8230;<\/p>\n","protected":false},"author":1,"featured_media":35572,"comment_status":"closed","ping_status":"closed","sticky":false,"template":"","format":"standard","meta":{"_coblocks_attr":"","_coblocks_dimensions":"","_coblocks_responsive_height":"","_coblocks_accordion_ie_support":"","jetpack_post_was_ever_published":false,"_jetpack_newsletter_access":"","_jetpack_dont_email_post_to_subs":false,"_jetpack_newsletter_tier_id":0,"_jetpack_memberships_contains_paywalled_content":false,"_jetpack_memberships_contains_paid_content":false,"footnotes":"","jetpack_publicize_message":"","jetpack_publicize_feature_enabled":true,"jetpack_social_post_already_shared":false,"jetpack_social_options":{"image_generator_settings":{"template":"highway","default_image_id":0,"enabled":false},"version":2}},"categories":[1161,186,36,44,15],"tags":[6703,725,845,815],"class_list":["post-35571","post","type-post","status-publish","format-standard","has-post-thumbnail","hentry","category-ciudadania","category-instituciones","category-opinion-de-juan-alfredo-bellon","category-noticias-de-hoy","category-ultimas-noticias","tag-derechona","tag-espana","tag-gobierno","tag-izquierda"],"jetpack_publicize_connections":[],"jetpack_featured_media_url":"https:\/\/i0.wp.com\/miradordeatarfe.es\/wp-content\/uploads\/2019\/11\/division-verdadera-izquierda-paga-su-peaje-l-7yeff71.jpeg?fit=337%2C248&ssl=1","jetpack_likes_enabled":true,"jetpack_sharing_enabled":true,"_links":{"self":[{"href":"https:\/\/miradordeatarfe.es\/index.php?rest_route=\/wp\/v2\/posts\/35571","targetHints":{"allow":["GET"]}}],"collection":[{"href":"https:\/\/miradordeatarfe.es\/index.php?rest_route=\/wp\/v2\/posts"}],"about":[{"href":"https:\/\/miradordeatarfe.es\/index.php?rest_route=\/wp\/v2\/types\/post"}],"author":[{"embeddable":true,"href":"https:\/\/miradordeatarfe.es\/index.php?rest_route=\/wp\/v2\/users\/1"}],"replies":[{"embeddable":true,"href":"https:\/\/miradordeatarfe.es\/index.php?rest_route=%2Fwp%2Fv2%2Fcomments&post=35571"}],"version-history":[{"count":1,"href":"https:\/\/miradordeatarfe.es\/index.php?rest_route=\/wp\/v2\/posts\/35571\/revisions"}],"predecessor-version":[{"id":35573,"href":"https:\/\/miradordeatarfe.es\/index.php?rest_route=\/wp\/v2\/posts\/35571\/revisions\/35573"}],"wp:featuredmedia":[{"embeddable":true,"href":"https:\/\/miradordeatarfe.es\/index.php?rest_route=\/wp\/v2\/media\/35572"}],"wp:attachment":[{"href":"https:\/\/miradordeatarfe.es\/index.php?rest_route=%2Fwp%2Fv2%2Fmedia&parent=35571"}],"wp:term":[{"taxonomy":"category","embeddable":true,"href":"https:\/\/miradordeatarfe.es\/index.php?rest_route=%2Fwp%2Fv2%2Fcategories&post=35571"},{"taxonomy":"post_tag","embeddable":true,"href":"https:\/\/miradordeatarfe.es\/index.php?rest_route=%2Fwp%2Fv2%2Ftags&post=35571"}],"curies":[{"name":"wp","href":"https:\/\/api.w.org\/{rel}","templated":true}]}}