{"id":3559,"date":"2015-09-25T06:51:07","date_gmt":"2015-09-25T06:51:07","guid":{"rendered":"http:\/\/miradordeatarfe.es\/?p=3559"},"modified":"2015-09-26T07:57:32","modified_gmt":"2015-09-26T07:57:32","slug":"cuando-empieza-el-otono-2015","status":"publish","type":"post","link":"https:\/\/miradordeatarfe.es\/?p=3559","title":{"rendered":"\u00bfCu\u00e1ndo empieza el oto\u00f1o 2015?"},"content":{"rendered":"<header>\n<p id=\"enter_paragraph\">Este a\u00f1o habr\u00e1 que retrasar los relojes a las 3 de la madrugada del 25 de octubre, recuperando el horario de invierno.<\/p>\n<\/header>\n<p style=\"text-align: justify;\"><!--more--><\/p>\n<div class=\"col-xs-12 col-sm-12 col-md-12 col-lg-12 container_body\" style=\"text-align: justify;\">\n<p>De acuerdo con los c\u00e1lculos del Instituto Geogr\u00e1fico Nacional, <strong>daremos la bienvenida al oto\u00f1o\u00a0a las 10:21 (hora peninsular) del pr\u00f3ximo mi\u00e9rcoles 23 de septiembre<\/strong>, al tiempo que comienza la primavera en el hemisferio sur. Durar\u00e1 exactamente 89 d\u00edas y 20 horas y llegar\u00e1 a su fin el 22 de diciembre, coincidiendo con la llegada del\u00a0invierno.Los expertos saben la fecha y hora exactas debido a que el inicio de cada estaci\u00f3n astron\u00f3mica viene dado por el instante en que la Tierra\u00a0pasa por una determinada posici\u00f3n de su \u00f3rbita alrededor del Sol. Seg\u00fan explican desde el Planetario de Madrid, en el caso del oto\u00f1o, la clave est\u00e1 en el momento en que el Sol\u00a0alcanza uno de los puntos en los que la ecl\u00edptica (camino aparente que el Sol dibuja en el cielo a lo largo de todo un a\u00f1o) corta al ecuador celeste, pasando nuestra estrella del hemisferio norte del cielo al hemisferio sur celeste. <strong>Ese punto recibe el nombre de equinoccio de oto\u00f1o o punto Libra.<\/strong><\/p>\n<p>Uno de los acontecimientos m\u00e1s caracter\u00edsticos de esta estaci\u00f3n es el cambio de horario, que <strong>tendr\u00e1 lugar en la madrugada entre el s\u00e1bado 24 y el domingo 25 de octubre (habr\u00e1 que retrasar los relojes a las 3 a.m.),<\/strong> ha se\u00f1alado C\u00e9sar Gonz\u00e1lez, del Planetario de Madrid. Esta fecha, a diferencia de la de la llegada de cada estaci\u00f3n, -que puede sufrir cambios de un a\u00f1o para otro-, es siempre la misma: el \u00faltimo fin de semana de octubre.<\/p>\n<p>Adem\u00e1s, si por algo destaca el oto\u00f1o\u00a0es por ser <strong>la \u00e9poca del a\u00f1o en que la longitud del d\u00eda se acorta m\u00e1s r\u00e1pido.<\/strong> La raz\u00f3n es que el Sol sale por las ma\u00f1anas m\u00e1s de un minuto m\u00e1s tarde que el d\u00eda anterior, y por la tarde su desaparici\u00f3n de nuestra vista se acorta cada d\u00eda dos minutos.<\/p>\n<p><strong>Eclipse total de Luna el 28 de septiembre<\/strong><\/p>\n<p>Y qu\u00e9 mejor forma de dar la bienvenida al oto\u00f1o que disfrutando de un eclipse total de Luna, \u00a1que podremos ver desde Espa\u00f1a! Eso s\u00ed, siempre que las condiciones climatol\u00f3gicas lo permitan. <strong>Tendr\u00e1 lugar la madrugada del lunes 28 de septiembre de 2:30 a 6:30 horas.<\/strong> Un eclipse de\u00a0Luna, en concreto, consiste en un oscurecimiento de la Luna vista desde la Tierra, y ocurre cuando nuestro sat\u00e9lite entra dentro del cono de sombra que nuestro planeta\u00a0proyecta en el espacio.<\/p>\n<p>Expertos del Planetario explican c\u00f3mo se ver\u00e1 desde la capital. \u201cEn el instante en que quede totalmente cubierta no dejaremos de verla: <strong>adquirir\u00e1 un tono rojizo, consecuencia de los pocos rayos solares que a\u00fan le llegan (rayos refractados en la atm\u00f3sfera terrestre)\u201d<\/strong>, indican. El hecho de que se oscurezca m\u00e1s o menos, y el tono rojizo (u ocre, o anaranjado) que adquiera, depender\u00e1 de la cantidad y calidad del polvo en suspensi\u00f3n que exista esa noche en la atm\u00f3sfera terrestre\u00a0(normalmente de origen volc\u00e1nico).<\/p>\n<p><strong>Adem\u00e1s, ese d\u00eda se registrar\u00e1 la primera luna llena del oto\u00f1o<\/strong>. Para las siguientes tendremos que esperar m\u00e1s, ya que las presenciaremos el 27 de octubre y el 25 de noviembre.<\/p>\n<\/div>\n<p style=\"text-align: justify;\">PUBLICADO EN :<a href=\"http:\/\/www.muyinteresante.es\/ciencia\/preguntas-respuestas\/cuando-empieza-el-otono-2015-761442915443\"> http:\/\/www.muyinteresante.es\/ciencia\/preguntas-respuestas\/cuando-empieza-el-otono-2015-761442915443<\/a><\/p>\n<div class=\"col-xs-12 col-sm-12 col-md-12 col-lg-12 container_body\"><\/div>\n","protected":false},"excerpt":{"rendered":"<p>Este a\u00f1o habr\u00e1 que retrasar los relojes a las 3 de la madrugada del 25&#8230;<\/p>\n","protected":false},"author":1,"featured_media":3561,"comment_status":"closed","ping_status":"closed","sticky":false,"template":"","format":"standard","meta":{"_coblocks_attr":"","_coblocks_dimensions":"","_coblocks_responsive_height":"","_coblocks_accordion_ie_support":"","jetpack_post_was_ever_published":false,"_jetpack_newsletter_access":"","_jetpack_dont_email_post_to_subs":false,"_jetpack_newsletter_tier_id":0,"_jetpack_memberships_contains_paywalled_content":false,"_jetpack_memberships_contains_paid_content":false,"footnotes":"","jetpack_publicize_message":"","jetpack_publicize_feature_enabled":true,"jetpack_social_post_already_shared":false,"jetpack_social_options":{"image_generator_settings":{"template":"highway","default_image_id":0,"enabled":false},"version":2}},"categories":[9,15],"tags":[1276,1275,1277],"class_list":["post-3559","post","type-post","status-publish","format-standard","has-post-thumbnail","hentry","category-medio-ambiente","category-ultimas-noticias","tag-eclipse","tag-otono","tag-relojes"],"jetpack_publicize_connections":[],"jetpack_featured_media_url":"https:\/\/i0.wp.com\/miradordeatarfe.es\/wp-content\/uploads\/2015\/09\/estacion_0.jpg?fit=400%2C300&ssl=1","jetpack_likes_enabled":true,"jetpack_sharing_enabled":true,"_links":{"self":[{"href":"https:\/\/miradordeatarfe.es\/index.php?rest_route=\/wp\/v2\/posts\/3559","targetHints":{"allow":["GET"]}}],"collection":[{"href":"https:\/\/miradordeatarfe.es\/index.php?rest_route=\/wp\/v2\/posts"}],"about":[{"href":"https:\/\/miradordeatarfe.es\/index.php?rest_route=\/wp\/v2\/types\/post"}],"author":[{"embeddable":true,"href":"https:\/\/miradordeatarfe.es\/index.php?rest_route=\/wp\/v2\/users\/1"}],"replies":[{"embeddable":true,"href":"https:\/\/miradordeatarfe.es\/index.php?rest_route=%2Fwp%2Fv2%2Fcomments&post=3559"}],"version-history":[{"count":2,"href":"https:\/\/miradordeatarfe.es\/index.php?rest_route=\/wp\/v2\/posts\/3559\/revisions"}],"predecessor-version":[{"id":3562,"href":"https:\/\/miradordeatarfe.es\/index.php?rest_route=\/wp\/v2\/posts\/3559\/revisions\/3562"}],"wp:featuredmedia":[{"embeddable":true,"href":"https:\/\/miradordeatarfe.es\/index.php?rest_route=\/wp\/v2\/media\/3561"}],"wp:attachment":[{"href":"https:\/\/miradordeatarfe.es\/index.php?rest_route=%2Fwp%2Fv2%2Fmedia&parent=3559"}],"wp:term":[{"taxonomy":"category","embeddable":true,"href":"https:\/\/miradordeatarfe.es\/index.php?rest_route=%2Fwp%2Fv2%2Fcategories&post=3559"},{"taxonomy":"post_tag","embeddable":true,"href":"https:\/\/miradordeatarfe.es\/index.php?rest_route=%2Fwp%2Fv2%2Ftags&post=3559"}],"curies":[{"name":"wp","href":"https:\/\/api.w.org\/{rel}","templated":true}]}}