{"id":3568,"date":"2015-10-22T08:25:26","date_gmt":"2015-10-22T08:25:26","guid":{"rendered":"http:\/\/miradordeatarfe.es\/?p=3568"},"modified":"2015-10-23T07:49:39","modified_gmt":"2015-10-23T07:49:39","slug":"la-plaza-de-salvador-allendepor-jose-enrique-granados","status":"publish","type":"post","link":"https:\/\/miradordeatarfe.es\/?p=3568","title":{"rendered":"\u00abLA PLAZA DE SALVADOR ALLENDE\u00bbpor Jos\u00e9 Enrique Granados"},"content":{"rendered":"<p>Parece ser que el 11 de septiembre es una fecha a recordar en el calendario por muchas razones: Diada de Catalunya, aniversario del atentado contra las Torres Gemelas en Nueva York o la noticia que nos ata\u00f1e, el aniversario del golpe de estado en Chile contra Salvador Allende.<!--more--><\/p>\n<p>En nuestro callejero, tenemos una plaza con el nombre del presidente chileno, inaugurada en 1992. Al acto asisti\u00f3 Clodomiro Almeida, ministro de Asuntos Exteriores en el gobierno chileno de Allende. \u201cCo<span class=\"text_exposed_show\">locado en un trance hist\u00f3rico, pagar\u00e9 con mi vida la lealtad del pueblo\u201d, esta frase del presidente chileno, remata el monumento que dentro del parque, dedicado a esta figura latinoamericana fue construido por los alumnos de la Escuela Taller Sierra Elvira. En el especial de las fiestas de IDEAL de dicho a\u00f1o, se recog\u00eda la siguiente noticia: La plaza presenta un per\u00edmetro rectangular, estando rodeada de jardines, los cuales est\u00e1n atravesadas por senderos cubiertos de albero. En uno de los lados de los jardines se ha levantado un peque\u00f1o pilar. Todo el reciento central de la plaza est\u00e1 soldado con ferrogr\u00e1s y piedra de Sierra Elvira, destacando en el centro el monumento a tan egregia figura que tiene unas dimensiones de 8 por 5 metros. El monumento consta de una fuente con 42 ca\u00f1os de agua, por un lado est\u00e1 la paloma de la paz y por el otro un libro, con dicho pasaje de Allende en la p\u00e1gina derecha y en la izquierda se puede leer, \u00abAl presidente de Chile Salvador Allende por la libertad. Atarfe 1992\u00bb. <\/span><\/p>\n<div class=\"text_exposed_show\">\n<p>Recordemos la efem\u00e9rides con este poema:<\/p>\n<p>Chile sigue golpeando las cacerolas\/porque su ruido trae libertad\/Chile sigue en la calle\/porque alg\u00fan d\u00eda no lejano\/tendr\u00e1s la democracia\/<\/p>\n<p>Y el pueblo andaluz se alegrar\u00e1\/porque Chile tiene ya\/ la ansiada libertad.<\/p>\n<p>Las alamedas se han abierto\/trag\u00e1ndose a Pinochet\/el viejo sapo ha muerto\/ el pueblo vuelve al poder.<\/p>\n<p>Y Neruda con vosotros\/al frente, ense\u00f1ando estar\u00e1\/a tus hijos, Chile, para que\/no vuelva a repetirse la represi\u00f3n\/ las cadenas, la muerte\/para que el pueblo contin\u00fae\/ en paz y con libertad\/ Chile, Chile, vencer\u00e1s.<\/p>\n<p><a href=\"https:\/\/i0.wp.com\/miradordeatarfe.es\/wp-content\/uploads\/2015\/09\/11930818_885626378190045_692610414167588461_o.jpg?ssl=1\"><img data-recalc-dims=\"1\" loading=\"lazy\" decoding=\"async\" class=\"alignnone  wp-image-3569\" src=\"https:\/\/i0.wp.com\/miradordeatarfe.es\/wp-content\/uploads\/2015\/09\/11930818_885626378190045_692610414167588461_o.jpg?resize=640%2C438&#038;ssl=1\" alt=\"11930818_885626378190045_692610414167588461_o\" width=\"640\" height=\"438\" srcset=\"https:\/\/i0.wp.com\/miradordeatarfe.es\/wp-content\/uploads\/2015\/09\/11930818_885626378190045_692610414167588461_o.jpg?w=1405&amp;ssl=1 1405w, https:\/\/i0.wp.com\/miradordeatarfe.es\/wp-content\/uploads\/2015\/09\/11930818_885626378190045_692610414167588461_o.jpg?resize=300%2C205&amp;ssl=1 300w, https:\/\/i0.wp.com\/miradordeatarfe.es\/wp-content\/uploads\/2015\/09\/11930818_885626378190045_692610414167588461_o.jpg?resize=1024%2C700&amp;ssl=1 1024w, https:\/\/i0.wp.com\/miradordeatarfe.es\/wp-content\/uploads\/2015\/09\/11930818_885626378190045_692610414167588461_o.jpg?resize=600%2C410&amp;ssl=1 600w, https:\/\/i0.wp.com\/miradordeatarfe.es\/wp-content\/uploads\/2015\/09\/11930818_885626378190045_692610414167588461_o.jpg?w=1280&amp;ssl=1 1280w\" sizes=\"auto, (max-width: 640px) 100vw, 640px\" \/><\/a><\/p>\n<p>Imagen de la inauguraci\u00f3n de dicha plaza.<\/p>\n<p>PUBLICADO EN : <a href=\"https:\/\/www.facebook.com\/Gacetilla-y-curiosidades-elvirenses-732817910137560\/timeline\/\">https:\/\/www.facebook.com\/Gacetilla-y-curiosidades-elvirenses-732817910137560\/timeline\/<\/a><\/p>\n<\/div>\n","protected":false},"excerpt":{"rendered":"<p>Parece ser que el 11 de septiembre es una fecha a recordar en el calendario&#8230;<\/p>\n","protected":false},"author":1,"featured_media":3570,"comment_status":"closed","ping_status":"closed","sticky":false,"template":"","format":"standard","meta":{"_coblocks_attr":"","_coblocks_dimensions":"","_coblocks_responsive_height":"","_coblocks_accordion_ie_support":"","jetpack_post_was_ever_published":false,"_jetpack_newsletter_access":"","_jetpack_dont_email_post_to_subs":false,"_jetpack_newsletter_tier_id":0,"_jetpack_memberships_contains_paywalled_content":false,"_jetpack_memberships_contains_paid_content":false,"footnotes":"","jetpack_publicize_message":"","jetpack_publicize_feature_enabled":true,"jetpack_social_post_already_shared":false,"jetpack_social_options":{"image_generator_settings":{"template":"highway","default_image_id":0,"enabled":false},"version":2}},"categories":[2,1225,38,15],"tags":[1286,1284,1285],"class_list":["post-3568","post","type-post","status-publish","format-standard","has-post-thumbnail","hentry","category-atarfe","category-ha-de-atarfe","category-opinion-de-jose-enrique-granados","category-ultimas-noticias","tag-11-de-septiembre","tag-plaza","tag-salvador-allende"],"jetpack_publicize_connections":[],"jetpack_featured_media_url":"https:\/\/i0.wp.com\/miradordeatarfe.es\/wp-content\/uploads\/2015\/09\/IMG_20150923_110938.jpg?fit=960%2C540&ssl=1","jetpack_likes_enabled":true,"jetpack_sharing_enabled":true,"_links":{"self":[{"href":"https:\/\/miradordeatarfe.es\/index.php?rest_route=\/wp\/v2\/posts\/3568","targetHints":{"allow":["GET"]}}],"collection":[{"href":"https:\/\/miradordeatarfe.es\/index.php?rest_route=\/wp\/v2\/posts"}],"about":[{"href":"https:\/\/miradordeatarfe.es\/index.php?rest_route=\/wp\/v2\/types\/post"}],"author":[{"embeddable":true,"href":"https:\/\/miradordeatarfe.es\/index.php?rest_route=\/wp\/v2\/users\/1"}],"replies":[{"embeddable":true,"href":"https:\/\/miradordeatarfe.es\/index.php?rest_route=%2Fwp%2Fv2%2Fcomments&post=3568"}],"version-history":[{"count":1,"href":"https:\/\/miradordeatarfe.es\/index.php?rest_route=\/wp\/v2\/posts\/3568\/revisions"}],"predecessor-version":[{"id":3571,"href":"https:\/\/miradordeatarfe.es\/index.php?rest_route=\/wp\/v2\/posts\/3568\/revisions\/3571"}],"wp:featuredmedia":[{"embeddable":true,"href":"https:\/\/miradordeatarfe.es\/index.php?rest_route=\/wp\/v2\/media\/3570"}],"wp:attachment":[{"href":"https:\/\/miradordeatarfe.es\/index.php?rest_route=%2Fwp%2Fv2%2Fmedia&parent=3568"}],"wp:term":[{"taxonomy":"category","embeddable":true,"href":"https:\/\/miradordeatarfe.es\/index.php?rest_route=%2Fwp%2Fv2%2Fcategories&post=3568"},{"taxonomy":"post_tag","embeddable":true,"href":"https:\/\/miradordeatarfe.es\/index.php?rest_route=%2Fwp%2Fv2%2Ftags&post=3568"}],"curies":[{"name":"wp","href":"https:\/\/api.w.org\/{rel}","templated":true}]}}