{"id":35680,"date":"2019-12-04T11:25:31","date_gmt":"2019-12-04T10:25:31","guid":{"rendered":"http:\/\/miradordeatarfe.es\/?p=35680"},"modified":"2020-06-26T12:30:25","modified_gmt":"2020-06-26T10:30:25","slug":"black-friday-green-saturday-gold-sunday","status":"publish","type":"post","link":"https:\/\/miradordeatarfe.es\/?p=35680","title":{"rendered":"\u00abBLACK FRIDAY, GREEN SATURDAY, GOLD SUNDAY.\u00bb por Manuel Jim\u00e9nez"},"content":{"rendered":"\n<h4 class=\"wp-block-heading\"> Este viernes mucha gente se afanaba por encontrar la superganga en el nuevo d\u00eda de  las ofertas importado, como otras muchas tradiciones, de los Estados Unidos de Am\u00e9rica del Norte en lo que se conoce como \u201cblack Friday\u201d, viernes negro. <\/h4>\n\n\n\n<p>En cuanto  al origen del t\u00e9rmino hay diversas teor\u00edas, para unos al coincidir con el d\u00eda despu\u00e9s del  de Acci\u00f3n de Gracias (que se celebra el cuarto jueves de noviembre) en el que  muchas personas se trasladan por todo el pa\u00eds para visitar a sus familias de origen, se  produc\u00eda una gran densidad de tr\u00e1fico que l\u00f3gicamente repercut\u00eda en el trabajo de los polic\u00edas encargados de su regulaci\u00f3n, de ah\u00ed que le denominaran viernes negro.<\/p>\n\n\n\n<p> Para  otros, lo de negro viene de que debido al aumento de las ventas que se produc\u00eda este d\u00eda los comerciantes pasaban del rojo de sus contabilidades al negro (saldo positivo).<\/p>\n\n\n\n<p> Pues si como dec\u00edamos el viernes predomin\u00f3 el color negro, el s\u00e1bado fue el verde el que se impuso pero no s\u00f3lo por el buen d\u00eda que nos hizo y que invitaba a salir a  pasear al campo y disfrutar de los veinte grados de temperatura y del verde del paisaje  sino por la cantidad de camisetas verdes del Club Atletismo Ciudad Atarfe que se vieron entre los puestos delanteros de las diferentes categor\u00edas que tomaron parte en<br> la segunda etapa del Circuito Provincial de Cross que tuvo su sede en el valle de Lecr\u00edn, junto al pantano de B\u00e9znar.<\/p>\n\n\n\n<p> En la prueba senior el nivel fue alt\u00edsimo con el internacional marroqu\u00ed Mohamed Blal ocupando la primera posici\u00f3n secundado por un veterano que aun corre a primer nivel, Modesto Alvarez y con Ces\u00e1reo Ceballos, ganador el a\u00f1o pasado en nuestra nocturna, tercero. A continuaci\u00f3n se clasific\u00f3 nuestro Jos\u00e9 Antonio Justicia Ruiz que lleva una magn\u00edfica temporada de cross imponi\u00e9ndose a atletas de contrastada experiencia.<\/p>\n\n\n\n<p> Podiums en las diferentes categor\u00edas consiguieron para el Atletismo Ciudad Atarfe Alejandra Rivera (segunda en Infantil), Jes\u00fas Zamora Tortosa (3\u00ba en juvenil), Virginia L\u00f3pez Garc\u00eda (3\u00aa en Veteranos A).<\/p>\n\n\n\n<p> Destacar tambi\u00e9n las actuaciones de \u00c1ngel Torres  Villalba 5\u00ba en cadete, \u00c1lvaro Hern\u00e1ndez 8\u00ba en alev\u00edn, Carmen Salas 8\u00aa en benjam\u00edn,  Elisabeth Lafuente 9\u00aa en Veteranos A, Elena Lucena 9\u00aa en infantil.<\/p>\n\n\n\n<p> En Veteranos A, Sergio Huertas del Triatarfe fue 8\u00ba y por parte del Ciudad Atarfe  corrieron Antonio Romero 16 mientras en Veteranos B Carlos Lucena se clasifica 13 y el presidente del club Antonio L\u00f3pez Madero, dando ejemplo, el 19.<\/p>\n\n\n\n<p> Para el domingo dejamos el color oro pues de un lado Manuel Jim\u00e9nez L\u00f3pez del  Nerja formado en la escuela del Ciudad Atarfe y Beatriz Escribano Moya del Monta\u00f1a se adjudicaron la 8\u00aa edici\u00f3n de la Carrera Solidaria de Albolote en una prueba con casi 400 corredores. Manuel complet\u00f3 los 3 kil\u00f3metros del trazado albolote\u00f1o en 9.16 a ritmo de 3.05 y Beatriz en 11.48 a ritmo de 3.56. Por su parte Patricia Ure\u00f1a del<br> Triatarfe fue segunda de la general. <\/p>\n\n\n\n<p>En infantiles se impuso Curro Avil\u00e9s y en Benjamines Alejandro Bol\u00edvar fue primero y Alejandro Salas segundo, todos ellos del Ciudad Atarfe.<\/p>\n\n\n\n<p> De otro lado, tambi\u00e9n tuvimos presencia de color dorado en la Marat\u00f3n de Valencia disputada este domingo. Esta prueba ostenta el distintivo \u201cGold Label\u201d de la IAAF desde 2016 que la prestigia como una de las m\u00e1s importantes del mundo.<\/p>\n\n\n\n<p> Junto con la prueba de marat\u00f3n se disputa un 10K donde el ugand\u00e9s Joshua<br> Cheptegei (actual campe\u00f3n del mundo de Cross) ha logrado una nueva mejor marca mundial en la distancia con un crono de 26.38 batiendo el anterior de Komon que consiguiera 26.44 en 2010. En el Marat\u00f3n aluvi\u00f3n de grandes marcas con sendos records de la prueba para los et\u00edopes Alayew con 2h.03.51 (16\u00ba marca de todos los  tiempos) y para Dejere con 2h.18.30.<\/p>\n\n\n\n<p> Tambi\u00e9n se bati\u00f3 el record de europa masculino por el nacionalizado turco Ozbilen (2h.04.16) que borra de las listas el crono de Mo Farah. Por parte de los espa\u00f1oles grandes marcas y varias m\u00ednimas para Tokio siendo Camilo Santiago el mejor entre los corredores nacionales con 2h.10.04 y Elena Loyo la mejor chica con 2h.30.57 algo lejos de la m\u00ednima ol\u00edmpica. En definitiva un marat\u00f3n de primer nivel que de hecho es el sexto mejor marat\u00f3n de la historia por la calidad de las marcas conseguidas por los primeros clasificados.<\/p>\n\n\n\n<p> En este evento tambi\u00e9n tuvimos representaci\u00f3n local y eso que en esta m\u00edtica distancia hac\u00eda tiempo que no cont\u00e1bamos con un atleta atarfe\u00f1o de nivel y ahora lo hemos encontrado en V\u00edctor Almohano Gonz\u00e1lez del Triatarfe que ha conseguido un magn\u00edfico tiempo de 2h46.27 a un ritmo de 3.57 el kil\u00f3metro. La carrera de V\u00edctor ha seguido un prodigio de regularidad pues si bien sali\u00f3 con precauci\u00f3n pasando el 5K<br> por encima de 20 minutos a partir de ah\u00ed todos los parciales los ha ido completando a un ritmo inferior a los 4 min\/km pasando la media marat\u00f3n en 1h23.44 y corriendo la segunda mitad en positivo (1h.22.43) hasta rebajar el parcial en m\u00e1s de un minuto.<\/p>\n\n\n\n<p><br> Viendo la actuaci\u00f3n de V\u00edctor nos viene a la memoria la figura de nuestro malogrado y querido Manuel Gordo atleta que fue pionero en Atarfe y que corriera muchos maratones incluido el de Nueva York donde consiguiera una marca similar a la hoy conseguida por Almohano.<\/p>\n\n\n\n<figure class=\"wp-block-image\"><img data-recalc-dims=\"1\" loading=\"lazy\" decoding=\"async\" width=\"640\" height=\"426\" src=\"https:\/\/i0.wp.com\/miradordeatarfe.es\/wp-content\/uploads\/2019\/12\/Rebeca-campeona-Solidaria-Albolote-2019.jpg?resize=640%2C426&#038;ssl=1\" alt=\"\" class=\"wp-image-35684\" srcset=\"https:\/\/i0.wp.com\/miradordeatarfe.es\/wp-content\/uploads\/2019\/12\/Rebeca-campeona-Solidaria-Albolote-2019.jpg?resize=1024%2C682&amp;ssl=1 1024w, https:\/\/i0.wp.com\/miradordeatarfe.es\/wp-content\/uploads\/2019\/12\/Rebeca-campeona-Solidaria-Albolote-2019.jpg?resize=300%2C200&amp;ssl=1 300w, https:\/\/i0.wp.com\/miradordeatarfe.es\/wp-content\/uploads\/2019\/12\/Rebeca-campeona-Solidaria-Albolote-2019.jpg?resize=768%2C512&amp;ssl=1 768w, https:\/\/i0.wp.com\/miradordeatarfe.es\/wp-content\/uploads\/2019\/12\/Rebeca-campeona-Solidaria-Albolote-2019.jpg?resize=600%2C400&amp;ssl=1 600w, https:\/\/i0.wp.com\/miradordeatarfe.es\/wp-content\/uploads\/2019\/12\/Rebeca-campeona-Solidaria-Albolote-2019.jpg?w=1100&amp;ssl=1 1100w\" sizes=\"auto, (max-width: 640px) 100vw, 640px\" \/><\/figure>\n","protected":false},"excerpt":{"rendered":"<p>Este viernes mucha gente se afanaba por encontrar la superganga en el nuevo d\u00eda de&#8230;<\/p>\n","protected":false},"author":1,"featured_media":35683,"comment_status":"closed","ping_status":"closed","sticky":false,"template":"","format":"standard","meta":{"_coblocks_attr":"","_coblocks_dimensions":"","_coblocks_responsive_height":"","_coblocks_accordion_ie_support":"","jetpack_post_was_ever_published":false,"_jetpack_newsletter_access":"","_jetpack_dont_email_post_to_subs":false,"_jetpack_newsletter_tier_id":0,"_jetpack_memberships_contains_paywalled_content":false,"_jetpack_memberships_contains_paid_content":false,"footnotes":"","jetpack_publicize_message":"","jetpack_publicize_feature_enabled":true,"jetpack_social_post_already_shared":false,"jetpack_social_options":{"image_generator_settings":{"template":"highway","default_image_id":0,"enabled":false},"version":2}},"categories":[2,182,186,6915,44,15],"tags":[81,85,123],"class_list":["post-35680","post","type-post","status-publish","format-standard","has-post-thumbnail","hentry","category-atarfe","category-deportes","category-instituciones","category-opinion-de-manuel-jimenez","category-noticias-de-hoy","category-ultimas-noticias","tag-atarfe","tag-atletismo","tag-deportes"],"jetpack_publicize_connections":[],"jetpack_featured_media_url":"https:\/\/i0.wp.com\/miradordeatarfe.es\/wp-content\/uploads\/2019\/12\/duatlon-cross-guadix.jpg?fit=1100%2C733&ssl=1","jetpack_likes_enabled":true,"jetpack_sharing_enabled":true,"_links":{"self":[{"href":"https:\/\/miradordeatarfe.es\/index.php?rest_route=\/wp\/v2\/posts\/35680","targetHints":{"allow":["GET"]}}],"collection":[{"href":"https:\/\/miradordeatarfe.es\/index.php?rest_route=\/wp\/v2\/posts"}],"about":[{"href":"https:\/\/miradordeatarfe.es\/index.php?rest_route=\/wp\/v2\/types\/post"}],"author":[{"embeddable":true,"href":"https:\/\/miradordeatarfe.es\/index.php?rest_route=\/wp\/v2\/users\/1"}],"replies":[{"embeddable":true,"href":"https:\/\/miradordeatarfe.es\/index.php?rest_route=%2Fwp%2Fv2%2Fcomments&post=35680"}],"version-history":[{"count":2,"href":"https:\/\/miradordeatarfe.es\/index.php?rest_route=\/wp\/v2\/posts\/35680\/revisions"}],"predecessor-version":[{"id":35685,"href":"https:\/\/miradordeatarfe.es\/index.php?rest_route=\/wp\/v2\/posts\/35680\/revisions\/35685"}],"wp:featuredmedia":[{"embeddable":true,"href":"https:\/\/miradordeatarfe.es\/index.php?rest_route=\/wp\/v2\/media\/35683"}],"wp:attachment":[{"href":"https:\/\/miradordeatarfe.es\/index.php?rest_route=%2Fwp%2Fv2%2Fmedia&parent=35680"}],"wp:term":[{"taxonomy":"category","embeddable":true,"href":"https:\/\/miradordeatarfe.es\/index.php?rest_route=%2Fwp%2Fv2%2Fcategories&post=35680"},{"taxonomy":"post_tag","embeddable":true,"href":"https:\/\/miradordeatarfe.es\/index.php?rest_route=%2Fwp%2Fv2%2Ftags&post=35680"}],"curies":[{"name":"wp","href":"https:\/\/api.w.org\/{rel}","templated":true}]}}