{"id":3572,"date":"2015-10-16T09:53:48","date_gmt":"2015-10-16T09:53:48","guid":{"rendered":"http:\/\/miradordeatarfe.es\/?p=3572"},"modified":"2015-10-18T09:41:58","modified_gmt":"2015-10-18T09:41:58","slug":"atarfe-en-papel-por-jose-enrique-granados","status":"publish","type":"post","link":"https:\/\/miradordeatarfe.es\/?p=3572","title":{"rendered":"\u00abATARFE EN PAPEL\u00bb por Jos\u00e9 Enrique Granados"},"content":{"rendered":"<div id=\"contentArea\">\n<div id=\"stream_pagelet\" data-referrer=\"stream_pagelet\">\n<div class=\"_5pcb\">\n<div id=\"u_0_n\" class=\"_4-u2 mbm _5jmm _5pat _5v3q _5uun _4-u8\" data-ft=\"{&quot;fbfeed_location&quot;:5}\">\n<div id=\"u_0_o\" class=\"_3ccb\" data-gt=\"{&quot;type&quot;:&quot;click2canvas&quot;,&quot;fbsource&quot;:703,&quot;ref&quot;:&quot;nf_generic&quot;}\">\n<div class=\"userContentWrapper _5pcr\">\n<div class=\"_1dwg\">\n<div id=\"js_3\" class=\"_5pbx userContent\" data-ft=\"{&quot;tn&quot;:&quot;K&quot;}\">\n<p style=\"text-align: justify;\">En la Gacetilla de hoy, recogemos el texto le\u00eddo por el gran escritor y periodista <strong>Andr\u00e9s C\u00e1rdenas<\/strong> en la presentaci\u00f3n del libro Atarfe en el papel, hace ya ocho a\u00f1os. Disfruten de la pluma de nuestro amigo.<\/p>\n<p style=\"text-align: justify;\"><!--more--><\/p>\n<p style=\"text-align: justify;\"><a href=\"https:\/\/i0.wp.com\/miradordeatarfe.es\/wp-content\/uploads\/2015\/09\/andres.jpg?ssl=1\"><img data-recalc-dims=\"1\" loading=\"lazy\" decoding=\"async\" class=\"alignnone size-full wp-image-3574\" src=\"https:\/\/i0.wp.com\/miradordeatarfe.es\/wp-content\/uploads\/2015\/09\/andres.jpg?resize=376%2C134&#038;ssl=1\" alt=\"andres\" width=\"376\" height=\"134\" srcset=\"https:\/\/i0.wp.com\/miradordeatarfe.es\/wp-content\/uploads\/2015\/09\/andres.jpg?w=376&amp;ssl=1 376w, https:\/\/i0.wp.com\/miradordeatarfe.es\/wp-content\/uploads\/2015\/09\/andres.jpg?resize=300%2C107&amp;ssl=1 300w\" sizes=\"auto, (max-width: 376px) 100vw, 376px\" \/><\/a><\/p>\n<p style=\"text-align: justify;\">Reunirse en una sala tan magn\u00edfica como esta para hablar de un libro, es uno de los placeres a los que me niego a renunciar. Con un libro en las manos, uno tiene en su poder un fragmento de vida, dispone a su antojo de esa vida, pertenece de veras al mundo y aprende a ser libre. Y al rev\u00e9s, el que no busca la ayuda generosa de un libro, ese limita sa\u00f1udamente su espacio de regocijo y emoci\u00f3n, se empobrece si remedio, se niega a s\u00ed mismo una hermosa y liberadora opci\u00f3n a ser m\u00e1s plenamente humano. Por eso cuando hace unos d\u00edas me propusieron estar en la presentaci\u00f3n del libro \u2018Atarfe en el papel\u2019 sent\u00ed la ilusi\u00f3n del padrino de un bautizo, que piensa que algo tendr\u00e1 que ver \u00e9l en el futuro del ni\u00f1o que ser\u00e1 bautizado.<\/p>\n<p style=\"text-align: justify;\">Antes que nada dir\u00e9 que este libro, a pesar de sus modestas pretensiones, aunque el volumen es de peso, es de los necesarios, de esos trabajos que siempre estar\u00e1n presentes cuando alguien est\u00e9 interesado por conocer cosas sobre Atarfe. Ver\u00e1n, lo dijo hace poco Jos\u00e9 Vicente Pascual en su ingreso en la Academia de las Buenas Letras de Granada, hoy la finalidad de los libros ha cambiado. Contar historias m\u00e1s o menos amenas, divertidas, intrigantes, cautivadoras, ya no es el objetivo fundamental de la literatura, mucho menos del g\u00e9nero novel\u00edstico; entre otros motivos porque la potencia medi\u00e1tica de la industria del entretenimiento nutre d\u00eda a d\u00eda, a todas horas, al p\u00fablico lector con centenares de argumentos ingeniosos y originales. La humilde literatura, los humildes libros, no pueden de ninguna manera competir con esta aniquiladora capacitad de fabulaci\u00f3n desatada por la corporaci\u00f3n multinacional del ocio, hoy liderada por Internet. Ni tan siquiera deber\u00edan intentarlo.<\/p>\n<p style=\"text-align: justify;\">Pero este libro que hoy presentamos nada tiene que ver con esa decadencia que se le augura a la literatura de papel. No es un libro de entretenimiento, no es un libro de f\u00e1bulas, no es un libro que pretenda entretener al lector. Es un libro de los que se har\u00e1n imprescindibles a la hora de analizar el presente y el futuro de Atarfe, sin duda uno de los pueblos que m\u00e1s sorprende cada vez que a \u00e9l se viene. Lo digo porque rara es la persona que encuentro y que ha pasado por aqu\u00ed y no me dice eso de: \u201c\u00bfHas visto como est\u00e1n dejando a Atarfe\u201d.<\/p>\n<p style=\"text-align: justify;\">A mi parecer, este libro que recoge todos los art\u00edculos publicados durante los \u00faltimos veinte a\u00f1os en esta localidad, tiene todo aquello que un buen libro recopilatorio y de consulta debe tener: abre el apetito de la curiosidad de aquel que lo tiene entre sus manos. Muchas veces, en las jornadas que se celebran sobre cualquier acontecimiento o sobre cualquier autor, las ponencias y actas se pierden en el espacio y en el tiempo porque nadie se ha preocupado por recogerlas. Tambi\u00e9n hay escritos en los peri\u00f3dicos que si no se recogen en un volumen como este, llegan a perderse en los legajos llenos de polvo o en las hemerotecas. Reunir los art\u00edculos period\u00edsticos en un volumen es algo que se hace ahora muy a menudo porque todo el mundo sabe de lo ef\u00edmero que llega a ser lo que se escribe en un peri\u00f3dico. Los periodistas estamos obligados a llevar en la mente ese aforismo que dice que no debemos olvidar que lo que escribimos hoy, ma\u00f1ana puede servir para liar pescado. Antes los diarios ten\u00edan muchas utilidades ajenas a su simple lectura, entre ellas el de servir de papel higi\u00e9nico mucho antes de que \u00e9ste existiera.<\/p>\n<p style=\"text-align: justify;\">Los peri\u00f3dicos, como digo, eran muchos m\u00e1s pr\u00e1cticos. Actualmente el peri\u00f3dico se termina de leer u hojear y va directamente a la basura. Tiene una vida muy breve, de un d\u00eda como m\u00e1ximo. En otros tiempos ten\u00eda m\u00e1s utilidades y, por lo tanto, su vida no era tan ef\u00edmera. Las noticias estaban all\u00ed hasta que alguien las consum\u00eda, aunque pasaran meses. Una mujer iba a la pescader\u00eda y le pod\u00edan liar una pescadilla con las p\u00e1ginas de internacional, esas mismas en las que, por una paradoja del destino, informaban del conflicto pesquero con Marruecos, que es de donde ven\u00eda la pescadilla. Luego la se\u00f1ora de la casa pod\u00eda leer algo mientras limpiaba el pescado. Tambi\u00e9n el peri\u00f3dico era muy valioso a la hora de liar el bocadillo de sardinas de los alba\u00f1iles. Mientras el alarife degustaba tan exquisito emparedado pod\u00eda enterarse a trav\u00e9s de la noticia manchada en aceite de la \u00faltima barrabasada de El Lute.<\/p>\n<p style=\"text-align: justify;\">En todos los hogares de los pueblos las hojas de los peri\u00f3dicos eran un producto casi de primera necesidad ya que las mujeres las utilizaban para evitar que cayeran gotas de cal al suelo cuando se blanqueaba la casa o como precario mantel donde esparcir las lentejas, en aquella entra\u00f1able actividad que tanto un\u00eda a las familias y que consist\u00eda en quitarle piedras y bichos a tan exquisita legumbre. \u201cMira lo que dice aqu\u00ed, que Franco est\u00e1 cazando ciervos en la Sierra de Segura\u201d, dec\u00eda alguien apartando las lentejas para leer la noticia entera. La temporada de caza hab\u00eda terminado hac\u00eda tres meses pero ese peri\u00f3dico a\u00fan no hab\u00eda perdido toda su eficacia informativa. Claro, que eso de vez en cuando pod\u00eda acarrear alg\u00fan problema. Mi prima Isabel estaba fregando la casa y fue a poner un papel de peri\u00f3dico en la puerta para que la gente que entrara de la calle se limpiara los pies, cuando ley\u00f3 un anuncio: \u201cSe necesitan aprendizas de modistas para taller nuevo en Ja\u00e9n\u201d. Se puso muy contenta porque ella siempre hab\u00eda querido ser modista y, adem\u00e1s, irse del pueblo y trabajar en la capital. Fue a la peluquer\u00eda, se puso su mejor vestido y se mont\u00f3 en la \u2018sepulvedana\u2019 para ir al sitio al que deb\u00edan de presentarse las candidatas, que era en la calle Maestra. La calle exist\u00eda pero no que no exist\u00eda era el taller: hab\u00eda cerrado hac\u00eda tres meses. El anuncio que mi prima ley\u00f3 era el de un peri\u00f3dico de hac\u00eda un a\u00f1o.<\/p>\n<p style=\"text-align: justify;\">Los peri\u00f3dicos, bien doblados, como dec\u00eda antes, se los pon\u00edan las mujeres entre las medias para que no le salieran cabrillas mientras se calentaban en el brasero. Las cabrillas o las manchas que sal\u00edan en las piernas por ponerlas muy cerca del fuego, estaban muy mal miradas. Parec\u00edan mapas de suciedad. Por eso las mujeres las evitaban coloc\u00e1ndose hojas de peri\u00f3dicos como si fuera las espinilleras que utilizan los futbolistas.<\/p>\n<p style=\"text-align: justify;\">Pero desde que se ha inventado el papel higi\u00e9nico, los bocadillos se l\u00edan en papel albal, las pescadillas se envuelven en bolsas de pl\u00e1stico, a las mujeres no les salen cabrillas y las lentejas vienen sin bichos, el papel de peri\u00f3dico ha perdido toda su aleatoria perdurabilidad. Cosas del progreso.<\/p>\n<p style=\"text-align: justify;\">Yo, personalmente, he sentido en mi propia alma la crueldad de lo ef\u00edmero de lo que escribo. Fue un d\u00eda que paseaba con mi perro y al depositar en una papelera una bolsa con las heces de mi mascota, encontr\u00e9 que alguien hab\u00eda recogido la mierda del suyo con una p\u00e1gina de peri\u00f3dico en la que ven\u00eda mi columna y mi foto. Dios m\u00edo, qu\u00e9 injusta es la vida. Mientras un novelista escribe una novela y se queda para toda la vida en la estanter\u00eda, lo que un periodista escribe puede servir para recoger la caca de un chucho. Es pens\u00e9.<\/p>\n<p style=\"text-align: justify;\">As\u00ed que, se\u00f1ores y se\u00f1oras, lo que ha hecho Jos\u00e9 Enrique Granados al coordinar este libro con todos los trabajos period\u00edsticos que se han ido publicando durante veinte a\u00f1os con motivo de las Ferias y Fiestas de Atarfe, ha sido todo un acierto. Dice V\u00edctor S\u00e1nchez en sus palabras de presentaci\u00f3n que est\u00e1 seguro de que el libro \u201cde alguna manera inculcar\u00e1 a\u00fan m\u00e1s si cabe a los atarfe\u00f1os, valores asociados al pueblo en el que viven, que seguro que germinar\u00e1n en respeto y cari\u00f1o a ese lugar que les vio nacer o que han escogido para vivir. Esta iniciativa, dice, contribuir\u00e1 a fortalecer el v\u00ednculo con Atarfe de un colectivo de fuerte personalidad\u201d. Es decir, que el alcalde le da papel de v\u00ednculo afectivo con lo nuestro a los libros, algo que ya hab\u00edan descubierto los fil\u00f3sofos y los escritores de la antig\u00fcedad.<\/p>\n<p style=\"text-align: justify;\">El director de IDEAL, Eduardo Peralta, que por motivos profesionales no puede estar hoy en este acto, dice tambi\u00e9n en su trabajo que sirve de pr\u00f3logo que lo que se ha escrito en los suplementos de las ferias y fiestas de Atarfe constituye \u201cun legado hist\u00f3rico trascendental\u201d. Est\u00e1 claro que lo que en este libro se recoge quedar\u00e1 como legado para la posteridad.<br \/>\nEn fin, se\u00f1ores y se\u00f1oras, s\u00f3lo me queda felicitar a Jos\u00e9 Enrique Granados por la magn\u00edfica idea de recopilar estos trabajos. El mismo Jos\u00e9 Enrique comienza su intervenci\u00f3n en su presentaci\u00f3n con las sabias palabras de Saramago y el papel que le da a los libros:<\/p>\n<p style=\"text-align: justify;\">\u201cAfortunadamente existen los libros. Podemos tenerlos olvidados en un estante o en una ba\u00fal, dejarlos entregados al polvo o a las polillas, abandonarles en la oscuridad de los s\u00f3tanos, podemos no pasarles la vista por encima ni tocarlos durante a\u00f1os y a\u00f1os, pero a ellos no les importa, esperan tranquilamente cerrados, sobre s\u00ed mismos para que nada de lo que tienen dentro se pierda\u201d.<\/p>\n<p style=\"text-align: justify;\">Yo creo que la intrahistoria de Atarfe, esa que conforman los vecinos que d\u00eda a d\u00eda conforman su cotidianeidad, ya nunca se perder\u00e1 con este libro. Podemos dejarlo olvidado en las estanter\u00edas todo el tiempo que queramos, pero siempre habr\u00e1 alguien dispuesto a abrirlo para conocer cu\u00e1l es la historia de este pueblo.<\/p>\n<p style=\"text-align: justify;\">Muchas Gracias.<\/p>\n<p style=\"text-align: justify;\">La pintura se present\u00f3 al IV Concurso de pintura \u201cCiudad de Atarfe en el a\u00f1o 2007 y es obra de Manuela Mora<\/p>\n<p style=\"text-align: justify;\">Curiosidades elvirenses.<\/p>\n<\/div>\n<div class=\"_3x-2\">\n<div data-ft=\"{&quot;tn&quot;:&quot;H&quot;}\">\n<div class=\"mtm\">\n<div class=\"_5cq3\" data-ft=\"{&quot;tn&quot;:&quot;E&quot;}\">\n<div id=\"u_0_r\" class=\"uiScaledImageContainer _4-ep\" style=\"text-align: justify;\"><img data-recalc-dims=\"1\" loading=\"lazy\" decoding=\"async\" class=\"scaledImageFitWidth img\" src=\"https:\/\/i0.wp.com\/fbcdn-photos-a-a.akamaihd.net\/hphotos-ak-xaf1\/v\/t1.0-0\/s480x480\/12011192_885154311570585_4473435364777610816_n.jpg?resize=470%2C469&#038;ssl=1\" alt=\"Foto de Gacetilla y curiosidades elvirenses.\" width=\"470\" height=\"469\" \/><\/div>\n<\/div>\n<\/div>\n<\/div>\n<\/div>\n<\/div>\n<div id=\"u_0_w\">\n<form id=\"u_0_s\" class=\"commentable_item\" action=\"\/ajax\/ufi\/modify.php\" method=\"post\" data-ft=\"{&quot;tn&quot;:&quot;]&quot;}\">\n<div class=\"_5pcp _5vsi _52i6 _1tsu _4l4\">\n<div class=\"clearfix _3p_o\">\n<div class=\"lfloat _ohe\">\u00a0publicado en :<a href=\"https:\/\/www.facebook.com\/permalink.php?story_fbid=885154311570585&amp;id=732817910137560&amp;substory_index=0\"> https:\/\/www.facebook.com\/permalink.php?story_fbid=885154311570585&amp;id=732817910137560&amp;substory_index=0<\/a><\/div>\n<\/div>\n<\/div>\n<\/form>\n<\/div>\n<\/div>\n<\/div>\n<\/div>\n<\/div>\n<\/div>\n<\/div>\n<div id=\"bottomContent\"><a href=\"https:\/\/www.facebook.com\/permalink.php?story_fbid=885154311570585&amp;id=732817910137560&amp;substory_index=0\">\u00a0<\/a><\/div>\n","protected":false},"excerpt":{"rendered":"<p>En la Gacetilla de hoy, recogemos el texto le\u00eddo por el gran escritor y periodista&#8230;<\/p>\n","protected":false},"author":1,"featured_media":3573,"comment_status":"closed","ping_status":"closed","sticky":false,"template":"","format":"standard","meta":{"_coblocks_attr":"","_coblocks_dimensions":"","_coblocks_responsive_height":"","_coblocks_accordion_ie_support":"","jetpack_post_was_ever_published":false,"_jetpack_newsletter_access":"","_jetpack_dont_email_post_to_subs":false,"_jetpack_newsletter_tier_id":0,"_jetpack_memberships_contains_paywalled_content":false,"_jetpack_memberships_contains_paid_content":false,"footnotes":"","jetpack_publicize_message":"","jetpack_publicize_feature_enabled":true,"jetpack_social_post_already_shared":false,"jetpack_social_options":{"image_generator_settings":{"template":"highway","default_image_id":0,"enabled":false},"version":2}},"categories":[2,1225,38,44,15],"tags":[81,1287,384],"class_list":["post-3572","post","type-post","status-publish","format-standard","has-post-thumbnail","hentry","category-atarfe","category-ha-de-atarfe","category-opinion-de-jose-enrique-granados","category-noticias-de-hoy","category-ultimas-noticias","tag-atarfe","tag-gacetilla","tag-prensa"],"jetpack_publicize_connections":[],"jetpack_featured_media_url":"https:\/\/i0.wp.com\/miradordeatarfe.es\/wp-content\/uploads\/2015\/09\/atarfe-en-el-papel-ayuntamiento-de-atarfe.jpg?fit=115%2C163&ssl=1","jetpack_likes_enabled":true,"jetpack_sharing_enabled":true,"_links":{"self":[{"href":"https:\/\/miradordeatarfe.es\/index.php?rest_route=\/wp\/v2\/posts\/3572","targetHints":{"allow":["GET"]}}],"collection":[{"href":"https:\/\/miradordeatarfe.es\/index.php?rest_route=\/wp\/v2\/posts"}],"about":[{"href":"https:\/\/miradordeatarfe.es\/index.php?rest_route=\/wp\/v2\/types\/post"}],"author":[{"embeddable":true,"href":"https:\/\/miradordeatarfe.es\/index.php?rest_route=\/wp\/v2\/users\/1"}],"replies":[{"embeddable":true,"href":"https:\/\/miradordeatarfe.es\/index.php?rest_route=%2Fwp%2Fv2%2Fcomments&post=3572"}],"version-history":[{"count":3,"href":"https:\/\/miradordeatarfe.es\/index.php?rest_route=\/wp\/v2\/posts\/3572\/revisions"}],"predecessor-version":[{"id":3577,"href":"https:\/\/miradordeatarfe.es\/index.php?rest_route=\/wp\/v2\/posts\/3572\/revisions\/3577"}],"wp:featuredmedia":[{"embeddable":true,"href":"https:\/\/miradordeatarfe.es\/index.php?rest_route=\/wp\/v2\/media\/3573"}],"wp:attachment":[{"href":"https:\/\/miradordeatarfe.es\/index.php?rest_route=%2Fwp%2Fv2%2Fmedia&parent=3572"}],"wp:term":[{"taxonomy":"category","embeddable":true,"href":"https:\/\/miradordeatarfe.es\/index.php?rest_route=%2Fwp%2Fv2%2Fcategories&post=3572"},{"taxonomy":"post_tag","embeddable":true,"href":"https:\/\/miradordeatarfe.es\/index.php?rest_route=%2Fwp%2Fv2%2Ftags&post=3572"}],"curies":[{"name":"wp","href":"https:\/\/api.w.org\/{rel}","templated":true}]}}