{"id":35756,"date":"2019-12-08T11:12:49","date_gmt":"2019-12-08T10:12:49","guid":{"rendered":"http:\/\/miradordeatarfe.es\/?p=35756"},"modified":"2020-06-26T13:22:00","modified_gmt":"2020-06-26T11:22:00","slug":"adios-al-carbon-adios-por-juan-alfredo-bellon","status":"publish","type":"post","link":"https:\/\/miradordeatarfe.es\/?p=35756","title":{"rendered":"ADI\u00d3S AL CARB\u00d3N, ADI\u00d3S por Juan Alfredo Bell\u00f3n"},"content":{"rendered":"\n<p>        <\/p>\n\n\n\n<p> ADI\u00d3S AL CARB\u00d3N, ADI\u00d3S por Juan Alfredo Bell\u00f3n para  <strong>EL MIRADOR DE ATARFE <\/strong>del domingo 06-12-2019 <\/p>\n\n\n\n<p> Este a\u00f1o que ahora termina se  va a recordar por la predominancia del problema del <em>calentamiento global, <\/em>que viene a ser el de los impedimentos que se derivan de la subida incontrolada de la temperatura media en nuestro planeta, lo que, como todo el mundo sabe (ahora ya nadie puede apelar a la ignorancia) implica modificar al alza los gases de efecto invernadero provenientes de la confluencia de varias causas principales: la combusti\u00f3n de grandes cantidades de hidrocarburos en el transporte a\u00e9reo de mercanc\u00edas y personas; la emisi\u00f3n de sustancias t\u00e9rmicas como consecuencia de la industria incontrolada; la adopci\u00f3n de medidas insuficientes para controlar la fabricaci\u00f3n de pl\u00e1sticos y su posterior depuraci\u00f3n de residuos t\u00f3xicos;  y la intervenci\u00f3n no sostenible en el tratamiento derivado de las grandes industrias y en especial las de producci\u00f3n de materiales qu\u00edmicos, petroqu\u00edmicos y at\u00f3micos. Puede decirse que la imprevisi\u00f3n y el descontrol en materia de evacuaci\u00f3n de residuos industriales y nucleares est\u00e1 <em>envenenando el planeta seriamente <\/em>y subiendo su temperatura de modo irresponsable hasta llegar ese proceso a un costo t\u00e9rmico inasumible e indestructible por los sistemas usuales de evacuaci\u00f3n, lo que plantea para los expertos un punto de no retorno en la subida de las temperaturas atmosf\u00e9ricas y de la superficie terrenal que acabar\u00edan siendo perjudiciales para la vida y la biodiversidad de nuestro planeta.<\/p>\n\n\n\n<p> Y esto resulta especialmente grave cuando son varias las potencias terrenales (especialmente Brasil, Rusia, China, Ir\u00e1n, USA. E Israel) que no reconocen este diagn\u00f3stico y se niegan a sufragar la parte econ\u00f3mica que les corresponder\u00eda en su adecuada reparaci\u00f3n en los t\u00e9rminos en que se acord\u00f3 en la \u00faltima Conferencia de Par\u00eds y que se vienen redefiniendo en la actual ampliada Conferencia, trasladada de com\u00fan acuerdo desde la sede inicial chilena a Madrid, y que se celebra estos d\u00edas ante la atenta mirada de desconfianza norteamericana y de boicot imperdonable del actual Presidente yanky cuyo negacionismo comparti\u00f3 en su d\u00eda Jos\u00e9 Mar\u00eda Aznar y ha apoyado posteriormente la ultra derecha espa\u00f1ola incorporada al pro franquismo y pro fascismo <em>nazi-onal y recordando el antiguo folclore asturiano (tambi\u00e9n machista, por cierto, por rancio) a prop\u00f3sito de la miner\u00eda del carb\u00f3n cuya explotaci\u00f3n hoy ya casi no existe, me refiero al carb\u00f3n, porque el machismo contin\u00faa desgraciadamente en auge, como se ve en esta anticuada copla tradicional: Dicen que van a poner \/  un ferrocarril a Mieres \/ pa calentar las mujeres.  \/ Pa calentar las mujeres \/ ya no hace falta carb\u00f3n, se calientan ellas solas \/ viendo jugar al bal\u00f3n. \/ Viendo jugar al bal\u00f3n, \/ la mujer pierde el sentido \/ y cuando chutan a gol, \/ piensa que se la han metido\u2026<\/em> <\/p>\n\n\n\n<p>Pues, siguiendo con lo que \u00edbamos, todav\u00eda se sigue extrayendo carb\u00f3n y, para no ir m\u00e1s lejos, el otro d\u00eda vi en la tele un reportaje sobre <em>La \u00faltima mujer minera asturiana viva <\/em>que, por cierto, estaba tan <em>retotolluda. Porque la verdad es que el aunque  el  carb\u00f3n <\/em> est\u00e1 dejando de llevarse y, aunque tenemos nuestras viviendas y respiraderos fisiol\u00f3gicos casi completamente <em>desfollinados de sus residuos, los desfollinadores que los desfollinen hasta el completo, buenos desfollinadores seguir\u00e1n siendo y ser\u00e1n por <\/em>ocupar un lugar ideal y prominente en nuestro mundo y en nuestro orden de cosas junto a  Mery Popins y la madre que la pari\u00f3.  <\/p>\n\n\n\n<p>Y as\u00ed, en este orden de cosas hay que enmarcar el rebote que agarr\u00f3 Tramp el otro d\u00eda en Par\u00eds cuando descubri\u00f3 en un <em>corrillo <\/em>en la recepci\u00f3n de la OTAN (-A<em> eso s\u00ed vas, so pill\u00edn, pero a lo del clima no. Eh?) <\/em>a cuatro Jefes de Estado confederados (a saber el franc\u00e9s, el ingl\u00e9s, el alem\u00e1n y el canadiense) haciendo chanzas de la ridiculez de su persona   y de sus intervenciones en las reuniones de los miembros del Tratado y se agarr\u00f3 un cabreo de mil pares de bisontes aunque luego sigui\u00f3  boicoteando a los del Clima y que llueva lo que llueva y salga el sol por Antequera, y Almeida no recibir\u00e1 a Greta Thunberg en castigo por reiros de m\u00ed y seguro que tambi\u00e9n de \u00e9l. Y AM\u00c9RICA Y EL RESTO DEL MUNDO PARA  LOS AMERICANOS. <\/p>\n","protected":false},"excerpt":{"rendered":"<p>ADI\u00d3S AL CARB\u00d3N, ADI\u00d3S por Juan Alfredo Bell\u00f3n para EL MIRADOR DE ATARFE del domingo&#8230;<\/p>\n","protected":false},"author":1,"featured_media":35757,"comment_status":"closed","ping_status":"closed","sticky":false,"template":"","format":"standard","meta":{"_coblocks_attr":"","_coblocks_dimensions":"","_coblocks_responsive_height":"","_coblocks_accordion_ie_support":"","jetpack_post_was_ever_published":false,"_jetpack_newsletter_access":"","_jetpack_dont_email_post_to_subs":false,"_jetpack_newsletter_tier_id":0,"_jetpack_memberships_contains_paywalled_content":false,"_jetpack_memberships_contains_paid_content":false,"footnotes":"","jetpack_publicize_message":"","jetpack_publicize_feature_enabled":true,"jetpack_social_post_already_shared":false,"jetpack_social_options":{"image_generator_settings":{"template":"highway","default_image_id":0,"enabled":false},"version":2}},"categories":[1161,186,36,9,44,15],"tags":[6760,6556,1733,251,99],"class_list":["post-35756","post","type-post","status-publish","format-standard","has-post-thumbnail","hentry","category-ciudadania","category-instituciones","category-opinion-de-juan-alfredo-bellon","category-medio-ambiente","category-noticias-de-hoy","category-ultimas-noticias","tag-aire-contaminado","tag-cambio-del-clima","tag-co2","tag-contaminacion","tag-medio-ambiente"],"jetpack_publicize_connections":[],"jetpack_featured_media_url":"https:\/\/i0.wp.com\/miradordeatarfe.es\/wp-content\/uploads\/2019\/12\/%C3%ADndice-4.jpg?fit=300%2C168&ssl=1","jetpack_likes_enabled":true,"jetpack_sharing_enabled":true,"_links":{"self":[{"href":"https:\/\/miradordeatarfe.es\/index.php?rest_route=\/wp\/v2\/posts\/35756","targetHints":{"allow":["GET"]}}],"collection":[{"href":"https:\/\/miradordeatarfe.es\/index.php?rest_route=\/wp\/v2\/posts"}],"about":[{"href":"https:\/\/miradordeatarfe.es\/index.php?rest_route=\/wp\/v2\/types\/post"}],"author":[{"embeddable":true,"href":"https:\/\/miradordeatarfe.es\/index.php?rest_route=\/wp\/v2\/users\/1"}],"replies":[{"embeddable":true,"href":"https:\/\/miradordeatarfe.es\/index.php?rest_route=%2Fwp%2Fv2%2Fcomments&post=35756"}],"version-history":[{"count":1,"href":"https:\/\/miradordeatarfe.es\/index.php?rest_route=\/wp\/v2\/posts\/35756\/revisions"}],"predecessor-version":[{"id":35758,"href":"https:\/\/miradordeatarfe.es\/index.php?rest_route=\/wp\/v2\/posts\/35756\/revisions\/35758"}],"wp:featuredmedia":[{"embeddable":true,"href":"https:\/\/miradordeatarfe.es\/index.php?rest_route=\/wp\/v2\/media\/35757"}],"wp:attachment":[{"href":"https:\/\/miradordeatarfe.es\/index.php?rest_route=%2Fwp%2Fv2%2Fmedia&parent=35756"}],"wp:term":[{"taxonomy":"category","embeddable":true,"href":"https:\/\/miradordeatarfe.es\/index.php?rest_route=%2Fwp%2Fv2%2Fcategories&post=35756"},{"taxonomy":"post_tag","embeddable":true,"href":"https:\/\/miradordeatarfe.es\/index.php?rest_route=%2Fwp%2Fv2%2Ftags&post=35756"}],"curies":[{"name":"wp","href":"https:\/\/api.w.org\/{rel}","templated":true}]}}