{"id":35812,"date":"2019-12-11T10:19:00","date_gmt":"2019-12-11T09:19:00","guid":{"rendered":"http:\/\/miradordeatarfe.es\/?p=35812"},"modified":"2020-06-26T12:30:17","modified_gmt":"2020-06-26T10:30:17","slug":"y-entre-tanto-a-disfrutar-con-el-cross-por-manuel-jimenez","status":"publish","type":"post","link":"https:\/\/miradordeatarfe.es\/?p=35812","title":{"rendered":"Y ENTRE TANTO, A DISFRUTAR CON EL CROSS.-por Manuel Jim\u00e9nez"},"content":{"rendered":"\n<p> Como quiera que este fin de semana no hemos tenido competici\u00f3n atl\u00e9tica para los atarfe\u00f1os y a la espera de lo que esperamos sea un intenso fin de semana competitivo prenavide\u00f1o (14 y 15 de diciembre con atletas participando en el Cross de la Zubia (tercera etapa del circuito provincial) y donde seguro tenemos un aut\u00e9ntico desembarco de atletas del Ciudad Atarfe, Cross de Yecla con los mejores especialistas locales habituales en el circuito nacional de Cross o el Duatlon de Menores de Villanuena de Mes\u00edas donde tomar\u00e1n parte los ni\u00f1os\/as de la Escuela de Triatlon, nos centramos esta semana en la disputa en Lisboa del CROSS COUNTRY CHAMPIONSHIP (Campeonato de Europa de Cross) en un bonito parque lisboeta (Bellavista),<br> cercano al Tajo y el atl\u00e1ntico y caracterizado por la dureza del trazado con una sucesi\u00f3n de fuertes subidas y pronunciadas bajadas, piso irregular y fuertes peraltes que han exigido lo m\u00e1ximo de todos los competidores, entre todos ellos destaca la presencia de dos atletas granadinos, el de La Zubia Pablo S\u00e1nchez Santos que corriera la \u00faltima edici\u00f3n de la carrera<br> nocturna de Atarfe donde qued\u00f3 segundo clasificado y el capitalino Ignacio Fontes.<\/p>\n\n\n\n<p> Demos un repaso a las diferentes categor\u00edas en liza:<br><strong> Sub 20 masculino.<\/strong> 6 kil\u00f3metros de recorrido totalizando cuatro vueltas a un circuito de 1.50 metros. En los compases iniciales se ponen en cabeza a marcar el ritmo del gran grupo dos atletas espa\u00f1oles, el oscense Paul Oriach (aun en edad juvenil) y el madrile\u00f1o Quijada. Poco a poco va asomando en las posiciones de cabeza el gran favorito para adjudicarse el que ser\u00eda el<br> cuarto entorchado europeo en sus cuatro participaciones en este campeonato el noruego Jacob Ingebrigtsen. <\/p>\n\n\n\n<p>Mediada la prueba Jacob se decide a ponerse en cabeza y tras unos minutos de contenci\u00f3n mete la directa y se marcha en solitario aumentando progresivamente el ritmo para destacarse de manera clara e imponi\u00e9ndose con m\u00e1s de medio minuto de ventaja al turco Aslhanhan y al irland\u00e9s Gidey. Entre los espa\u00f1oles Oriach se mantiene entre los mejores y aunque pierde gas aun aguanta el 13\u00ba puesto lo que para su debut a nivel internacional en esta categor\u00eda est\u00e1 muy bien. <\/p>\n\n\n\n<p>El resto de espa\u00f1oles clasific\u00f3 Quijada el 30, Serroukh 52\u00ba, Miguel  Baidal 56\u00ba, Maijo 74\u00ba y Hugo de Miguel 82\u00ba, para acabar 9\u00ba. <\/p>\n\n\n\n<p>Llama la atenci\u00f3n la carrera de Ibrahim Buras, atleta que ha vivido muchos a\u00f1os en M\u00e1laga y que ha competido numerosas ocasiones con nuestros hoy juveniles, y que consigue un fenomenal 29 puesto individual y colaborando en el segundo puesto por equipos. <\/p>\n\n\n\n<p>Resulta muy curiosa la historia de este chico que nos demuestra lo que un buen sistema de atenci\u00f3n al deportista puede conseguir pues estando en Espa\u00f1a y tras muchos a\u00f1os de entrenamiento, pr\u00e1cticamente desde infantil, en 2018 solo fue el 25\u00ba en el Campeonato de Espa\u00f1a de Cross juvenil individual de San Pedro del Pinatar y el 32\u00ba en el de Clubs de Gij\u00f3n representando al Mijas terminando el a\u00f1o con una mejor marca<br> de 9.02 en 3000 lisos para ahora apenas un a\u00f1o m\u00e1s tarde gozando del apoyo de la federaci\u00f3n noruega conseguir no s\u00f3lo ser internacional sino imponerse a todo el equipo espa\u00f1ol salvo al citado Oriach y esto siendo aun juvenil.<\/p>\n\n\n\n<p> Nuestros jerarcas deportivos y pol\u00edticos deber\u00edan  conocer esta historia y sacar conclusiones en un pa\u00eds donde que un ni\u00f1o haga deporte incluso a<br> estos niveles no es sino una carga econ\u00f3mica para las familias que son sus \u00fanicos sponsors.<\/p>\n\n\n\n<p> <strong>Sub 20 femenino.<\/strong> Prueba m\u00e1s disputada que la masculina donde a mitad de recorrido aun  aguantaban en cabeza seis atletas. Tras un fuerte cambio de ritmo de la local Machado se reduce la cabeza a tres atletas con la lusa tirando fuertemente para intentar destacarse pero manteni\u00e9ndose sin mayor problema a su estela la italiana, campeona el pasado a\u00f1o, Battocletti<br> y algo m\u00e1s rezagada la eslovena Lukan. El esfuerzo de Machado acaba pas\u00e1ndole factura pues no s\u00f3lo se ve superada en primera instancia por la al final vencedora, Battocletti sino incluso pierde la segunda plaza en manos de Lukan. La campeona da una gran impresi\u00f3n demostrando<br> un excelente nivel que la consagran como una grande. Entre las espa\u00f1olas primer puesto para la extreme\u00f1a Carla Arce Pereira (16\u00aa), segunda la palentina \u00c1ngela Viciosa (30) y a continuaci\u00f3n la onubense Mar\u00eda Forero (56), Maite Gonz\u00e1lez (60), Andrea Romero (63) y la actual campeona<br> de Espa\u00f1a Elia Saura (70); Espa\u00f1a 8 por equipos.<\/p>\n\n\n\n<p> <strong>Sub 23 masculina, <\/strong>8.325 metros. Vibrante carrera la que protagonizaron estos atletas donde el serbio Bibic especialista en 1500 metros fue el encargado de seleccionar los atletas que finalmente se subir\u00edan al p\u00f3dium. Desde el inicio el franc\u00e9s Gressier no le dej\u00f3 ni un metro de ventaja al serbio y\u00e9ndose tras \u00e9l sin aparente esfuerzo. Junto a ellos transit\u00f3 gran parte de la prueba el catal\u00e1n Oulkhefem tras realizar una salida contenida e ir ganando puestos hasta que a la altura del minuto 10 se uni\u00f3 al grupo cabecero manteni\u00e9ndose junto a ellos hasta el toque de campana y asegur\u00e1ndose as\u00ed la medalla de bronce. En cuanto al reparto del oro y la plata el galo demostr\u00f3 ser el m\u00e1s fuerte como ya hiciera en las dos ediciones precedentes donde igualmente conquist\u00f3 el primer puesto.<\/p>\n\n\n\n<p> Por su parte, impresionante la carrera del granadino Ignacio Fontes que sin estar preparando espec\u00edficamente este campeonato sino que sus entrenos est\u00e1n dirigidos a llegar a tope al mundial de pista cubierta de Nanjing y luchar por ganarse una plaza ol\u00edmpica en el 1500 de Tokio, pudo y supo situarse a mitad de grupo sobre el puesto 20 y manteniendo estupendamente el tipo ir consolidando posiciones a medida que avanzaba la carrera y as\u00ed poco a poco ir dejando atletas por detr\u00e1s hasta llegar a meta en un fenomenal 13\u00ba puesto lo que denota que estamos ante un atleta que si bien hasta la fecha ha brillado en medio fondo es cuesti\u00f3n de tiempo y de<br> que as\u00ed lo decida destacar en fondo corto como puedan ser los 3000 en pista cubierta e incluso el 5000 al aire libre. Adem\u00e1s con el final que tiene puede ser un atleta temible en distancias largas. Seguro que este invierno se anima a hacer alg\u00fan 3000 de alto nivel y no nos extra\u00f1ar\u00eda que bajase de 8 minutos lo que le abrir\u00eda las puertas a la internacionalidad en categor\u00eda absoluta.<\/p>\n\n\n\n<p> El resto de espa\u00f1oles fueron Tariku Novales (34), Sergio Alegre (64), Said Mechaal (74) y Hazam Ardjoun (77). Con lo que s\u00f3lo se pudo terminar 7\u00ba por equipos algo lejos de las expectativas iniciales.<\/p>\n\n\n\n<p> <strong>Sub 23 femenina<\/strong>. 6.225 metros, cuatro vueltas al circuito grande. Carrera similar en su desarrollo a la sub 20 masculina, con una Anne Emilie Moller superdestacad\u00edsima imponiendo su ley desde la mitad de la prueba para aventajar en 40 segundos a la holandesa Lau siendo tercera la irlandesa Cotter. Entre las espa\u00f1olas desfallecimiento de Celia Ant\u00f3n que tras marchar entre las mejores hasta el meridano del trazado opt\u00f3 por la retirada v\u00edctima del rigor de la orograf\u00eda y el ritmo autoimpuesto. Sobresaliente Cristina Ruiz que en una carrera muy regular acaba d\u00e9cima.<br> <\/p>\n\n\n\n<p>Por equipos Espa\u00f1a clasifica 5\u00aa gracias a la 21 y 22 plazas de Isabel Barreiro y Laia Casajoana, la 30 de Ux\u00eda P\u00e9rez y la 34 de Laura Luengo. Qu\u00e9 pena la retirada de Ant\u00f3n que de haber aguantado entre las cinco mejores hubiera aupado a nuestro equipo al caj\u00f3n.<\/p>\n\n\n\n<p> <strong>Relevos mixtos<\/strong>.- Con la presencia del granadino Pablo S\u00e1nchez Santos el equipo espa\u00f1ol sal\u00eda a defender el primer puesto conseguido en la edici\u00f3n anterior. Repet\u00edan las chicas, Solange Pereira y Esther Guerrero, y debutaban los chicos, Sergio Jim\u00e9nez y Pablo S\u00e1nchez, ambos hijos de<br> grandes campeones de nuestro atletismo, Anacleto Jim\u00e9nez y Paco S\u00e1nchez Vargas, por lo que la responsabilidad de conseguir un buen resultado se predicaba de ellos pues la pareja de chicas no s\u00f3lo result\u00f3 campeona el a\u00f1o pasado en Tilburg sino que el a\u00f1o anterior ya fueron terceras en Samorin.<br> El primer relevo para Espa\u00f1a lo protagoniz\u00f3 Solange Pereira que entrega en tercera posici\u00f3n muy igualado con los cuartos (B\u00e9lgica) y quintos (Francia) y claramente por detr\u00e1s de Gran Breta\u00f1a y Bielorusia, primeros y segundos respectivamente. <\/p>\n\n\n\n<p>La segunda posta le correspondi\u00f3 a Sergio Jim\u00e9nez que pese a verse superado y relegado hasta la quinta plaza en los \u00faltimos compases de su relevo recupera posiciones para entregar nuevamente terceros a Esther Guerrero pero con escaso margen respecto a cuartos y quintos y claramente distanciados de los dos primeros que continuaban en las mismas posiciones que tras la primera entrega.<\/p>\n\n\n\n<p> Se repite el parcial con dos equipos por delante y tres m\u00e1s disputando el bronce, Esther se repone finalmente para entregar nuevamente tercera a Pablo S\u00e1nchez que recibe con escaso margen sobre el cuarto clasificado Francia que cerraba con un buen especialista en 1500 en gran forma pues este mismo a\u00f1o hab\u00eda conseguido una marca de 3.34 en 1500, a los pocos metros Pablo se ve superado por el franc\u00e9s si bien aguanta perfectamente la cuarta posici\u00f3n en una m\u00e1s que digno debut con la selecci\u00f3n espa\u00f1ola.<\/p>\n\n\n\n<p> <strong>Absoluta Masculina.<\/strong> Alocada carrera que sale lanzada a todo trapo con muchos corredores con gen\u00e9tica africana en el grupo cabecero que hacen que el ritmo sea infernal a pesar de la dureza del circuito. Entre los espa\u00f1oles el nerje\u00f1o Oumaiz se deja ver por las primeras posiciones si bien<br> a medida que se manten\u00eda el trepidante ritmo fue releg\u00e1ndose hacia el puesto 15, tras unos momentos en que parec\u00eda que reverdec\u00eda meti\u00e9ndose primer espa\u00f1ol opta por la retirada dejando la patata caliente al resto de hispanos con un Abad\u00eda siempre en puestos de privilegio, un Carlos Mayo que siendo m\u00e1s prudente en los compases iniciales se va afianzando entre la primera quincena y un Fernando Carro al que se le ve aparecer sobre la veintena y del que est\u00e1bamos seguros no iba a desfallecer por ser un atleta muy sufridor y que lo dar\u00eda todo por mantener el puesto. <\/p>\n\n\n\n<p>La cabeza de carrera va siendo seleccionada merced al ritmo impuesto por<br> el turco de origen keniano Aras Kaya que se lleva consigo al sueco de procedencia eritrea Fsiha (enorme en el \u00faltimo mundial de la especialidad siendo 17) y el italiano de ascendencia et\u00edope Crippa. Junto a ellos los cauc\u00e1sicos Wanders de Suiza y Butchart de Gran Breta\u00f1a y el belga de<br> ancestros magreb\u00edes Shibatu. Hacia el \u00faltimo tercio de carrera se quedan solos en punta de lanza el turco y el sueco si bien un ataque demoledor aprovechando una fuerte subida del sueco desarbola a kaya y se marcha en solitario para conquistar el cetro continental en una enorme exhibici\u00f3n de poder\u00edo. <\/p>\n\n\n\n<p>La plata la consigue Kaya que ya tiene toda la colecci\u00f3n pues anteriormente hab\u00eda sido oro y bronce y tercer puesto para el italiano Crippa.<\/p>\n\n\n\n<p> La emoci\u00f3n estaba en saber si Espa\u00f1a iba a poder optar al p\u00f3dium por equipos si bien la retirada de Ouassim perjudicaba mucho nuestras opciones, pero la regularidad de los nuestros con un Abad\u00eda espl\u00e9ndido en 11\u00ba lugar, un magn\u00edfico Carlos Mayo 15\u00ba y un luchador Carro el 20\u00ba, les<br> lleva a alzarse con la tercera plaza global. Completan el equipo Hamid Ben Daoud (53) y Hassaous (retirado).<\/p>\n\n\n\n<p><strong> Absoluta femenina.<\/strong> Cuarto triunfo consecutivo para la turca de origen keniano Yasemin Can que se pase\u00f3 por el verde lisboeta destac\u00e1ndose desde la salida y metiendo metros a sus perseguidoras entre las que destac\u00f3 la noruega Grovdal que por fin se sube al podio tras varias medallas de chocolote. En tercera posici\u00f3n se clasifica la sueca Mengsteab que se impone a una veterana luchadora Mccormack. <\/p>\n\n\n\n<p>Las espa\u00f1olas se vieron poco en posiciones de privilegio siendo la mejor como casi siempre la obstaculista Irene S\u00e1nchez Escribano (16), secundada por una recuperada Ana Lozano (27), Mar\u00eda Azucena D\u00edaz (31), Mar\u00eda Jos\u00e9 P\u00e9rez (34), cerrando Cristina Espejo en el puesto 43. <\/p>\n\n\n\n<p>Por escuadras Espa\u00f1a es 8\u00aa vi\u00e9ndose perjudicada por la retirada por lesi\u00f3n de la atleta que se hab\u00eda mostrado m\u00e1s en forma en este principio de temporada, Teresa Urbina.<\/p>\n\n\n\n<figure class=\"wp-block-gallery columns-3 is-cropped wp-block-gallery-1 is-layout-flex wp-block-gallery-is-layout-flex\"><ul class=\"blocks-gallery-grid\"><li class=\"blocks-gallery-item\"><figure><img data-recalc-dims=\"1\" loading=\"lazy\" decoding=\"async\" width=\"640\" height=\"944\" src=\"https:\/\/i0.wp.com\/miradordeatarfe.es\/wp-content\/uploads\/2019\/12\/2019_XXXVII_cross_cartel.jpg?resize=640%2C944&#038;ssl=1\" alt=\"\" data-id=\"35813\" data-full-url=\"https:\/\/miradordeatarfe.es\/wp-content\/uploads\/2019\/12\/2019_XXXVII_cross_cartel.jpg\" data-link=\"https:\/\/miradordeatarfe.es\/?attachment_id=35813\" class=\"wp-image-35813\" srcset=\"https:\/\/i0.wp.com\/miradordeatarfe.es\/wp-content\/uploads\/2019\/12\/2019_XXXVII_cross_cartel.jpg?w=651&amp;ssl=1 651w, https:\/\/i0.wp.com\/miradordeatarfe.es\/wp-content\/uploads\/2019\/12\/2019_XXXVII_cross_cartel.jpg?resize=203%2C300&amp;ssl=1 203w, https:\/\/i0.wp.com\/miradordeatarfe.es\/wp-content\/uploads\/2019\/12\/2019_XXXVII_cross_cartel.jpg?resize=600%2C885&amp;ssl=1 600w\" sizes=\"auto, (max-width: 640px) 100vw, 640px\" \/><\/figure><\/li><li class=\"blocks-gallery-item\"><figure><img data-recalc-dims=\"1\" loading=\"lazy\" decoding=\"async\" width=\"640\" height=\"905\" src=\"https:\/\/i0.wp.com\/miradordeatarfe.es\/wp-content\/uploads\/2019\/12\/CARTEL-Duatlon-CrosMenoresVillanuevadelMes%C3%ADa.jpg?resize=640%2C905&#038;ssl=1\" alt=\"\" data-id=\"35814\" data-full-url=\"https:\/\/miradordeatarfe.es\/wp-content\/uploads\/2019\/12\/CARTEL-Duatlon-CrosMenoresVillanuevadelMes\u00eda.jpg\" data-link=\"https:\/\/miradordeatarfe.es\/?attachment_id=35814\" class=\"wp-image-35814\" srcset=\"https:\/\/i0.wp.com\/miradordeatarfe.es\/wp-content\/uploads\/2019\/12\/CARTEL-Duatlon-CrosMenoresVillanuevadelMes%C3%ADa.jpg?resize=724%2C1024&amp;ssl=1 724w, https:\/\/i0.wp.com\/miradordeatarfe.es\/wp-content\/uploads\/2019\/12\/CARTEL-Duatlon-CrosMenoresVillanuevadelMes%C3%ADa.jpg?resize=212%2C300&amp;ssl=1 212w, https:\/\/i0.wp.com\/miradordeatarfe.es\/wp-content\/uploads\/2019\/12\/CARTEL-Duatlon-CrosMenoresVillanuevadelMes%C3%ADa.jpg?resize=768%2C1086&amp;ssl=1 768w, https:\/\/i0.wp.com\/miradordeatarfe.es\/wp-content\/uploads\/2019\/12\/CARTEL-Duatlon-CrosMenoresVillanuevadelMes%C3%ADa.jpg?resize=600%2C848&amp;ssl=1 600w, https:\/\/i0.wp.com\/miradordeatarfe.es\/wp-content\/uploads\/2019\/12\/CARTEL-Duatlon-CrosMenoresVillanuevadelMes%C3%ADa.jpg?resize=1086%2C1536&amp;ssl=1 1086w, https:\/\/i0.wp.com\/miradordeatarfe.es\/wp-content\/uploads\/2019\/12\/CARTEL-Duatlon-CrosMenoresVillanuevadelMes%C3%ADa.jpg?resize=1448%2C2048&amp;ssl=1 1448w, https:\/\/i0.wp.com\/miradordeatarfe.es\/wp-content\/uploads\/2019\/12\/CARTEL-Duatlon-CrosMenoresVillanuevadelMes%C3%ADa.jpg?resize=1320%2C1866&amp;ssl=1 1320w, https:\/\/i0.wp.com\/miradordeatarfe.es\/wp-content\/uploads\/2019\/12\/CARTEL-Duatlon-CrosMenoresVillanuevadelMes%C3%ADa.jpg?w=1754&amp;ssl=1 1754w\" sizes=\"auto, (max-width: 640px) 100vw, 640px\" \/><\/figure><\/li><li class=\"blocks-gallery-item\"><figure><img data-recalc-dims=\"1\" loading=\"lazy\" decoding=\"async\" width=\"640\" height=\"905\" src=\"https:\/\/i0.wp.com\/miradordeatarfe.es\/wp-content\/uploads\/2019\/12\/cartel-coss-la-zubia-2019-scaled.jpg?resize=640%2C905&#038;ssl=1\" alt=\"\" data-id=\"35815\" data-full-url=\"https:\/\/miradordeatarfe.es\/wp-content\/uploads\/2019\/12\/cartel-coss-la-zubia-2019-scaled.jpg\" data-link=\"https:\/\/miradordeatarfe.es\/?attachment_id=35815\" class=\"wp-image-35815\" srcset=\"https:\/\/i0.wp.com\/miradordeatarfe.es\/wp-content\/uploads\/2019\/12\/cartel-coss-la-zubia-2019-scaled.jpg?resize=724%2C1024&amp;ssl=1 724w, https:\/\/i0.wp.com\/miradordeatarfe.es\/wp-content\/uploads\/2019\/12\/cartel-coss-la-zubia-2019-scaled.jpg?resize=212%2C300&amp;ssl=1 212w, https:\/\/i0.wp.com\/miradordeatarfe.es\/wp-content\/uploads\/2019\/12\/cartel-coss-la-zubia-2019-scaled.jpg?resize=768%2C1087&amp;ssl=1 768w, https:\/\/i0.wp.com\/miradordeatarfe.es\/wp-content\/uploads\/2019\/12\/cartel-coss-la-zubia-2019-scaled.jpg?resize=600%2C849&amp;ssl=1 600w, https:\/\/i0.wp.com\/miradordeatarfe.es\/wp-content\/uploads\/2019\/12\/cartel-coss-la-zubia-2019-scaled.jpg?resize=1085%2C1536&amp;ssl=1 1085w, https:\/\/i0.wp.com\/miradordeatarfe.es\/wp-content\/uploads\/2019\/12\/cartel-coss-la-zubia-2019-scaled.jpg?resize=1447%2C2048&amp;ssl=1 1447w, https:\/\/i0.wp.com\/miradordeatarfe.es\/wp-content\/uploads\/2019\/12\/cartel-coss-la-zubia-2019-scaled.jpg?resize=1320%2C1868&amp;ssl=1 1320w, https:\/\/i0.wp.com\/miradordeatarfe.es\/wp-content\/uploads\/2019\/12\/cartel-coss-la-zubia-2019-scaled.jpg?w=1809&amp;ssl=1 1809w\" sizes=\"auto, (max-width: 640px) 100vw, 640px\" \/><\/figure><\/li><\/ul><\/figure>\n","protected":false},"excerpt":{"rendered":"<p>Como quiera que este fin de semana no hemos tenido competici\u00f3n atl\u00e9tica para los atarfe\u00f1os&#8230;<\/p>\n","protected":false},"author":1,"featured_media":35816,"comment_status":"closed","ping_status":"closed","sticky":false,"template":"","format":"standard","meta":{"_coblocks_attr":"","_coblocks_dimensions":"","_coblocks_responsive_height":"","_coblocks_accordion_ie_support":"","jetpack_post_was_ever_published":false,"_jetpack_newsletter_access":"","_jetpack_dont_email_post_to_subs":false,"_jetpack_newsletter_tier_id":0,"_jetpack_memberships_contains_paywalled_content":false,"_jetpack_memberships_contains_paid_content":false,"footnotes":"","jetpack_publicize_message":"","jetpack_publicize_feature_enabled":true,"jetpack_social_post_already_shared":false,"jetpack_social_options":{"image_generator_settings":{"template":"highway","default_image_id":0,"enabled":false},"version":2}},"categories":[2,182,6915,44,15],"tags":[81,85,3541,6083],"class_list":["post-35812","post","type-post","status-publish","format-standard","has-post-thumbnail","hentry","category-atarfe","category-deportes","category-opinion-de-manuel-jimenez","category-noticias-de-hoy","category-ultimas-noticias","tag-atarfe","tag-atletismo","tag-cross","tag-deportes-atarfe"],"jetpack_publicize_connections":[],"jetpack_featured_media_url":"https:\/\/i0.wp.com\/miradordeatarfe.es\/wp-content\/uploads\/2019\/12\/timthumb.php_.jpg?fit=660%2C330&ssl=1","jetpack_likes_enabled":true,"jetpack_sharing_enabled":true,"_links":{"self":[{"href":"https:\/\/miradordeatarfe.es\/index.php?rest_route=\/wp\/v2\/posts\/35812","targetHints":{"allow":["GET"]}}],"collection":[{"href":"https:\/\/miradordeatarfe.es\/index.php?rest_route=\/wp\/v2\/posts"}],"about":[{"href":"https:\/\/miradordeatarfe.es\/index.php?rest_route=\/wp\/v2\/types\/post"}],"author":[{"embeddable":true,"href":"https:\/\/miradordeatarfe.es\/index.php?rest_route=\/wp\/v2\/users\/1"}],"replies":[{"embeddable":true,"href":"https:\/\/miradordeatarfe.es\/index.php?rest_route=%2Fwp%2Fv2%2Fcomments&post=35812"}],"version-history":[{"count":1,"href":"https:\/\/miradordeatarfe.es\/index.php?rest_route=\/wp\/v2\/posts\/35812\/revisions"}],"predecessor-version":[{"id":35817,"href":"https:\/\/miradordeatarfe.es\/index.php?rest_route=\/wp\/v2\/posts\/35812\/revisions\/35817"}],"wp:featuredmedia":[{"embeddable":true,"href":"https:\/\/miradordeatarfe.es\/index.php?rest_route=\/wp\/v2\/media\/35816"}],"wp:attachment":[{"href":"https:\/\/miradordeatarfe.es\/index.php?rest_route=%2Fwp%2Fv2%2Fmedia&parent=35812"}],"wp:term":[{"taxonomy":"category","embeddable":true,"href":"https:\/\/miradordeatarfe.es\/index.php?rest_route=%2Fwp%2Fv2%2Fcategories&post=35812"},{"taxonomy":"post_tag","embeddable":true,"href":"https:\/\/miradordeatarfe.es\/index.php?rest_route=%2Fwp%2Fv2%2Ftags&post=35812"}],"curies":[{"name":"wp","href":"https:\/\/api.w.org\/{rel}","templated":true}]}}