{"id":35966,"date":"2019-12-15T11:29:00","date_gmt":"2019-12-15T10:29:00","guid":{"rendered":"http:\/\/miradordeatarfe.es\/?p=35966"},"modified":"2020-06-26T13:21:50","modified_gmt":"2020-06-26T11:21:50","slug":"entregar-la-cuchara-por-juan-alfredo-bellon","status":"publish","type":"post","link":"https:\/\/miradordeatarfe.es\/?p=35966","title":{"rendered":"ENTREGAR LA CUCHARA por JUAN ALFREDO BELL\u00d3N"},"content":{"rendered":"\n<p><strong><em>ENTREGAR LA CUCHARA<\/em><\/strong> <strong>por JUAN ALFREDO BELL\u00d3N<\/strong> <strong>para EL MIRADOR DE ATARFE<\/strong> <strong>del domingo 15-12-2019<\/strong><br><\/p>\n\n\n\n<p><strong>\u00a0\u00a0\u00a0 <\/strong>Ya es pr\u00e1cticamente Navidad. La gente anda ajetreada con sus compras rituales y parece como si, en aras a la indefinici\u00f3n, <em>to er mundo fuera g\u00fceno <\/em>y todos los amigos se hubieran vuelto invisibles.<\/p>\n\n\n\n<p> La mula relincha, el buey muge y Mar\u00eda saca la bota de su impedimenta no se sabe si para celebrar el sorprendente y reci\u00e9n logrado embarazo y su consiguiente parto extramatrimonial o para emplazar en el olvido las tremendas dificultades para cumplir la orden de Herodes de viajar a Bel\u00e9n, con estos fr\u00edos, Se\u00f1or, del invierno palestino, y as\u00ed obedecer la orden imperial de empadronamiento de la poblaci\u00f3n sometida al poder romano en el extremo oriental del Mare Nostrum. <\/p>\n\n\n\n<p>Por no tener no han tenido ni d\u00f3nde guarecerse y, al final, han pernoctado en una chabola cochambrosa, medio lugar para refugiarse los pastores en las noches de tormenta y medio corral\u00f3n para preservar al ganado de las alima\u00f1as y del fr\u00edo invernales.<\/p>\n\n\n\n<p>&nbsp;&nbsp;&nbsp; Total, ha sido un parto heroico y \u00e9pico, por no llamarlo <em>b\u00edblico<\/em>, pero hab\u00eda confianza en la fortaleza propia y en la del v\u00e1stago para salir airosos del trance y adem\u00e1s se cont\u00f3 con la ayuda de algunos <em>agentes<\/em> <em>externos en forma de pastores y arc\u00e1ngeles lorquianos<\/em> que facilitaron las cosas m\u00e1s de lo que se hubiera podido esperar, incluidos regalos para el infante de abrigo y alimento y, para la madre, de asistencia al parto y a su nueva funci\u00f3n y, en cuanto al <em>padre putativo, <\/em>poco se le pod\u00eda ayudar<em> m\u00e1s <\/em>si no fuera en punto a fortalecer su autoestima, dada la discreci\u00f3n y fortaleza de las que, por otra parte, siempre hizo gala.<\/p>\n\n\n\n<p>\u00a0\u00a0\u00a0 Y\u00a0 poco m\u00e1s falta decir, si no es que la regi\u00f3n y sus habitantes ha seguido su vida\u00a0 convulsa hasta el mismo borde de nuestros d\u00edas, hasta el punto de que pareciera una maldici\u00f3n lo que persigue al pueblo palestino y, por extensi\u00f3n, al cristiano, en nombre de cuyos personajes se ha hablado y escrito m\u00e1s que sobre cualesquiera otro de cualquier rinc\u00f3n del planeta. <\/p>\n\n\n\n<p>Y lo curioso es que de esa maldici\u00f3n participamos tambi\u00e9n quienes de una u otra forma inscribimos nuestras actividades, luchas y aspiraciones en la estela del universo\u00a0 cristiano que coincide adem\u00e1s con el \u00e1mbito geogr\u00e1fico del Mediterr\u00e1neo y de los territorios, como los de Am\u00e9rica, troncalmente relacionados con \u00e9l.\u00a0\u00a0\u00a0 <\/p>\n\n\n\n<p>Y ahora paso a la tercera parte en la que comento una vivencia personal que ha tenido que ver con mi actitud claramente combativa e inconformista con aquellos procesos o situaciones contra los que he solido posicionarme activa, entusiasta y combativamente hasta un punto extremo, intentando transformar hasta donde me ha sido posible esa realidad. <\/p>\n\n\n\n<p>Pues bien, el otro d\u00eda, una persona cercana a m\u00ed y a esos procesos de lucha y rebeld\u00eda crey\u00f3 verme decaer y desmayar por lo inabarcable de la tarea y lo dif\u00edcil del empe\u00f1o y me dijo que por qu\u00e9 yo, normalmente luchador incansable que no arrojaba nunca la toalla o no entregaba la cuchara con facilidad, parec\u00eda \u00faltimamente tan deca\u00eddo y proclive a hacerlo, a lo que le contest\u00e9 y le contesto no sin antes reconocer la agudeza de la observaci\u00f3n hecha desde el respeto y agradeci\u00e9ndole la cr\u00edtica y la agudeza -cari\u00f1osa- que\u00a0 hace: <em>acepto esa cr\u00edtica que me insin\u00faa y prometo que intentar\u00e9 morir, cuando me llegue el tiempo, agarrado a la toalla y empu\u00f1ando la cuchara para no dejar escapar ni un solo impulso de los necesarios, que son todos los que pueda&#8230; humanamente&#8230; exhalar hasta ese ultimo momento.<\/em><\/p>\n\n\n\n<p>foto: https:\/\/hayderecho.expansion.com\/2016\/12\/31\/carmena-y-el-concepto-de-belen-en-un-estado-laico\/<\/p>\n","protected":false},"excerpt":{"rendered":"<p>ENTREGAR LA CUCHARA por JUAN ALFREDO BELL\u00d3N para EL MIRADOR DE ATARFE del domingo 15-12-2019&#8230;<\/p>\n","protected":false},"author":1,"featured_media":35967,"comment_status":"closed","ping_status":"closed","sticky":false,"template":"","format":"standard","meta":{"_coblocks_attr":"","_coblocks_dimensions":"","_coblocks_responsive_height":"","_coblocks_accordion_ie_support":"","jetpack_post_was_ever_published":false,"_jetpack_newsletter_access":"","_jetpack_dont_email_post_to_subs":false,"_jetpack_newsletter_tier_id":0,"_jetpack_memberships_contains_paywalled_content":false,"_jetpack_memberships_contains_paid_content":false,"footnotes":"","jetpack_publicize_message":"","jetpack_publicize_feature_enabled":true,"jetpack_social_post_already_shared":false,"jetpack_social_options":{"image_generator_settings":{"template":"highway","default_image_id":0,"enabled":false},"version":2}},"categories":[12,1161,186,36,9,44,15],"tags":[6799,6796,6797,6798],"class_list":["post-35966","post","type-post","status-publish","format-standard","has-post-thumbnail","hentry","category-cultura","category-ciudadania","category-instituciones","category-opinion-de-juan-alfredo-bellon","category-medio-ambiente","category-noticias-de-hoy","category-ultimas-noticias","tag-agenda","tag-belen","tag-final","tag-vida-combativa"],"jetpack_publicize_connections":[],"jetpack_featured_media_url":"https:\/\/i0.wp.com\/miradordeatarfe.es\/wp-content\/uploads\/2019\/12\/bel%C3%A9n-845x321.jpg?fit=845%2C321&ssl=1","jetpack_likes_enabled":true,"jetpack_sharing_enabled":true,"_links":{"self":[{"href":"https:\/\/miradordeatarfe.es\/index.php?rest_route=\/wp\/v2\/posts\/35966","targetHints":{"allow":["GET"]}}],"collection":[{"href":"https:\/\/miradordeatarfe.es\/index.php?rest_route=\/wp\/v2\/posts"}],"about":[{"href":"https:\/\/miradordeatarfe.es\/index.php?rest_route=\/wp\/v2\/types\/post"}],"author":[{"embeddable":true,"href":"https:\/\/miradordeatarfe.es\/index.php?rest_route=\/wp\/v2\/users\/1"}],"replies":[{"embeddable":true,"href":"https:\/\/miradordeatarfe.es\/index.php?rest_route=%2Fwp%2Fv2%2Fcomments&post=35966"}],"version-history":[{"count":1,"href":"https:\/\/miradordeatarfe.es\/index.php?rest_route=\/wp\/v2\/posts\/35966\/revisions"}],"predecessor-version":[{"id":35968,"href":"https:\/\/miradordeatarfe.es\/index.php?rest_route=\/wp\/v2\/posts\/35966\/revisions\/35968"}],"wp:featuredmedia":[{"embeddable":true,"href":"https:\/\/miradordeatarfe.es\/index.php?rest_route=\/wp\/v2\/media\/35967"}],"wp:attachment":[{"href":"https:\/\/miradordeatarfe.es\/index.php?rest_route=%2Fwp%2Fv2%2Fmedia&parent=35966"}],"wp:term":[{"taxonomy":"category","embeddable":true,"href":"https:\/\/miradordeatarfe.es\/index.php?rest_route=%2Fwp%2Fv2%2Fcategories&post=35966"},{"taxonomy":"post_tag","embeddable":true,"href":"https:\/\/miradordeatarfe.es\/index.php?rest_route=%2Fwp%2Fv2%2Ftags&post=35966"}],"curies":[{"name":"wp","href":"https:\/\/api.w.org\/{rel}","templated":true}]}}