{"id":3605,"date":"2015-09-28T07:27:20","date_gmt":"2015-09-28T07:27:20","guid":{"rendered":"http:\/\/miradordeatarfe.es\/?p=3605"},"modified":"2015-09-29T07:22:10","modified_gmt":"2015-09-29T07:22:10","slug":"que-hay-que-tener-en-cuenta-a-la-hora-de-contratar-un-seguro-de-vida","status":"publish","type":"post","link":"https:\/\/miradordeatarfe.es\/?p=3605","title":{"rendered":"\u00bfQu\u00e9 hay que tener en cuenta a la hora de contratar un seguro de vida?"},"content":{"rendered":"<div id=\"cuerpo_noticia\" class=\"txt_noticia\">\n<p>Nadie duda las ventajas de tener contratado un seguro, especialmente el de vida, en caso de cualquier percance. Cuanto m\u00e1s alta sea la cobertura mejor, pero si el siniestro no acontece, estar\u00edamos pagando unas primas elevadas, incompatible con una de las m\u00e1ximas de la econom\u00eda familiar, un presupuesto equilibrado.<\/p>\n<p><!--more--><\/p>\n<p>En el caso de un seguro sobre un bien que tiene un determinado valor conocido como puede ser una casa o un coche, determinar las coberturas es sencillo. Pero en el caso del seguro de vida no lo es tanto. Preguntas como <strong>qu\u00e9 es lo que debe cubrir<\/strong> no tienen siempre una f\u00e1cil respuesta pero siguiendo los siguientes consejos ser\u00e1 m\u00e1s f\u00e1cil no s\u00f3lo saber qu\u00e9 contratar si no tambi\u00e9n cu\u00e1ndo es fundamental hacerlo:<\/p>\n<ul class=\"en_contenido\">\n<li><strong>Realizar un an\u00e1lisis econ\u00f3mico actual.<\/strong> Es el punto de arranque y hay que hacerlo tanto de ingresos como de gastos y cargas financieras. Estudiar muy bien qu\u00e9 supone para la unidad familiar tanto retribuciones como los gastos futuros (el caso de la hipoteca, producto a largo plazo es muy importante) determinar\u00e1 no s\u00f3lo la necesidad del Seguro de Vida sino tambi\u00e9n la cuant\u00eda del seguro a contratar.<\/li>\n<li><strong>Analizar las necesidades familiares futuras.<\/strong> Muy enlazado con el punto anterior pero pensando incluso m\u00e1s en el largo plazo, tener hijos de corta edad, por ejemplo, puede determinar necesidades no actuales sino futuras como cubrir el coste de sus estudios.<\/li>\n<li><strong>Estudiar y ajustar todas las coberturas.<\/strong> Adem\u00e1s de cubrir el fallecimiento, debemos analizar muy bien el resto de coberturas como es la invalidez que impida realizar actividad laboral. A\u00f1adir coberturas adicionales como incrementar el dinero a percibir en caso de accidente puede ser muy interesante si por ejemplo nuestra actividad nos obliga a usar muy frecuentemente el veh\u00edculo.<\/li>\n<li><strong>\u00bfSeguro \u00fanico o seguros adicionales?<\/strong> Tener un seguro \u00fanico que cubra todas las necesidades es generalmente m\u00e1s rentable que a\u00f1adir seguros adicionales y temporales que contratamos para cubrir la amortizaci\u00f3n de pr\u00e9stamo o en caso de un viaje. Por ello, analiza econ\u00f3micamente el coste de ampliar ligeramente la cobertura de seguro para cubrir este tipo de eventualidades.<\/li>\n<li><strong>Pago de la prima.<\/strong> La forma de pago tambi\u00e9n es muy importante cuando tenemos que cuadrar ingresos y gastos. Poder hacerlo de forma mensual puede ser m\u00e1s beneficioso econ\u00f3micamente siempre que no conlleve un sobrecoste con respecto si se realiza el pago de la prima anualmente.<\/li>\n<\/ul>\n<p>Un seguro de vida es una inversi\u00f3n en seguridad y tranquilidad que no debemos de obviar pero siempre considerando muy bien cuales las necesidades presentes y futuras para obtener la cobertura m\u00e1s adecuada.<\/p>\n<\/div>\n<div class=\"volver_home\">\n<div class=\"gracias\"><a class=\"logo\" title=\"Ir a la portada\" href=\"http:\/\/cincodias.com\/\">CincoDias<\/a> | Gracias por la lectura<\/div>\n<\/div>\n","protected":false},"excerpt":{"rendered":"<p>Nadie duda las ventajas de tener contratado un seguro, especialmente el de vida, en caso&#8230;<\/p>\n","protected":false},"author":1,"featured_media":3606,"comment_status":"closed","ping_status":"closed","sticky":false,"template":"","format":"standard","meta":{"_coblocks_attr":"","_coblocks_dimensions":"","_coblocks_responsive_height":"","_coblocks_accordion_ie_support":"","jetpack_post_was_ever_published":false,"_jetpack_newsletter_access":"","_jetpack_dont_email_post_to_subs":false,"_jetpack_newsletter_tier_id":0,"_jetpack_memberships_contains_paywalled_content":false,"_jetpack_memberships_contains_paid_content":false,"footnotes":"","jetpack_publicize_message":"","jetpack_publicize_feature_enabled":true,"jetpack_social_post_already_shared":false,"jetpack_social_options":{"image_generator_settings":{"template":"highway","default_image_id":0,"enabled":false},"version":2}},"categories":[9,15],"tags":[1302,1303,1301,1300],"class_list":["post-3605","post","type-post","status-publish","format-standard","has-post-thumbnail","hentry","category-medio-ambiente","category-ultimas-noticias","tag-coberturas","tag-necesidades","tag-primas","tag-seguros"],"jetpack_publicize_connections":[],"jetpack_featured_media_url":"https:\/\/i0.wp.com\/miradordeatarfe.es\/wp-content\/uploads\/2015\/09\/1438669770_632137_1438670749_noticia_normal.jpg?fit=664%2C305&ssl=1","jetpack_likes_enabled":true,"jetpack_sharing_enabled":true,"_links":{"self":[{"href":"https:\/\/miradordeatarfe.es\/index.php?rest_route=\/wp\/v2\/posts\/3605","targetHints":{"allow":["GET"]}}],"collection":[{"href":"https:\/\/miradordeatarfe.es\/index.php?rest_route=\/wp\/v2\/posts"}],"about":[{"href":"https:\/\/miradordeatarfe.es\/index.php?rest_route=\/wp\/v2\/types\/post"}],"author":[{"embeddable":true,"href":"https:\/\/miradordeatarfe.es\/index.php?rest_route=\/wp\/v2\/users\/1"}],"replies":[{"embeddable":true,"href":"https:\/\/miradordeatarfe.es\/index.php?rest_route=%2Fwp%2Fv2%2Fcomments&post=3605"}],"version-history":[{"count":1,"href":"https:\/\/miradordeatarfe.es\/index.php?rest_route=\/wp\/v2\/posts\/3605\/revisions"}],"predecessor-version":[{"id":3607,"href":"https:\/\/miradordeatarfe.es\/index.php?rest_route=\/wp\/v2\/posts\/3605\/revisions\/3607"}],"wp:featuredmedia":[{"embeddable":true,"href":"https:\/\/miradordeatarfe.es\/index.php?rest_route=\/wp\/v2\/media\/3606"}],"wp:attachment":[{"href":"https:\/\/miradordeatarfe.es\/index.php?rest_route=%2Fwp%2Fv2%2Fmedia&parent=3605"}],"wp:term":[{"taxonomy":"category","embeddable":true,"href":"https:\/\/miradordeatarfe.es\/index.php?rest_route=%2Fwp%2Fv2%2Fcategories&post=3605"},{"taxonomy":"post_tag","embeddable":true,"href":"https:\/\/miradordeatarfe.es\/index.php?rest_route=%2Fwp%2Fv2%2Ftags&post=3605"}],"curies":[{"name":"wp","href":"https:\/\/api.w.org\/{rel}","templated":true}]}}