{"id":3608,"date":"2015-09-29T06:29:47","date_gmt":"2015-09-29T06:29:47","guid":{"rendered":"http:\/\/miradordeatarfe.es\/?p=3608"},"modified":"2015-10-01T06:58:49","modified_gmt":"2015-10-01T06:58:49","slug":"los-hombres-tambien-necesitan-el-feminismo","status":"publish","type":"post","link":"https:\/\/miradordeatarfe.es\/?p=3608","title":{"rendered":"Los hombres tambi\u00e9n necesitan el feminismo"},"content":{"rendered":"<p>El t\u00e9rmino\u00a0<em>\u2018feminismo\u2019\u00a0<\/em>es complejo y suele generar controversia. De hecho, <strong>no son pocos los que creen que tras la afirmaci\u00f3n <em>\u201cYo soy feminista\u201d\u00a0<\/em>siempre se encuentra una mujer<\/strong>.\u00a0Est\u00e1 muy extendida la creencia de que el perfil de una persona feminista es el de una mujer lesbiana que no se depila y que odia a los hombres, pero no es ese el caso. <!--more--><\/p>\n<p>Hay mujeres heterosexuales feministas, as\u00ed como lesbianas,\u00a0negras, chinas, velludas, depiladas, bisexuales, transexuales y hombres. Y es que <strong>la lucha feminista corresponde a ambos sexos porque lucha por los intereses y por la libertad de ambos<\/strong>. Es cierto que las mujeres han sido las m\u00e1s perseguidas y discriminadas a lo largo de la Historia, pero eso no quiere decidir que los hombres no hayan sido v\u00edctimas del sexismo y lo sufran actualmente. Definitivamente, los hombres <strong>tambi\u00e9n<\/strong> necesitan el feminismo.<\/p>\n<p><strong>\u2013 Machotes y afeminados<\/strong><br \/>\nUno de los ataques del sexismo dirigidos tanto a los hombres como a las mujeres son los <strong>estereotipos<\/strong>. Suele ocurrir que una serie de caracter\u00edsticas o actitudes se atribuyen a un determinado g\u00e9nero, provocando que todo aquel\/lla que no se adapte a sus roles de g\u00e9nero se sienta inadaptado, incompleto y discriminado. Igual que, para muchos, las mujeres deben ser sumisas y entregadas, todo buen var\u00f3n debe ser fuerte, rudo, agresivo y triunfador. Un\u00a0<em>machote<\/em>, vamos. Pero, \u00bfqu\u00e9 sucede con los hombres sensibles? \u00bfY con los que no son ambiciosos? \u00bfY los que no siguen el f\u00fatbol, el motociclismo o la Super Bowl? \u00bfSon menos hombres por eso?<\/p>\n<p><a href=\"https:\/\/hombresmujeresyfeminismo.files.wordpress.com\/2015\/07\/chris-pine.gif\"><img decoding=\"async\" class=\"size-full wp-image-891\" src=\"https:\/\/hombresmujeresyfeminismo.files.wordpress.com\/2015\/07\/chris-pine.gif?w=640\" alt=\"Los hombres tambi\u00e9n lloran. \u00bfY qu\u00e9?\" \/><\/a><\/p>\n<p><strong>\u2013 Padres lejanos<br \/>\n<\/strong>Se habla muy a menudo sobre la\u00a0<strong>maternidad<\/strong>, sobre lo maravillosa e intensa que es. No discuto que lo sea, pero estas alabanzas a veces\u00a0se transforman en reproches hacia todas aquellas mujeres que deciden no ser madres. \u00bfUna mujer es menos mujer por no ser madre? Y, \u00bfqu\u00e9 pasa con los padres? Los medios y la sociedad en general han hecho -y hacen- mucho hincapi\u00e9 en la figura materna, ignorando el papel de los padres en el cuidado de los hijos, el valor de su figura y su v\u00ednculo con los hijos. Esto perjudica a las mujeres porque hace que recaiga sobre ellas el peso total del cuidado y la educaci\u00f3n de los ni\u00f1os, pero tambi\u00e9n a los hombres, porque resta importancia a su papel como padres y los aleja de los ni\u00f1os.\u00a0Aunque las cosas est\u00e1n cambiando, muchos padres han adoptado el rol de \u2018castigador\u2019 y c\u00f3nyuge severo frente al papel cercano, entregado y cari\u00f1oso de los padres. Y todo esto se debe a los estereotipos, que parecen gritar a muchos hombres:\u00a0<em>\u201cEh, no seas demasiado cari\u00f1oso con tus hijos porque eres el cabeza de familia y tienes que tener mano dura\u201d.<br \/>\n<a href=\"https:\/\/hombresmujeresyfeminismo.files.wordpress.com\/2015\/07\/beckham.jpg\"><img decoding=\"async\" class=\"alignnone size-full wp-image-890\" src=\"https:\/\/hombresmujeresyfeminismo.files.wordpress.com\/2015\/07\/beckham.jpg?w=640\" alt=\"beckham\" \/><\/a><br \/>\n<\/em><\/p>\n<p><strong>\u2013 Y hablando del cabeza de familia\u2026<br \/>\n<\/strong>Las mujeres han estado relegadas al \u00e1mbito dom\u00e9stico, pero poco a poco han ido insert\u00e1ndose en el mundo laboral y muchas veces son ellas las que mantienen a su familia econ\u00f3micamente hablando. En estos casos, la situaci\u00f3n del hombre es complicada porque la sociedad lo juzga y considera menos hombre por no ser \u00e9l el que \u201clleve el dinero a casa\u201d. En cambio, si es la mujer la que no trabaja fuera de casa y se ocupa de las labores dom\u00e9sticas mientras su marido obtiene un sueldo, las cr\u00edticas desaparecen. \u00bfPor qu\u00e9 se sigue cargando esta responsabilidad sobre los hombres? \u00bfPor qu\u00e9 se habla tan despectivamente de los \u201cmantenidos\u201d? Aunque no conocemos la respuesta, lo que s\u00ed est\u00e1 claro es que este tipo de prejuicios afecta tanto a las mujeres -consideradas m\u00e1s d\u00e9biles y \u00fatiles en el \u00e1mbito familiar y en el laboral- como a los hombres -tachados de incompetentes por ganar menos dinero que sus mujeres o por no ser unos<strong> \u2018manitas\u2019<\/strong> en casa, cuesti\u00f3n en la que me extender\u00e9 en un futuro post-.<\/p>\n<p><a href=\"https:\/\/hombresmujeresyfeminismo.files.wordpress.com\/2015\/07\/mad-men.gif\"><img decoding=\"async\" class=\"size-full wp-image-889\" src=\"https:\/\/hombresmujeresyfeminismo.files.wordpress.com\/2015\/07\/mad-men.gif?w=640\" alt=\"O triunfas como Don Draper, o est\u00e1s perdido\" \/><\/a><\/p>\n<p><strong>\u2013 Los guapos y los majos<br \/>\n<\/strong>Los c\u00e1nones de belleza tambi\u00e9n hacen mucho da\u00f1o a las personas, independientemente de su sexo. Es cierto que afectan m\u00e1s a las mujeres, como defend\u00ed en el <a href=\"https:\/\/hombresmujeresyfeminismo.wordpress.com\/2015\/05\/16\/la-hipocresia-de-hablar-de-mujeres-reales\/\" target=\"_blank\">post sobre las mujeres reales<\/a>, pero eso no quiere decir que no exista un ideal de belleza masculino establecido que excluya y da\u00f1e a much\u00edsimos varones. Y, al igual que sucede con las f\u00e9minas, este modelo de \u2018hombre perfecto\u2019 tambi\u00e9n es promocionado por la moda, la publicidad y los medios de comunicaci\u00f3n.<\/p>\n<p>PUBLICADO EN : <a href=\"https:\/\/hombresmujeresyfeminismo.wordpress.com\/2015\/07\/15\/los-hombres-tambien-necesitan-el-feminismo\/\">https:\/\/hombresmujeresyfeminismo.wordpress.com\/2015\/07\/15\/los-hombres-tambien-necesitan-el-feminismo\/<\/a><\/p>\n","protected":false},"excerpt":{"rendered":"<p>El t\u00e9rmino\u00a0\u2018feminismo\u2019\u00a0es complejo y suele generar controversia. De hecho, no son pocos los que creen&#8230;<\/p>\n","protected":false},"author":1,"featured_media":3609,"comment_status":"closed","ping_status":"closed","sticky":false,"template":"","format":"standard","meta":{"_coblocks_attr":"","_coblocks_dimensions":"","_coblocks_responsive_height":"","_coblocks_accordion_ie_support":"","jetpack_post_was_ever_published":false,"_jetpack_newsletter_access":"","_jetpack_dont_email_post_to_subs":false,"_jetpack_newsletter_tier_id":0,"_jetpack_memberships_contains_paywalled_content":false,"_jetpack_memberships_contains_paid_content":false,"footnotes":"","jetpack_publicize_message":"","jetpack_publicize_feature_enabled":true,"jetpack_social_post_already_shared":false,"jetpack_social_options":{"image_generator_settings":{"template":"highway","default_image_id":0,"enabled":false},"version":2}},"categories":[14,15],"tags":[1304,41,1292,1305,19],"class_list":["post-3608","post","type-post","status-publish","format-standard","has-post-thumbnail","hentry","category-feminismo","category-ultimas-noticias","tag-afeminado","tag-feminismo","tag-hombres","tag-machote","tag-mujeres"],"jetpack_publicize_connections":[],"jetpack_featured_media_url":"https:\/\/i0.wp.com\/miradordeatarfe.es\/wp-content\/uploads\/2015\/09\/benedict-feminism.jpg?fit=620%2C465&ssl=1","jetpack_likes_enabled":true,"jetpack_sharing_enabled":true,"_links":{"self":[{"href":"https:\/\/miradordeatarfe.es\/index.php?rest_route=\/wp\/v2\/posts\/3608","targetHints":{"allow":["GET"]}}],"collection":[{"href":"https:\/\/miradordeatarfe.es\/index.php?rest_route=\/wp\/v2\/posts"}],"about":[{"href":"https:\/\/miradordeatarfe.es\/index.php?rest_route=\/wp\/v2\/types\/post"}],"author":[{"embeddable":true,"href":"https:\/\/miradordeatarfe.es\/index.php?rest_route=\/wp\/v2\/users\/1"}],"replies":[{"embeddable":true,"href":"https:\/\/miradordeatarfe.es\/index.php?rest_route=%2Fwp%2Fv2%2Fcomments&post=3608"}],"version-history":[{"count":1,"href":"https:\/\/miradordeatarfe.es\/index.php?rest_route=\/wp\/v2\/posts\/3608\/revisions"}],"predecessor-version":[{"id":3610,"href":"https:\/\/miradordeatarfe.es\/index.php?rest_route=\/wp\/v2\/posts\/3608\/revisions\/3610"}],"wp:featuredmedia":[{"embeddable":true,"href":"https:\/\/miradordeatarfe.es\/index.php?rest_route=\/wp\/v2\/media\/3609"}],"wp:attachment":[{"href":"https:\/\/miradordeatarfe.es\/index.php?rest_route=%2Fwp%2Fv2%2Fmedia&parent=3608"}],"wp:term":[{"taxonomy":"category","embeddable":true,"href":"https:\/\/miradordeatarfe.es\/index.php?rest_route=%2Fwp%2Fv2%2Fcategories&post=3608"},{"taxonomy":"post_tag","embeddable":true,"href":"https:\/\/miradordeatarfe.es\/index.php?rest_route=%2Fwp%2Fv2%2Ftags&post=3608"}],"curies":[{"name":"wp","href":"https:\/\/api.w.org\/{rel}","templated":true}]}}