{"id":36146,"date":"2019-12-22T11:40:00","date_gmt":"2019-12-22T10:40:00","guid":{"rendered":"http:\/\/miradordeatarfe.es\/?p=36146"},"modified":"2020-06-26T13:21:40","modified_gmt":"2020-06-26T11:21:40","slug":"ya-es-nochebuena-por-juan-alfredo-bellon","status":"publish","type":"post","link":"https:\/\/miradordeatarfe.es\/?p=36146","title":{"rendered":"YA ES NOCHEBUENA  por JUAN ALFREDO BELL\u00d3N"},"content":{"rendered":"\n<h4 class=\"wp-block-heading\">YA ES NOCHEBUENA  por JUAN ALFREDO BELL\u00d3N  para  EL MIRADOR DE ATARFE  del domingo 22-12-2019<\/h4>\n\n\n\n<h4 class=\"wp-block-heading\">Antes de entrar en harina, debo comentar que, desde que muri\u00f3 Manuel Alc\u00e1ntara este a\u00f1o que ahora termina, ya no es problema para nadie titular un art\u00edculo period\u00edstico porque \u00e9l, tan prol\u00edfico, los acaparaba todos y nadie osaba clamar ni actuar contra su magisterio indiscutible. <\/h4>\n\n\n\n<p>Ahora, muerto el maestro, todos podemos titular a nuestro antojo un nombre navide\u00f1o o cualquier otro aunque luego hablemos (o escribamos) de f\u00fatbol o de pol\u00edtica, como es el caso.<\/p>\n\n\n\n<p> Pues el caso es que ayer mi\u00e9rcoles 18, los madridistas fachas estaban muy procupados por el cl\u00e1sico; tanto que nos paraban por la calle a los cul\u00e9s (aunque la calle fuera la Plaza Nueva granadina) y nos echaban a voces la<br> culpa avis\u00e1ndonos de que ser\u00edamos responsables de lo que pasara con el cl\u00e1sico, antes de que eso tan gordo hubiera realmente sucedido. <\/p>\n\n\n\n<p>La cosa lleg\u00f3 a tanto, por lo demudados que estaban nuestros conocidos y a veces hasta amigos merenguetis (tengo que recordar que casi todos los fachas sociol\u00f3gicos son madridistas aunque no  todos los madridistas, como Rubalcaba por ejemplo, lo sean) cuando lleg\u00f3 la hora del partido me desvest\u00ed del equipo natatorio y dando marcha atr\u00e1s, me puse el de jugar al sill\u00f3n-bol y me encontr\u00e9 sentado en mi localidad televisiva para ver en directo el cl\u00e1sico y sus proleg\u00f3menos y si eran tantas las nueces como el ruido y el evanescente Sunami, en efecto, se desvanec\u00eda o no y, en ese caso, el Bar\u00e7a daba la nota mundial y el universo lo descalificaba a perpetuo y muerto el perro, se acab\u00f3 la rabia, o no.<\/p>\n\n\n\n<p>Pero nada fue lo que perec\u00eda y todo, en cambio, lo que suele ser y parecer en un aut\u00e9ntico partido de f\u00fatbol, donde hay de todo (incu\u00edda la pol\u00edtica) porque el f\u00fatbol es reflejo de la vida y la vida tiene de todo dentro, nos guste m\u00e1s o menos, como el partido del jueves, que a todos nos gust\u00f3 y nos disgust\u00f3, pich\u00ed-pich\u00ed, como su resultado de empate a cero, incluido; Torra e Isabel Ayuso que, por cierto, ambos estaban en el palco presidencial del Camp Nou, junto a cien mil espectadores presenciales y aficionados, curiosos, representantes insti\/constitucionales y dicen que hasta \u00a1seiscientos millones! de espectadores televisivos y televidentes no presenciales, teleadictos que no dejaron de disfrutar del espect\u00e1culo y de aprender sobre el terreno que (y por qu\u00e9) el Bar\u00e7a es  much\u00edsimo m\u00e1s que un club y Espa\u00f1a (por qu\u00e9 es) m\u00e1s que una simple naci\u00f3n inarticulada) solo democr\u00e1tica y nada \u00abres\u00bb, como dicen los catalanes en esa important\u00edsima regi\u00f3n (o naci\u00f3n -qu\u00e9 m\u00e1s da-) espa\u00f1ola con la que tendremos que aprender a usar el lenguaje inclusivo seg\u00fan el cual Espa\u00f1a y sus 17 partes (nacionalidades y regiones que la forman) son como naciones en sentido amplio (Rubalcaba, que era madridista y mereng\u00f3n, dixit) y no hay m\u00e1s que hablar.<\/p>\n\n\n\n<p> Total que acab\u00f3 el partido y todos concluyeron la fiesta sin m\u00e1s Tsunamis ni historias y fueron a sus casas m\u00e1s o menos afectados, como suele ocurrir cuando un cl\u00e1sico te quita el sue\u00f1o y acaba, como siempre, con tus pies<br> fr\u00edos y tu cabeza caliente y con tus ganas de ver morder el polvo al adversario en el ludus, en la cancha del stadium que representa la la vida donde se da el comienzo del juego del ganar y perder, como en la vida misma y luego viene el alimento del esp\u00edritu, como cuando ahora gana tu equipo y ya no tienes apetito tras haber besado por primera vez a tu novia\u2026, o que ella te haya besado a ti, y luego ya no comes, y te dice tu padre que est\u00e1s lelo, que parece que el f\u00fatbol (o la novia) te han sorbido la sesera o te dan de comer\u2026 Las cosas de la vida. <\/p>\n\n\n\n<p>Por eso los  emperadores romanos dec\u00edan que su programa de gobierno consist\u00eda en facilitar al pueblo panem et circecnsis, pan y f\u00fatbol (y toros) que dir\u00edamos entre nosotros.<\/p>\n\n\n\n<p> Y hablando de espect\u00e1culos, ayer conoc\u00ed por la prensa la dolorsa y desgraciada muerte de Pachi Andi\u00f3n en un accidente automovilistico, uno de los primeros actores que se desnud\u00f3 ante las c\u00e1maras cinematogr\u00e1ficas en las que luch\u00f3 desde los Setenta por la libertad. <\/p>\n\n\n\n<p>Hoy se lo he comentado, miestras com\u00edamos, a mi amigo Miguel, el<br> Curica, que era cocinero del restaurante La Candelaria en Barrio Latino de Par\u00eds durante el Tardofranquismo donde alimentaba gratis de las sobras a la numerosa chiquillada antidictatorial exiliada espa\u00f1ola. <\/p>\n\n\n\n<p>Miguel se ha conmovido recordando a su buen amigo Pachi y me ha pedido que d\u00e9 el p\u00e9same en su nombre por medio de estas l\u00edneas a sus allegados y familiares, ya que ahora no tiene la direcci\u00f3n del difunto para hacerlo personalmente, y que les trasmita en su nombre la m\u00e1s sentida condolenlencia y amistad fraguada en los tiempos heroicos de la resistencia.<\/p>\n\n\n\n<p> Descanse en paz Pachi Andi\u00f3n y nosotros por lo del descanso, a partir del pr\u00f3ximo fin de a\u00f1o, para cuando se anuncia la confluencia de fuerzas pol\u00edticas en favor de un pr\u00f3ximo Programa de Gobierno Democr\u00e1tico y<br> Progresista que nos permita avanzar en el camino de la Concordia y la Paz hacia una Espa\u00f1a m\u00e1s justa, m\u00e1s libre y m\u00e1s feliz a partir de enero de 2020.<br> Ah, y que el Bar\u00e7a gane la Liga, la Copa y la Champion, con el permiso de Florentino P\u00e9rez y del Real Madrid.<\/p>\n\n\n\n<p>foto:   Patxi Andi\u00f3n, el pasado noviembre. CLAUDIO \u00c1LVAREZ \/ epv  <\/p>\n\n\n\n\n","protected":false},"excerpt":{"rendered":"<p>YA ES NOCHEBUENA por JUAN ALFREDO BELL\u00d3N para EL MIRADOR DE ATARFE del domingo 22-12-2019&#8230;<\/p>\n","protected":false},"author":1,"featured_media":36147,"comment_status":"closed","ping_status":"closed","sticky":false,"template":"","format":"standard","meta":{"_coblocks_attr":"","_coblocks_dimensions":"","_coblocks_responsive_height":"","_coblocks_accordion_ie_support":"","jetpack_post_was_ever_published":false,"_jetpack_newsletter_access":"","_jetpack_dont_email_post_to_subs":false,"_jetpack_newsletter_tier_id":0,"_jetpack_memberships_contains_paywalled_content":false,"_jetpack_memberships_contains_paid_content":false,"footnotes":"","jetpack_publicize_message":"","jetpack_publicize_feature_enabled":true,"jetpack_social_post_already_shared":false,"jetpack_social_options":{"image_generator_settings":{"template":"highway","default_image_id":0,"enabled":false},"version":2}},"categories":[12,1161,182,186,36,44,15],"tags":[666,6826,42,6828],"class_list":["post-36146","post","type-post","status-publish","format-standard","has-post-thumbnail","hentry","category-cultura","category-ciudadania","category-deportes","category-instituciones","category-opinion-de-juan-alfredo-bellon","category-noticias-de-hoy","category-ultimas-noticias","tag-futbol","tag-patxi-andion","tag-politica","tag-sunami"],"jetpack_publicize_connections":[],"jetpack_featured_media_url":"https:\/\/i0.wp.com\/miradordeatarfe.es\/wp-content\/uploads\/2019\/12\/1576664632_420577_1576670820_noticia_fotograma.jpg?fit=980%2C552&ssl=1","jetpack_likes_enabled":true,"jetpack_sharing_enabled":true,"_links":{"self":[{"href":"https:\/\/miradordeatarfe.es\/index.php?rest_route=\/wp\/v2\/posts\/36146","targetHints":{"allow":["GET"]}}],"collection":[{"href":"https:\/\/miradordeatarfe.es\/index.php?rest_route=\/wp\/v2\/posts"}],"about":[{"href":"https:\/\/miradordeatarfe.es\/index.php?rest_route=\/wp\/v2\/types\/post"}],"author":[{"embeddable":true,"href":"https:\/\/miradordeatarfe.es\/index.php?rest_route=\/wp\/v2\/users\/1"}],"replies":[{"embeddable":true,"href":"https:\/\/miradordeatarfe.es\/index.php?rest_route=%2Fwp%2Fv2%2Fcomments&post=36146"}],"version-history":[{"count":1,"href":"https:\/\/miradordeatarfe.es\/index.php?rest_route=\/wp\/v2\/posts\/36146\/revisions"}],"predecessor-version":[{"id":36148,"href":"https:\/\/miradordeatarfe.es\/index.php?rest_route=\/wp\/v2\/posts\/36146\/revisions\/36148"}],"wp:featuredmedia":[{"embeddable":true,"href":"https:\/\/miradordeatarfe.es\/index.php?rest_route=\/wp\/v2\/media\/36147"}],"wp:attachment":[{"href":"https:\/\/miradordeatarfe.es\/index.php?rest_route=%2Fwp%2Fv2%2Fmedia&parent=36146"}],"wp:term":[{"taxonomy":"category","embeddable":true,"href":"https:\/\/miradordeatarfe.es\/index.php?rest_route=%2Fwp%2Fv2%2Fcategories&post=36146"},{"taxonomy":"post_tag","embeddable":true,"href":"https:\/\/miradordeatarfe.es\/index.php?rest_route=%2Fwp%2Fv2%2Ftags&post=36146"}],"curies":[{"name":"wp","href":"https:\/\/api.w.org\/{rel}","templated":true}]}}