{"id":3619,"date":"2015-09-25T08:04:50","date_gmt":"2015-09-25T08:04:50","guid":{"rendered":"http:\/\/miradordeatarfe.es\/?p=3619"},"modified":"2015-09-26T07:56:59","modified_gmt":"2015-09-26T07:56:59","slug":"el-ayuntamiento-de-atarfe-paraliza-el-desahucio-de-una-familia-tras-la-orden-de-desalojo-decretada-por-el-juez","status":"publish","type":"post","link":"https:\/\/miradordeatarfe.es\/?p=3619","title":{"rendered":"El Ayuntamiento de Atarfe paraliza el desahucio de una familia tras la orden de desalojo decretada por el juez"},"content":{"rendered":"<p><span class=\"contenidos_subtitulo\">El gobierno municipal hace un llamamiento a las familias con problemas de hipoteca que teman ser desahuciadas para que acudan al Ayuntamiento antes de la orden de lanzamiento.<\/span>La mediaci\u00f3n del gobierno municipal de Atarfe,\u00a0 permiti\u00f3 el martes paralizar una orden judicial para desalojar de su vivienda a una familia.<!--more--><\/p>\n<div>\u00a0La concejal de Vivienda y Bienestar Social del Ayuntamiento de Atarfe, Rosa F\u00e9lix, intervino en el \u00faltimo momento para evitar que una pareja que lleva residiendo en Atarfe los \u00faltimos cinco a\u00f1os, fuera desalojada de su vivienda ese mismo d\u00eda.El gobierno local consigui\u00f3 de la entidad financiera aplazar seis meses el lanzamiento de la vivienda en la que residen a la espera de lograr un acuerdo para que los afectados puedan afrontar un pago asumible teniendo en cuenta su delicada situaci\u00f3n econ\u00f3mica.<\/div>\n<div><\/div>\n<div>La pareja se encuentra en el paro a la espera de que en los pr\u00f3ximos meses nazca su primer hijo, y ya ha dejado de percibir la prestaci\u00f3n por desempleo. Los afectados suscribieron un contrato de compraventa con el promotor pero no se lleg\u00f3 a elevar a escritura p\u00fablica. La entidad financiera se hizo finalmente con la propiedad por el incumplimiento de las obligaciones del promotor, pero no se tuvieron en cuenta los derechos adquiridos por la pareja sobre la vivienda.<\/div>\n<div><\/div>\n<div>La concejal de Vivienda, Rosa F\u00e9lix, ha hecho un llamamiento a todos los vecinos que se vean amenazados por un inminente desahucio, ante la imposibilidad de hacer frente a sus hipotecas, a que acudan de inmediato al Ayuntamiento antes de que la justicia ordene el lanzamiento.Una de las principales actuaciones del actual equipo de gobierno tras su toma de posesi\u00f3n fue declarar Atarfe Municipio Libre de Desahucios. La iniciativa, aprobada en el pleno celebrado el 30 de julio, contempla la creaci\u00f3n de una Agencia Municipal de Vivienda que gestione el alquiler social de las viviendas cedidas por entidades bancarias y particulares.<\/div>\n<div><\/div>\n<div>En la actualidad se llevan a cabo negociaciones con distintas entidades financieras para agilizar la cesi\u00f3n de viviendas vac\u00edas en las que se puedan alojar familias con dificultades. Tambi\u00e9n se est\u00e1n adoptando acciones complementarias para aliviar la carga de familias con serios problemas econ\u00f3micos como la posibilidad de que se les fraccione o aplace el pago de recibos municipales, la concesi\u00f3n de ayudas para los suministros b\u00e1sicos o la inclusi\u00f3n en el baremo de evaluaci\u00f3n de la Bolsa de Empleo del riesgo de desahucio.<\/div>\n","protected":false},"excerpt":{"rendered":"<p>El gobierno municipal hace un llamamiento a las familias con problemas de hipoteca que teman&#8230;<\/p>\n","protected":false},"author":1,"featured_media":3620,"comment_status":"closed","ping_status":"closed","sticky":false,"template":"","format":"standard","meta":{"_coblocks_attr":"","_coblocks_dimensions":"","_coblocks_responsive_height":"","_coblocks_accordion_ie_support":"","jetpack_post_was_ever_published":false,"_jetpack_newsletter_access":"","_jetpack_dont_email_post_to_subs":false,"_jetpack_newsletter_tier_id":0,"_jetpack_memberships_contains_paywalled_content":false,"_jetpack_memberships_contains_paid_content":false,"footnotes":"","jetpack_publicize_message":"","jetpack_publicize_feature_enabled":true,"jetpack_social_post_already_shared":false,"jetpack_social_options":{"image_generator_settings":{"template":"highway","default_image_id":0,"enabled":false},"version":2}},"categories":[2,186,15],"tags":[1308,1307,686],"class_list":["post-3619","post","type-post","status-publish","format-standard","has-post-thumbnail","hentry","category-atarfe","category-instituciones","category-ultimas-noticias","tag-alquiler-social","tag-casas","tag-desahucios"],"jetpack_publicize_connections":[],"jetpack_featured_media_url":"https:\/\/i0.wp.com\/miradordeatarfe.es\/wp-content\/uploads\/2015\/09\/1336_20150924112209_ft.jpg?fit=321%2C130&ssl=1","jetpack_likes_enabled":true,"jetpack_sharing_enabled":true,"_links":{"self":[{"href":"https:\/\/miradordeatarfe.es\/index.php?rest_route=\/wp\/v2\/posts\/3619","targetHints":{"allow":["GET"]}}],"collection":[{"href":"https:\/\/miradordeatarfe.es\/index.php?rest_route=\/wp\/v2\/posts"}],"about":[{"href":"https:\/\/miradordeatarfe.es\/index.php?rest_route=\/wp\/v2\/types\/post"}],"author":[{"embeddable":true,"href":"https:\/\/miradordeatarfe.es\/index.php?rest_route=\/wp\/v2\/users\/1"}],"replies":[{"embeddable":true,"href":"https:\/\/miradordeatarfe.es\/index.php?rest_route=%2Fwp%2Fv2%2Fcomments&post=3619"}],"version-history":[{"count":1,"href":"https:\/\/miradordeatarfe.es\/index.php?rest_route=\/wp\/v2\/posts\/3619\/revisions"}],"predecessor-version":[{"id":3621,"href":"https:\/\/miradordeatarfe.es\/index.php?rest_route=\/wp\/v2\/posts\/3619\/revisions\/3621"}],"wp:featuredmedia":[{"embeddable":true,"href":"https:\/\/miradordeatarfe.es\/index.php?rest_route=\/wp\/v2\/media\/3620"}],"wp:attachment":[{"href":"https:\/\/miradordeatarfe.es\/index.php?rest_route=%2Fwp%2Fv2%2Fmedia&parent=3619"}],"wp:term":[{"taxonomy":"category","embeddable":true,"href":"https:\/\/miradordeatarfe.es\/index.php?rest_route=%2Fwp%2Fv2%2Fcategories&post=3619"},{"taxonomy":"post_tag","embeddable":true,"href":"https:\/\/miradordeatarfe.es\/index.php?rest_route=%2Fwp%2Fv2%2Ftags&post=3619"}],"curies":[{"name":"wp","href":"https:\/\/api.w.org\/{rel}","templated":true}]}}