{"id":3624,"date":"2015-09-26T07:44:19","date_gmt":"2015-09-26T07:44:19","guid":{"rendered":"http:\/\/miradordeatarfe.es\/?p=3624"},"modified":"2015-09-27T10:21:14","modified_gmt":"2015-09-27T10:21:14","slug":"el-ayuntamiento-de-atarfe-impulsa-el-registro-de-las-entidad-deportiva","status":"publish","type":"post","link":"https:\/\/miradordeatarfe.es\/?p=3624","title":{"rendered":"El Ayuntamiento de Atarfe impulsa el Reg\u00edstro de las entidad deportiva"},"content":{"rendered":"<p><span class=\"contenidos_subtitulo\">Inscr\u00edberse en el Registro Atarfe\u00f1o de Entidades Deportivas favorece\u00a0 participar en competiciones locales y recibir ayudas de la administraci\u00f3n local<\/span><br \/>\n<!--more--><\/p>\n<div>El Ayuntamiento de Atarfe est\u00e1 elaborando un Registro Atarfe\u00f1o de Entidades Deportivas que contar\u00e1 con una serie de ventajas a la hora de conseguir ayudas y participar en competiciones locales. La Concejal\u00eda de Deportes hace un llamamiento a las asociaciones, clubs y colectivos para que rellenen la inscripci\u00f3n que se adjunta a continuaci\u00f3n, requisito esencial para el reconocimiento de las entidades deportivas de Atarfe.<\/div>\n<div><\/div>\n<div>El registro de entidades deportivas sirve para que la administraci\u00f3n local tenga informaci\u00f3n actualizada de todas las asociaciones y entidades deportivas que tienen su sede en Atarfe.<\/div>\n<div><\/div>\n<div>\n<div class=\"contenedor_contenidos_extra\">FICHEROS ADJUNTOS<\/p>\n<p><img data-recalc-dims=\"1\" decoding=\"async\" src=\"https:\/\/i0.wp.com\/www.ciudadatarfe.com\/imagenes\/pdf_fondogris.jpg?w=640\" alt=\"\" align=\"absmiddle\" border=\"0\" \/><img data-recalc-dims=\"1\" loading=\"lazy\" decoding=\"async\" src=\"https:\/\/i0.wp.com\/www.ciudadatarfe.com\/imagenes\/espacio.gif?resize=8%2C18\" alt=\"\" width=\"8\" height=\"18\" align=\"absmiddle\" border=\"0\" \/><a class=\"contenidos_extra_enlacesinteres_txt\" href=\"http:\/\/www.ciudadatarfe.com\/data\/ficherosadjuntos_contenidosweb\/contenidos_1332_1027_20150922111330.pdf\" target=\"_blank\">Descargar Formulario de Inscripci\u00f3n<\/a><span class=\"contenidos_extra_enlacesinteres_url\"> [104,48 Kb] <\/span><br \/>\n<img data-recalc-dims=\"1\" loading=\"lazy\" decoding=\"async\" src=\"https:\/\/i0.wp.com\/www.ciudadatarfe.com\/imagenes\/espacio.gif?resize=1%2C5\" alt=\"\" width=\"1\" height=\"5\" border=\"0\" \/><\/div>\n<\/div>\n","protected":false},"excerpt":{"rendered":"<p>Inscr\u00edberse en el Registro Atarfe\u00f1o de Entidades Deportivas favorece\u00a0 participar en competiciones locales y recibir&#8230;<\/p>\n","protected":false},"author":1,"featured_media":3625,"comment_status":"closed","ping_status":"closed","sticky":false,"template":"","format":"standard","meta":{"_coblocks_attr":"","_coblocks_dimensions":"","_coblocks_responsive_height":"","_coblocks_accordion_ie_support":"","jetpack_post_was_ever_published":false,"_jetpack_newsletter_access":"","_jetpack_dont_email_post_to_subs":false,"_jetpack_newsletter_tier_id":0,"_jetpack_memberships_contains_paywalled_content":false,"_jetpack_memberships_contains_paid_content":false,"footnotes":"","jetpack_publicize_message":"","jetpack_publicize_feature_enabled":true,"jetpack_social_post_already_shared":false,"jetpack_social_options":{"image_generator_settings":{"template":"highway","default_image_id":0,"enabled":false},"version":2}},"categories":[2,182,186,15],"tags":[1309,1227,81,864],"class_list":["post-3624","post","type-post","status-publish","format-standard","has-post-thumbnail","hentry","category-atarfe","category-deportes","category-instituciones","category-ultimas-noticias","tag-actividades-deportivas","tag-asociaciones","tag-atarfe","tag-ayuntamiento"],"jetpack_publicize_connections":[],"jetpack_featured_media_url":"https:\/\/i0.wp.com\/miradordeatarfe.es\/wp-content\/uploads\/2015\/09\/c74f61cf3a9c04fb2b1975d36445b77d.jpg?fit=400%2C300&ssl=1","jetpack_likes_enabled":true,"jetpack_sharing_enabled":true,"_links":{"self":[{"href":"https:\/\/miradordeatarfe.es\/index.php?rest_route=\/wp\/v2\/posts\/3624","targetHints":{"allow":["GET"]}}],"collection":[{"href":"https:\/\/miradordeatarfe.es\/index.php?rest_route=\/wp\/v2\/posts"}],"about":[{"href":"https:\/\/miradordeatarfe.es\/index.php?rest_route=\/wp\/v2\/types\/post"}],"author":[{"embeddable":true,"href":"https:\/\/miradordeatarfe.es\/index.php?rest_route=\/wp\/v2\/users\/1"}],"replies":[{"embeddable":true,"href":"https:\/\/miradordeatarfe.es\/index.php?rest_route=%2Fwp%2Fv2%2Fcomments&post=3624"}],"version-history":[{"count":1,"href":"https:\/\/miradordeatarfe.es\/index.php?rest_route=\/wp\/v2\/posts\/3624\/revisions"}],"predecessor-version":[{"id":3626,"href":"https:\/\/miradordeatarfe.es\/index.php?rest_route=\/wp\/v2\/posts\/3624\/revisions\/3626"}],"wp:featuredmedia":[{"embeddable":true,"href":"https:\/\/miradordeatarfe.es\/index.php?rest_route=\/wp\/v2\/media\/3625"}],"wp:attachment":[{"href":"https:\/\/miradordeatarfe.es\/index.php?rest_route=%2Fwp%2Fv2%2Fmedia&parent=3624"}],"wp:term":[{"taxonomy":"category","embeddable":true,"href":"https:\/\/miradordeatarfe.es\/index.php?rest_route=%2Fwp%2Fv2%2Fcategories&post=3624"},{"taxonomy":"post_tag","embeddable":true,"href":"https:\/\/miradordeatarfe.es\/index.php?rest_route=%2Fwp%2Fv2%2Ftags&post=3624"}],"curies":[{"name":"wp","href":"https:\/\/api.w.org\/{rel}","templated":true}]}}