{"id":3635,"date":"2015-10-10T07:47:46","date_gmt":"2015-10-10T07:47:46","guid":{"rendered":"http:\/\/miradordeatarfe.es\/?p=3635"},"modified":"2015-09-30T08:46:57","modified_gmt":"2015-09-30T08:46:57","slug":"los-menores-espanoles-son-los-que-menos-ciberacoso-sufren","status":"publish","type":"post","link":"https:\/\/miradordeatarfe.es\/?p=3635","title":{"rendered":"Los menores espa\u00f1oles son los que menos ciberacoso sufren"},"content":{"rendered":"<p>Espa\u00f1a es uno de los pa\u00edses desarrollados con menor tasa de ciberacoso entre los menores de 18 a\u00f1os aunque es uno de los m\u00e1s concienciados en la denuncia de este fen\u00f3meno. Solo el 8% de los j\u00f3venes espa\u00f1oles ha sufrido alguna vez ciberacoso, frente a la media del 18%, pero de los que se ven sometidos a este tipo de ataques el 71% se lo cuenta a sus padres. <!--more--><\/p>\n<div id=\"cuerpo_noticia\" class=\"cuerpo_noticia\">\n<p>La apariencia f\u00edsica, el sexismo y la homofobia son los principales motivos que usan los ciberacosadores.<\/p>\n<p>Espa\u00f1a tiene una de las tasas m\u00e1s bajas del mundo desarrollado de agresiones a trav\u00e9s de medios digitales y redes sociales, y unos de los que m\u00e1s concienciados est\u00e1 en la necesidad de denunciar este fen\u00f3meno cuando se produce. Esta es la principal conclusi\u00f3n de una encuesta realizada por la Fundaci\u00f3n Vodafone junto a la consultora YouGov el pasado mes de septiembre entre 5.000 j\u00f3venes de entre 13 y 18 a\u00f1os en 11 pa\u00edses (Espa\u00f1a, Reino Unido, Alemania, Italia, Holanda, Grecia, Irlanda, Rep\u00fablica Checa, Sud\u00e1frica, Nueva Zelanda y EE UU).<\/p>\n<p>El porcentaje de j\u00f3venes espa\u00f1oles que indican que han sufrido ciberacoso es el m\u00e1s bajo junto a la Rep\u00fablica Checa entre todos los pa\u00edses del estudio, que est\u00e1 encabezado por Nueva Zelanda (30%), EE UU (27%), Irlanda (26%) y Sud\u00e1frica (24%).<\/p>\n<div id=\"sumario_1|html\" class=\"derecha\">\n<p class=\"texto_grande\">Los principales acosos son por la apariencia, el sexismo y la homofobia<\/p>\n<\/div>\n<p>Espa\u00f1a tambi\u00e9n ocupa uno de los lugares m\u00e1s bajos en la percepci\u00f3n de este fen\u00f3meno. As\u00ed, a la pregunta de que si el joven ha o\u00eddo que otra persona ha sufrido ciberacoso, un 63% de los j\u00f3venes espa\u00f1oles responde afirmativamente frente a la media del 70%. M\u00e1s relevante a\u00fan es que solo el 37% de los menores espa\u00f1oles declara tener conocimiento de que alg\u00fan amigo o familiar haya sufrido esta pr\u00e1ctica, frente a la media del 41% del conjunto de los pa\u00edses.<\/p>\n<p>No obstante, de los j\u00f3venes que afirman haber sufrido ciberacoso en Espa\u00f1a, un 71% de ellos han compartido con sus padres el problema, frente al 57% de media del conjunto de los encuestados, siendo el porcentaje m\u00e1s alto de todos los pa\u00edses. La principal raz\u00f3n de los j\u00f3venes para no informar a los padres es la preocupaci\u00f3n por lo que podr\u00edan hacer sus progenitores (60%), el miedo a que \u00e9stos se involucren (50%), la dificultad para admitir que sufren ciberacoso (40%) y falta de confianza en los padres (40%).<\/p>\n<p>Los tipos de ciberacoso que han sufrido los j\u00f3venes espa\u00f1oles encuestados son de diferentes tipolog\u00edas. La excusa m\u00e1s com\u00fan que utilizan sus agresores es la apariencia o el aspecto f\u00edsica (38%), seguido del sexismo (27%), homofobia (21%), racismo (19%), clasismo (14%), discriminaci\u00f3n religiosa (10%) y por razones de edad (10%).<\/p>\n<h4>Reacciones diversas<\/h4>\n<p>A escala global, el estudio revela que de los aproximadamente uno de cada cinco j\u00f3venes que ha sufrido ciberacoso, el 41% se sinti\u00f3 deprimido o falto de ayuda; el 26% se sinti\u00f3 \u201ccompletamente solo\u201d; el 18% lleg\u00f3 a tener pensamientos suicidas; el 21% dej\u00f3 de ir a la escuela, y el 25% cerr\u00f3 sus perfiles de redes sociales. En Espa\u00f1a, la reacci\u00f3n m\u00e1s com\u00fan, en el 42% de los casos, es la de evitar actividades sociales (deportes, salir con amigos, etc\u00e9tera), aunque un 18% deja de ir a la escuela o cierra sus redes sociales. El porcentaje de los que desarrollan sentimientos suicidas baja al 8%.<\/p>\n<p>En caso de observar que alguien ha sufrido ciberacoso y haber actuado, un 66% de los j\u00f3venes espa\u00f1oles reacciona manifestando su apoyo a la persona ciberacosada; un 44% lo pone en conocimiento de un adulto de confianza y el 15% pide al acosador que pare en su acci\u00f3n.<\/p>\n<p>PUBLICADO EN :<a href=\"http:\/\/tecnologia.elpais.com\/tecnologia\/2015\/09\/22\/actualidad\/1442940249_520165.html\"> http:\/\/tecnologia.elpais.com\/tecnologia\/2015\/09\/22\/actualidad\/1442940249_520165.html<\/a><\/p>\n<\/div>\n","protected":false},"excerpt":{"rendered":"<p>Espa\u00f1a es uno de los pa\u00edses desarrollados con menor tasa de ciberacoso entre los menores&#8230;<\/p>\n","protected":false},"author":1,"featured_media":0,"comment_status":"closed","ping_status":"closed","sticky":false,"template":"","format":"standard","meta":{"_coblocks_attr":"","_coblocks_dimensions":"","_coblocks_responsive_height":"","_coblocks_accordion_ie_support":"","jetpack_post_was_ever_published":false,"_jetpack_newsletter_access":"","_jetpack_dont_email_post_to_subs":false,"_jetpack_newsletter_tier_id":0,"_jetpack_memberships_contains_paywalled_content":false,"_jetpack_memberships_contains_paid_content":false,"footnotes":"","jetpack_publicize_message":"","jetpack_publicize_feature_enabled":true,"jetpack_social_post_already_shared":false,"jetpack_social_options":{"image_generator_settings":{"template":"highway","default_image_id":0,"enabled":false},"version":2}},"categories":[9,15],"tags":[1313,668],"class_list":["post-3635","post","type-post","status-publish","format-standard","hentry","category-medio-ambiente","category-ultimas-noticias","tag-ciberacoso","tag-homofobia"],"jetpack_publicize_connections":[],"jetpack_featured_media_url":"","jetpack_likes_enabled":true,"jetpack_sharing_enabled":true,"_links":{"self":[{"href":"https:\/\/miradordeatarfe.es\/index.php?rest_route=\/wp\/v2\/posts\/3635","targetHints":{"allow":["GET"]}}],"collection":[{"href":"https:\/\/miradordeatarfe.es\/index.php?rest_route=\/wp\/v2\/posts"}],"about":[{"href":"https:\/\/miradordeatarfe.es\/index.php?rest_route=\/wp\/v2\/types\/post"}],"author":[{"embeddable":true,"href":"https:\/\/miradordeatarfe.es\/index.php?rest_route=\/wp\/v2\/users\/1"}],"replies":[{"embeddable":true,"href":"https:\/\/miradordeatarfe.es\/index.php?rest_route=%2Fwp%2Fv2%2Fcomments&post=3635"}],"version-history":[{"count":1,"href":"https:\/\/miradordeatarfe.es\/index.php?rest_route=\/wp\/v2\/posts\/3635\/revisions"}],"predecessor-version":[{"id":3636,"href":"https:\/\/miradordeatarfe.es\/index.php?rest_route=\/wp\/v2\/posts\/3635\/revisions\/3636"}],"wp:attachment":[{"href":"https:\/\/miradordeatarfe.es\/index.php?rest_route=%2Fwp%2Fv2%2Fmedia&parent=3635"}],"wp:term":[{"taxonomy":"category","embeddable":true,"href":"https:\/\/miradordeatarfe.es\/index.php?rest_route=%2Fwp%2Fv2%2Fcategories&post=3635"},{"taxonomy":"post_tag","embeddable":true,"href":"https:\/\/miradordeatarfe.es\/index.php?rest_route=%2Fwp%2Fv2%2Ftags&post=3635"}],"curies":[{"name":"wp","href":"https:\/\/api.w.org\/{rel}","templated":true}]}}