{"id":3637,"date":"2015-10-16T09:51:14","date_gmt":"2015-10-16T09:51:14","guid":{"rendered":"http:\/\/miradordeatarfe.es\/?p=3637"},"modified":"2015-09-25T09:54:08","modified_gmt":"2015-09-25T09:54:08","slug":"la-calvicie-va-a-tener-cura-en-cinco-anos-por-marta-g-aller","status":"publish","type":"post","link":"https:\/\/miradordeatarfe.es\/?p=3637","title":{"rendered":"\u00abLa calvicie va a tener cura en cinco a\u00f1os\u00bb por Marta G. Aller"},"content":{"rendered":"<p><strong>Jos\u00e9 Luis Cordeiro <\/strong>es un ingeniero venezolano de 53 a\u00f1os, gur\u00fa de las tecnolog\u00edas del futuro, que vive entre <strong>Tokio <\/strong>y <strong>Silicon Valley<\/strong> y que da clase en la <strong>Singularity University<\/strong>.<!--more--><\/p>\n<p>\u00ab<strong>En 20 a\u00f1os no habr\u00e1 ni parkinson ni alzheimer<\/strong>. La medicina del futuro no ser\u00e1 curativa, sino preventiva. Gracias a los avances en la biotecnolog\u00eda gen\u00e9tica se van a prevenir la mayor\u00eda de enfermedades. La primera secuencia del genoma, en 1995, cost\u00f3 1.000 millones de d\u00f3lares. En 2025 costar\u00e1 10 d\u00f3lares y se har\u00e1 en un minuto\u00bb. \u00ab<strong>La ciencia ficci\u00f3n de hoy es la ciencia de ma\u00f1ana<\/strong>. Pero si no se apuesta por la ciencia, el futuro no llega solo. Lo que est\u00e1 pasando en mi pa\u00eds, Venezuela, es el mejor ejemplo de que un pa\u00eds puede vivir una involuci\u00f3n\u00bb.<\/p>\n<p>\u00ab<strong>La tecnolog\u00eda rob\u00f3tica va a hacernos superhumanos<\/strong>. Las primeras en experimentarlo ser\u00e1n las personas con minusval\u00edas. Un ciego podr\u00e1 implantarse un ojo artificial de 100 megap\u00edxeles y ver mejor que con un ojo normal, que s\u00f3lo tiene 10. Los humanos tenemos muchas limitaciones, pero con la ciencia y la tecnolog\u00eda vamos a poner fin a ellas e incluso mejorar nuestras capacidades actuales\u00bb.<\/p>\n<p>\u00ab<strong>En el futuro no existir\u00e1 la basura<\/strong>, s\u00f3lo materia prima en el lugar equivocado. Nada sobrar\u00e1 ni faltar\u00e1, porque habr\u00e1 tecnolog\u00eda para reciclar todo\u00bb.\u00abTambi\u00e9n <strong>la calvicie va a tener cura en cinco a\u00f1os, m\u00e1ximo 10<\/strong>. Y no va a ser con champ\u00fas ni crecepelos, sino gracias a la investigaci\u00f3n en c\u00e9lulas madre. Hay investigadores que ya han logrado crear nuevas c\u00e9lulas capaces de recuperar el crecimiento del pelo en ratones y muy pronto ser\u00e1 posible en los humanos\u00bb.<\/p>\n<p>\u00ab<strong>En unos meses podr\u00edamos tener un mamut entre nosotros<\/strong>. Un grupo de investigadores ha logrado reconstruir su ADN y ha inseminado con \u00e9l a un elefante. El potencial de la clonaci\u00f3n no ha hecho m\u00e1s que empezar\u00bb.\u00ab<strong>Los robots van a ser nuestros grandes aliados y se encargar\u00e1n de los trabajos m\u00e1s mon\u00f3tonos<\/strong>. En Tokio ya hay un hotel que funciona sin personal humano y en 2020 ser\u00e1n all\u00ed los primeros Juegos Ol\u00edmpicos s\u00f3lo de robots\u00bb.<\/p>\n<p>\u00abNo hay que temer a la inteligencia artificial, sino a la estupidez humana. El internet de las cosas har\u00e1 que todos estemos conectados. <strong>En 2020, internet ser\u00e1 gratis en el mundo entero <\/strong>y seremos una especie de cerebro global\u00bb.<\/p>\n<p>\u00abEl cerebro es la estructura m\u00e1s compleja del universo. Los cient\u00edficos no han conseguido reproducirlo a\u00fan, pero <strong>en los pr\u00f3ximos 10 \u00f3 20 a\u00f1os seremos capaces de crear cerebros artificiales superiores en memoria y en velocidad<\/strong>. Podremos transmitir de uno a otro a trav\u00e9s de bluetooth\u00bb.<\/p>\n<p>\u00ab<strong>La vejez ser\u00e1 una enfermedad curable<\/strong>. Las mayores empresas de Silicon Valley se est\u00e1n volcando en investigar c\u00f3mo frenar el envejecimiento celular. Ya hay ratones que viven tres a\u00f1os, que equivale a 300 en humanos. Se ha triplicado su esperanza de vida en un laboratorio\u00bb.<\/p>\n<p>publicado en : <a href=\"http:\/\/www.elmundo.es\/papel\/futuro\/2015\/09\/22\/5601260d46163f74078b4577.html\">http:\/\/www.elmundo.es\/papel\/futuro\/2015\/09\/22\/5601260d46163f74078b4577.html<\/a><\/p>\n","protected":false},"excerpt":{"rendered":"<p>Jos\u00e9 Luis Cordeiro es un ingeniero venezolano de 53 a\u00f1os, gur\u00fa de las tecnolog\u00edas del&#8230;<\/p>\n","protected":false},"author":1,"featured_media":3638,"comment_status":"closed","ping_status":"closed","sticky":false,"template":"","format":"standard","meta":{"_coblocks_attr":"","_coblocks_dimensions":"","_coblocks_responsive_height":"","_coblocks_accordion_ie_support":"","jetpack_post_was_ever_published":false,"_jetpack_newsletter_access":"","_jetpack_dont_email_post_to_subs":false,"_jetpack_newsletter_tier_id":0,"_jetpack_memberships_contains_paywalled_content":false,"_jetpack_memberships_contains_paid_content":false,"footnotes":"","jetpack_publicize_message":"","jetpack_publicize_feature_enabled":true,"jetpack_social_post_already_shared":false,"jetpack_social_options":{"image_generator_settings":{"template":"highway","default_image_id":0,"enabled":false},"version":2}},"categories":[15,10],"tags":[1314,60,859,495],"class_list":["post-3637","post","type-post","status-publish","format-standard","has-post-thumbnail","hentry","category-ultimas-noticias","category-salud","tag-calvicie","tag-enfermedades","tag-robot","tag-vejez"],"jetpack_publicize_connections":[],"jetpack_featured_media_url":"https:\/\/i0.wp.com\/miradordeatarfe.es\/wp-content\/uploads\/2015\/09\/14429175598914.jpg?fit=990%2C557&ssl=1","jetpack_likes_enabled":true,"jetpack_sharing_enabled":true,"_links":{"self":[{"href":"https:\/\/miradordeatarfe.es\/index.php?rest_route=\/wp\/v2\/posts\/3637","targetHints":{"allow":["GET"]}}],"collection":[{"href":"https:\/\/miradordeatarfe.es\/index.php?rest_route=\/wp\/v2\/posts"}],"about":[{"href":"https:\/\/miradordeatarfe.es\/index.php?rest_route=\/wp\/v2\/types\/post"}],"author":[{"embeddable":true,"href":"https:\/\/miradordeatarfe.es\/index.php?rest_route=\/wp\/v2\/users\/1"}],"replies":[{"embeddable":true,"href":"https:\/\/miradordeatarfe.es\/index.php?rest_route=%2Fwp%2Fv2%2Fcomments&post=3637"}],"version-history":[{"count":1,"href":"https:\/\/miradordeatarfe.es\/index.php?rest_route=\/wp\/v2\/posts\/3637\/revisions"}],"predecessor-version":[{"id":3639,"href":"https:\/\/miradordeatarfe.es\/index.php?rest_route=\/wp\/v2\/posts\/3637\/revisions\/3639"}],"wp:featuredmedia":[{"embeddable":true,"href":"https:\/\/miradordeatarfe.es\/index.php?rest_route=\/wp\/v2\/media\/3638"}],"wp:attachment":[{"href":"https:\/\/miradordeatarfe.es\/index.php?rest_route=%2Fwp%2Fv2%2Fmedia&parent=3637"}],"wp:term":[{"taxonomy":"category","embeddable":true,"href":"https:\/\/miradordeatarfe.es\/index.php?rest_route=%2Fwp%2Fv2%2Fcategories&post=3637"},{"taxonomy":"post_tag","embeddable":true,"href":"https:\/\/miradordeatarfe.es\/index.php?rest_route=%2Fwp%2Fv2%2Ftags&post=3637"}],"curies":[{"name":"wp","href":"https:\/\/api.w.org\/{rel}","templated":true}]}}